{"id":11155,"date":"2026-03-01T00:00:00","date_gmt":"2026-02-28T21:00:00","guid":{"rendered":"https:\/\/www.ucicmimarlik.com\/?p=11155"},"modified":"2026-02-28T12:27:32","modified_gmt":"2026-02-28T09:27:32","slug":"ic-mimarlik-ofisleri-cevizli","status":"publish","type":"post","link":"https:\/\/www.ucicmimarlik.com\/en\/ic-mimarlik-ofisleri-cevizli\/","title":{"rendered":"\u0130\u00e7 Mimarl\u0131k Ofisleri Cevizli"},"content":{"rendered":"<p>Cevizli, g\u00fcn\u00fcm\u00fcz\u00fcn en g\u00f6zde ya\u015fam alanlar\u0131ndan biri haline gelirken, i\u00e7 mimarl\u0131k ofisleri de bu b\u00f6lgedeki ev ve i\u015f yerlerinin estetik ve fonksiyonel d\u00f6n\u00fc\u015f\u00fcm\u00fcnde \u00f6nemli bir rol \u00fcstleniyor. Bu blog yaz\u0131s\u0131nda, Cevizli&#8217;deki i\u00e7 mimarl\u0131k ofislerini ve sunduklar\u0131 yenilik\u00e7i tasar\u0131mlar\u0131 ke\u015ffedece\u011fiz. Ayn\u0131 zamanda, <strong>\u0130\u00e7 Mimarl\u0131k Ofisleri Yakac\u0131k<\/strong> ile bu ofislerin proje \u00f6rnekleri ve referanslar\u0131n\u0131 inceleyecek, iki b\u00f6lge aras\u0131ndaki farkl\u0131l\u0131klar\u0131 ve i\u00e7 mekanlar\u0131 geli\u015ftirme stratejilerini ele alaca\u011f\u0131z. Cevizli\u2019deki i\u00e7 mimarl\u0131k ofislerinin sundu\u011fu olanaklar\u0131 ve Yakac\u0131k\u2019taki uygulamalarla nas\u0131l bir sinerji olu\u015fturdu\u011funu anlamak, ya\u015fam alanlar\u0131n\u0131z\u0131 daha \u00e7a\u011fda\u015f ve i\u015flevsel hale getirmek i\u00e7in size ilham verecektir.<\/p><h2 class=\"wp-block-heading\">Cevizli&#8217;deki \u0130\u00e7 Mimarl\u0131k Ofisleri ve Yenilik\u00e7i Tasar\u0131mlar<\/h2><p>Cevizli, son y\u0131llarda i\u00e7 mimarl\u0131k alan\u0131nda \u00f6nemli bir geli\u015fim g\u00f6stermi\u015ftir. Bu b\u00f6lgede bulunan i\u00e7 mimarl\u0131k ofisleri, modern tasar\u0131m anlay\u0131\u015flar\u0131yla yenilik\u00e7i projeler sunarak mekanlara estetik ve i\u015flevsellik katmaktad\u0131r. <strong>\u0130\u00e7 Mimarl\u0131k Ofisleri Yakac\u0131k<\/strong> gibi profesyonel ekiplerle \u00e7al\u0131\u015fan bu ofisler, \u00f6zg\u00fcn ve \u00e7e\u015fitli tasar\u0131m yakla\u015f\u0131mlar\u0131 benimsemekte, bu sayede her projeyi e\u015fsiz k\u0131lmaktad\u0131r.<\/p><p>Cevizli&#8217;deki i\u00e7 mimarl\u0131k ofislerinin sundu\u011fu hizmetler aras\u0131nda:<\/p><ul><li><strong>Dan\u0131\u015fmanl\u0131k<\/strong>: M\u00fc\u015fterilerin ihtiya\u00e7 ve beklentilerini anlayarak, onlara \u00f6zel \u00e7\u00f6z\u00fcmler geli\u015ftirmek.<\/li><li><strong>Proje Tasar\u0131m\u0131<\/strong>: \u0130\u00e7 mekanlar\u0131n detayl\u0131 planlamas\u0131 ve estetik anlay\u0131\u015fa uygun dizayn edilmesi.<\/li><li><strong>Uygulama<\/strong>: Tasarlanan projelerin hayata ge\u00e7irilmesi ve mekanlar\u0131n yeni g\u00f6r\u00fcn\u00fcm\u00fcne kavu\u015fmas\u0131.<\/li><\/ul><h3 class=\"wp-block-heading\">Yenilik\u00e7i Tasar\u0131m \u00d6\u011feleri<\/h3><p>Bu ofisler, tamamen ki\u015fiye \u00f6zel tasar\u0131m sunarken, ayn\u0131 zamanda g\u00fcncel trendleri de g\u00f6z \u00f6n\u00fcnde bulundururlar. \u0130\u015fte dikkat \u00e7eken yenilik\u00e7i tasar\u0131m \u00f6\u011feleri:<\/p><figure class=\"wp-block-table\"><table><thead><tr><th>Tasar\u0131m \u00d6\u011fesi<\/th><th>A\u00e7\u0131klama<\/th><\/tr><\/thead><tbody><tr><td><strong>Akustik Paneller<\/strong><\/td><td>Ses yal\u0131t\u0131m\u0131n\u0131 art\u0131rarak, mekan i\u00e7indeki sesi dengelemek i\u00e7in kullan\u0131l\u0131r.<\/td><\/tr><tr><td><strong>Ak\u0131ll\u0131 Ev Sistemleri<\/strong><\/td><td>Enerji tasarrufunu sa\u011flamak ve konforu art\u0131rmak i\u00e7in entegre edilmi\u015ftir.<\/td><\/tr><tr><td><strong>Do\u011fal Malzemeler<\/strong><\/td><td>S\u00fcrd\u00fcr\u00fclebilir tasar\u0131m anlay\u0131\u015f\u0131na uygun, \u00e7evre dostu malzemeler tercih edilir.<\/td><\/tr><tr><td><strong>Esnek Mekan D\u00fczenlemeleri<\/strong><\/td><td>Farkl\u0131 kullan\u0131m ama\u00e7lar\u0131na uygun, dinamik i\u00e7 mekan \u00e7\u00f6z\u00fcmleri sunar.<\/td><\/tr><\/tbody><\/table><\/figure><p>Cevizli&#8217;deki i\u00e7 mimarl\u0131k ofisleri, sadece estetik a\u00e7\u0131dan de\u011fil, ayn\u0131 zamanda fonksiyonel a\u00e7\u0131dan da g\u00f6z al\u0131c\u0131 tasar\u0131mlar \u00fcretmektedir. Geli\u015fen teknoloji ve de\u011fi\u015fen ya\u015fam alanlar\u0131 ile uyumlu projeler olu\u015fturarak, bu b\u00f6lgede ya\u015fayanlar\u0131n ya\u015fam kalitesini art\u0131rmay\u0131 hedeflemektedir. <strong>\u0130\u00e7 Mimarl\u0131k Ofisleri Yakac\u0131k<\/strong> gibi ba\u011flant\u0131lar\u0131 kullanarak, Cevizli&#8217;deki projelerin daha da zenginle\u015fmesi sa\u011flanmaktad\u0131r. B\u00f6ylece farkl\u0131 konseptler, yenilik\u00e7i malzemeler ve \u00f6zg\u00fcn tasar\u0131m anlay\u0131\u015flar\u0131 bir araya gelerek, \u00e7e\u015fitli projeleri hayata ge\u00e7irmektedir.<\/p><h2 class=\"wp-block-heading\">\u0130\u00e7 Mimarl\u0131k Ofisleri Yakac\u0131k: Proje \u00d6rnekleri ve Referanslar<\/h2><p><strong>\u0130\u00e7 Mimarl\u0131k Ofisleri Yakac\u0131k<\/strong>, b\u00f6lgedeki modern ya\u015fam alanlar\u0131n\u0131n tasar\u0131m\u0131nda b\u00fcy\u00fck rol oynarken, sunduklar\u0131 yenilik\u00e7i projelerle dikkat \u00e7ekmektedir. Bu ofisler, estetik ve i\u015flevselli\u011fi bir araya getirerek, m\u00fc\u015fterilerinin hayal etti\u011fi mekanlar\u0131 ger\u00e7e\u011fe d\u00f6n\u00fc\u015ft\u00fcrmektedir. Yakac\u0131k&#8217;taki i\u00e7 mimarl\u0131k ofislerinin sundu\u011fu \u00e7e\u015fitli projeler, konutlardan ticari alanlara kadar geni\u015f bir yelpazeye yay\u0131lmaktad\u0131r.<\/p><p><strong>Proje \u00d6rnekleri:<\/strong><\/p><figure class=\"wp-block-table\"><table><thead><tr><th>Proje Ad\u0131<\/th><th>T\u00fcr<\/th><th>\u00d6zellikler<\/th><\/tr><\/thead><tbody><tr><td>Modern Ya\u015fam Evi<\/td><td>Konut<\/td><td>A\u00e7\u0131k plan tasar\u0131m, do\u011fal \u0131\u015f\u0131k kullan\u0131m\u0131, minimalist stil<\/td><\/tr><tr><td>Ofis Tasar\u0131m\u0131<\/td><td>Ticari Alan<\/td><td>Ergonomik \u00e7al\u0131\u015fma alanlar\u0131, ye\u015fil ofis konsepti<\/td><\/tr><tr><td>Restoran Tasar\u0131m\u0131<\/td><td>Yeme \u0130\u00e7me Alan\u0131<\/td><td>Tematik i\u00e7 mekan, etkileyici ambiyans yarat\u0131m\u0131<\/td><\/tr><tr><td>Toptan Ma\u011faza<\/td><td>Perakende<\/td><td>\u00dcr\u00fcn sergileme odakl\u0131 tasar\u0131m, m\u00fc\u015fteri ak\u0131\u015f\u0131n\u0131 optimize eden yap\u0131<\/td><\/tr><\/tbody><\/table><\/figure><p><strong>Referanslar<\/strong> aras\u0131nda, farkl\u0131 sekt\u00f6rlerden gelen bir\u00e7ok m\u00fc\u015fteri bulunmaktad\u0131r. \u00d6zellikle, restoran ve ofis projeleri, kullan\u0131c\u0131 ihtiya\u00e7lar\u0131na g\u00f6re \u00f6zelle\u015ftirilmi\u015f detaylarla zenginle\u015ftirilmi\u015ftir. Tasar\u0131m s\u00fcrecinde, m\u00fc\u015fterilerin vizyonlar\u0131n\u0131 dinlemeye \u00f6zen g\u00f6sterilmektedir. Bu yakla\u015f\u0131m, her projede benzersiz ve \u00f6zg\u00fcn i\u00e7 mekanlar yarat\u0131lmas\u0131na olanak tan\u0131maktad\u0131r.<\/p><p>Bunlar\u0131n yan\u0131nda, <strong>\u0130\u00e7 Mimarl\u0131k Ofisleri Yakac\u0131k<\/strong>, \u00e7evre dostu malzeme kullan\u0131m\u0131 ve s\u00fcrd\u00fcr\u00fclebilir tasar\u0131m anlay\u0131\u015f\u0131na da \u00f6nem vermektedir. Bu, hem estetik a\u00e7\u0131dan hem de \u00e7evresel etkiler a\u00e7\u0131s\u0131ndan olumlu sonu\u00e7lar do\u011furacak \u015fekilde projelere entegre edilmektedir.<\/p><p>Sonu\u00e7 olarak, Yakac\u0131k b\u00f6lgesindeki i\u00e7 mimarl\u0131k ofisleri, projelerinin \u00e7e\u015fitlili\u011fi ve kaliteli referanslar\u0131 ile alanda farkl\u0131 bir konumda yer almaktad\u0131r. Her bir proje, kendi within i\u00e7indeki estetik anlay\u0131\u015f ve fonksiyonelli\u011fiyle tam anlam\u0131yla birer sanat eseri niteli\u011findedir.<\/p><h2 class=\"wp-block-heading\">Cevizli ve Yakac\u0131k&#8217;taki \u0130\u00e7 Mimarl\u0131k Ofisleri Aras\u0131ndaki Farklar<\/h2><p>Cevizli ve Yakac\u0131k, \u0130stanbul&#8217;un iki farkl\u0131 b\u00f6lgesinde yer alan, i\u00e7 mimarl\u0131k ofislerine ev sahipli\u011fi yapan \u00f6nemli yerle\u015fim alanlar\u0131d\u0131r. Her iki b\u00f6lgedeki i\u00e7 mimarl\u0131k ofisleri, sundu\u011fu hizmetler ve tasar\u0131m felsefeleri a\u00e7\u0131s\u0131ndan \u00e7e\u015fitli farkl\u0131l\u0131klar g\u00f6stermektedir. Bu yaz\u0131da, <strong>\u0130\u00e7 Mimarl\u0131k Ofisleri Yakac\u0131k<\/strong> ile Cevizli&#8217;deki ofislerin aras\u0131ndaki temel farklar\u0131 detayl\u0131 bir bi\u00e7imde inceleyece\u011fiz.<\/p><p>\u0130lk olarak, <strong>Cevizli<\/strong>&#8216;deki i\u00e7 mimarl\u0131k ofisleri, genellikle modern ve minimalist tasar\u0131m anlay\u0131\u015f\u0131n\u0131 benimsemekte, a\u00e7\u0131k ve ferah ya\u015fam alanlar\u0131 olu\u015fturmay\u0131 hedeflemektedir. Bu ofisler, do\u011fal malzemeler kullanarak \u00e7evre ile uyumlu i\u00e7 mekanlar yarat\u0131rken, m\u00fc\u015fterilerin ki\u015fisel zevklerine de \u00f6zen g\u00f6stermektedir. Tasar\u0131mlar\u0131nda do\u011fa temal\u0131 unsurlar, \u0131\u015f\u0131k kullan\u0131m\u0131 ve geni\u015f alanlar \u00f6n plandad\u0131r. A\u015fa\u011f\u0131da yer alan tablo, Cevizli ile Yakac\u0131k&#8217;taki i\u00e7 mimarl\u0131k ofislerinin tasar\u0131m stillerinin baz\u0131 farkl\u0131l\u0131klar\u0131n\u0131 \u00f6zetlemektedir:<\/p><figure class=\"wp-block-table\"><table><thead><tr><th>\u00d6zellik<\/th><th>Cevizli \u0130\u00e7 Mimarl\u0131k Ofisleri<\/th><th>Yakac\u0131k \u0130\u00e7 Mimarl\u0131k Ofisleri<\/th><\/tr><\/thead><tbody><tr><td>Tasar\u0131m Yakla\u015f\u0131m\u0131<\/td><td>Minimalist ve modern<\/td><td>Ekletici ve geleneksel<\/td><\/tr><tr><td>Kulland\u0131\u011f\u0131 Malzemeler<\/td><td>Do\u011fal ve s\u00fcrd\u00fcr\u00fclebilir malzemeler<\/td><td>\u00c7e\u015fitli malzeme kar\u0131\u015f\u0131mlar\u0131<\/td><\/tr><tr><td>Mekan D\u00fczenlemeleri<\/td><td>A\u00e7\u0131k ve ferah alanlar<\/td><td>Fonksiyonel ve \u015f\u0131k yerle\u015fimler<\/td><\/tr><tr><td>Hedef Kitle<\/td><td>Gen\u00e7 ve \u00e7evreci bireyler<\/td><td>Aileler ve b\u00fct\u00e7eye duyarl\u0131 ki\u015filer<\/td><\/tr><tr><td>Proje \u00c7e\u015fitlili\u011fi<\/td><td>Konut ve k\u00fc\u00e7\u00fck ticari projeler<\/td><td>B\u00fcy\u00fck \u00f6l\u00e7ekli ticari ve konut projeleri<\/td><\/tr><\/tbody><\/table><\/figure><p>Di\u011fer taraftan, <strong>Yakac\u0131k<\/strong>\u2019taki i\u00e7 mimarl\u0131k ofisleri ise daha geleneksel tasar\u0131m unsurlar\u0131na odaklanmaktad\u0131r. Bu ofisler, estetik olmas\u0131n\u0131n yan\u0131 s\u0131ra i\u015flevselli\u011fi de \u00f6n plana \u00e7\u0131kararak, kullan\u0131c\u0131 dostu ve pratik mekanlar tasarlamaktad\u0131r. Genellikle b\u00fcy\u00fck \u00f6l\u00e7ekli konut projeleri ve ticari alanlarda faaliyet g\u00f6steren bu ofisler, geni\u015f aile yap\u0131s\u0131n\u0131n ihtiya\u00e7lar\u0131na y\u00f6nelik \u00e7\u00f6z\u00fcmler sunar.<\/p><p>Sonu\u00e7 olarak, Cevizli ve Yakac\u0131k\u2019taki i\u00e7 mimarl\u0131k ofisleri aras\u0131nda \u00f6nemli farkl\u0131l\u0131klar bulunmaktad\u0131r. Cevizli, modern ve \u00e7evreci bir yakla\u015f\u0131m sergilerken, Yakac\u0131k ise daha geleneksel ve i\u015flevsel tasar\u0131mlar sunmaktad\u0131r. Bu farkl\u0131l\u0131klar, her iki b\u00f6lgedeki ya\u015fam alanlar\u0131n\u0131n karakterini de etkileyen \u00f6nemli bir unsurdur. M\u00fc\u015fteriler, ihtiya\u00e7lar\u0131na ve tercihlerine g\u00f6re bu farkl\u0131l\u0131klar\u0131 g\u00f6z \u00f6n\u00fcnde bulundurarak, en uygun i\u00e7 mimarl\u0131k ofisini se\u00e7ebilirler.<\/p><h2 class=\"wp-block-heading\">\u0130\u00e7 Mimarl\u0131k Ofisleri Yakac\u0131k ile Cevizli&#8217;de Ya\u015fam Alanlar\u0131n\u0131 Geli\u015ftirme Stratejileri<\/h2><p>Ya\u015fam alanlar\u0131n\u0131n fonksiyonel ve estetik bir \u015fekilde organize edilmesi, modern i\u00e7 mimarl\u0131k \u00e7al\u0131\u015fmalar\u0131n\u0131n temel hedefleri aras\u0131nda yer al\u0131r. <strong>\u0130\u00e7 Mimarl\u0131k Ofisleri Yakac\u0131k<\/strong>, bu konuda sundu\u011fu yenilik\u00e7i \u00e7\u00f6z\u00fcmlerle dikkat \u00e7ekerken, Cevizli&#8217;deki i\u00e7 mimarl\u0131k uygulamalar\u0131yla da benzer bir anlay\u0131\u015f\u0131 benimsemektedir. Her iki b\u00f6lgedeki i\u00e7 mimarl\u0131k ofisleri, ya\u015fam alanlar\u0131n\u0131 geli\u015ftirme stratejilerini a\u015fa\u011f\u0131daki ba\u015fl\u0131klar alt\u0131nda detayland\u0131rmaktad\u0131r:<\/p><ul><li><strong>Kullan\u0131c\u0131 \u0130htiya\u00e7lar\u0131n\u0131n Analizi<\/strong>:<ul><li>Ya\u015fam alan\u0131n\u0131 tasarlarken, kullan\u0131c\u0131lar\u0131n ihtiya\u00e7lar\u0131n\u0131 ve beklentilerini \u00f6n plana \u00e7\u0131karan bir analiz s\u00fcreci y\u00fcr\u00fct\u00fclmelidir.<\/li><li>Ofisler, mekan\u0131n kullan\u0131c\u0131lar\u0131yla birebir g\u00f6r\u00fc\u015fmeler yaparak, beklentileri detayl\u0131 bir \u015fekilde anlamaya \u00e7al\u0131\u015f\u0131r.<\/li><\/ul><\/li><li><strong>Fonksiyonel Tasar\u0131m<\/strong>:<ul><li>\u00d6ne \u00e7\u0131kan tasar\u0131m yakla\u015f\u0131m\u0131, her mekan\u0131n i\u015flevini en iyi \u015fekilde sunan d\u00fczenlemeler yapmakt\u0131r.<\/li><li>\u00d6zellikle k\u00fc\u00e7\u00fck alanlarda, ak\u0131ll\u0131 depolama \u00e7\u00f6z\u00fcmleri ve \u00e7ok fonksiyonlu mobilyalar tercih edilir.<\/li><\/ul><\/li><li><strong>Estetik Anlay\u0131\u015f<\/strong>:<ul><li>G\u00f6rsel esteti\u011fi art\u0131rmak i\u00e7in renk paletleri, doku se\u00e7imleri ve ayd\u0131nlatma gibi unsurlar \u00f6zenle se\u00e7ilir.<\/li><li>Tasar\u0131mlar, mekan\u0131nda karakterini ve ruhunu yans\u0131tacak unsurlar i\u00e7erir.<\/li><\/ul><\/li><li><strong>S\u00fcrd\u00fcr\u00fclebilirlik<\/strong>:<ul><li>Hem Yakac\u0131k hem de Cevizli&#8217;deki ofisler, \u00e7evre dostu malzemelerin kullan\u0131m\u0131na \u00f6nem verir.<\/li><li>Enerji verimlili\u011fi sa\u011flayan yap\u0131lar tasarlamak, bu stratejinin \u00f6nemli bir par\u00e7as\u0131d\u0131r.<\/li><\/ul><\/li><li><strong>Teknolojik Entegrasyon<\/strong>:<ul><li>Ak\u0131ll\u0131 ev sistemleri ve otomasyon \u00e7\u00f6z\u00fcmleri, ya\u015fam alanlar\u0131n\u0131n modernle\u015fmesine katk\u0131 sa\u011flar.<\/li><li>Kullan\u0131c\u0131lar\u0131n g\u00fcnl\u00fck ya\u015fam\u0131n\u0131 kolayla\u015ft\u0131racak teknolojikler, i\u00e7 mekan tasar\u0131m\u0131yla entegre edilir.<\/li><\/ul><\/li><\/ul><p>Bu stratejiler, <strong>\u0130\u00e7 Mimarl\u0131k Ofisleri Yakac\u0131k<\/strong> ve Cevizli\u2019de sadece i\u015flevselli\u011fi de\u011fil, ayn\u0131 zamanda esteti\u011fi de \u00f6n planda tutmay\u0131 hedefler. Kullan\u0131c\u0131 odakl\u0131 bir yakla\u015f\u0131m benimseyen bu ofisler, projelerinde her zaman yenilik\u00e7i ve s\u00fcrd\u00fcr\u00fclebilir \u00e7\u00f6z\u00fcmler sunmaya \u00e7al\u0131\u015fmaktad\u0131r.<\/p><h2 class=\"wp-block-heading\">S\u0131k\u00e7a Sorulan Sorular<\/h2><h3 class=\"wp-block-heading\">Cevizli i\u00e7 mimarl\u0131k ofisleri hangi hizmetleri sunmaktad\u0131r?<\/h3><p>Cevizli\u2019deki i\u00e7 mimarl\u0131k ofisleri, mekan tasar\u0131m\u0131, i\u00e7 dekorasyon, proje y\u00f6netimi ve dan\u0131\u015fmanl\u0131k gibi \u00e7e\u015fitli hizmetler sunmaktad\u0131r. Bu ofisler, m\u00fc\u015fteri ihtiya\u00e7lar\u0131na g\u00f6re \u00f6zelle\u015ftirilmi\u015f i\u00e7 mekan \u00e7\u00f6z\u00fcmleri geli\u015ftirmekte ve estetik ile i\u015flevselli\u011fi bir araya getirmektedir. Ayr\u0131ca, malzeme se\u00e7imi, renk paleti olu\u015fturma ve alan\u0131n en verimli \u015fekilde kullan\u0131lmas\u0131 konular\u0131nda profesyonel destek sa\u011flamaktad\u0131rlar.<\/p><h3 class=\"wp-block-heading\">Cevizli&#8217;deki i\u00e7 mimarl\u0131k ofislerini nas\u0131l bulabilirim?<\/h3><p>Cevizli&#8217;deki i\u00e7 mimarl\u0131k ofislerini bulmak i\u00e7in internet \u00fczerinde ara yapabilir, yerel rehberlik hizmetlerinden yararlanabilir veya sosyal medya platformlar\u0131nda b\u00f6lgedeki tasar\u0131mc\u0131lar\u0131 takip edebilirsiniz. Ayr\u0131ca, arkada\u015f ve aile tavsiyeleri de olduk\u00e7a faydal\u0131 olabilir. Yerel dekorasyon ma\u011fazalar\u0131 veya in\u015faat firmalar\u0131yla ileti\u015fime ge\u00e7erek referanslar alman\u0131z da m\u00fcmk\u00fcnd\u00fcr.<\/p><h3 class=\"wp-block-heading\">\u0130\u00e7 mimarl\u0131k ofisleri ile \u00e7al\u0131\u015fman\u0131n avantajlar\u0131 nelerdir?<\/h3><p>\u0130\u00e7 mimarl\u0131k ofisleri ile \u00e7al\u0131\u015fman\u0131n bir\u00e7ok avantaj\u0131 bulunmaktad\u0131r. \u00d6ncelikle, profesyonel bir bak\u0131\u015f a\u00e7\u0131s\u0131yla mekan\u0131n\u0131z\u0131n esteti\u011fini ve i\u015flevselli\u011fini en \u00fcst d\u00fczeye \u00e7\u0131karabilirler. Deneyimli i\u00e7 mimarlar, g\u00fcncel trendler ve malzeme bilgisi sayesinde estetik ve fonksiyonel bir tasar\u0131m sunar. Ayr\u0131ca, projenin her a\u015famas\u0131nda rehberlik ederler, bu da karar alma s\u00fcrecini kolayla\u015ft\u0131r\u0131r ve zaman tasarrufu sa\u011flar.<\/p><script type=\"application\/ld+json\">{\"@context\":\"https:\/\/schema.org\",\"@type\":\"FAQPage\",\"mainEntity\":[{\"@type\":\"Question\",\"name\":\"Cevizli i\u00e7 mimarl\u0131k ofisleri hangi hizmetleri sunmaktad\u0131r?\",\"acceptedAnswer\":{\"@type\":\"Answer\",\"text\":\"Cevizli\u2019deki i\u00e7 mimarl\u0131k ofisleri, mekan tasar\u0131m\u0131, i\u00e7 dekorasyon, proje y\u00f6netimi ve dan\u0131\u015fmanl\u0131k gibi \u00e7e\u015fitli hizmetler sunmaktad\u0131r. Bu ofisler, m\u00fc\u015fteri ihtiya\u00e7lar\u0131na g\u00f6re \u00f6zelle\u015ftirilmi\u015f i\u00e7 mekan \u00e7\u00f6z\u00fcmleri geli\u015ftirmekte ve estetik ile i\u015flevselli\u011fi bir araya getirmektedir. Ayr\u0131ca, malzeme se\u00e7imi, renk paleti olu\u015fturma ve alan\u0131n en verimli \u015fekilde kullan\u0131lmas\u0131 konular\u0131nda profesyonel destek sa\u011flamaktad\u0131rlar.\"}},{\"@type\":\"Question\",\"name\":\"Cevizli'deki i\u00e7 mimarl\u0131k ofislerini nas\u0131l bulabilirim?\",\"acceptedAnswer\":{\"@type\":\"Answer\",\"text\":\"Cevizli'deki i\u00e7 mimarl\u0131k ofislerini bulmak i\u00e7in internet \u00fczerinde ara yapabilir, yerel rehberlik hizmetlerinden yararlanabilir veya sosyal medya platformlar\u0131nda b\u00f6lgedeki tasar\u0131mc\u0131lar\u0131 takip edebilirsiniz. Ayr\u0131ca, arkada\u015f ve aile tavsiyeleri de olduk\u00e7a faydal\u0131 olabilir. Yerel dekorasyon ma\u011fazalar\u0131 veya in\u015faat firmalar\u0131yla ileti\u015fime ge\u00e7erek referanslar alman\u0131z da m\u00fcmk\u00fcnd\u00fcr.\"}},{\"@type\":\"Question\",\"name\":\"\u0130\u00e7 mimarl\u0131k ofisleri ile \u00e7al\u0131\u015fman\u0131n avantajlar\u0131 nelerdir?\",\"acceptedAnswer\":{\"@type\":\"Answer\",\"text\":\"\u0130\u00e7 mimarl\u0131k ofisleri ile \u00e7al\u0131\u015fman\u0131n bir\u00e7ok avantaj\u0131 bulunmaktad\u0131r. \u00d6ncelikle, profesyonel bir bak\u0131\u015f a\u00e7\u0131s\u0131yla mekan\u0131n\u0131z\u0131n esteti\u011fini ve i\u015flevselli\u011fini en \u00fcst d\u00fczeye \u00e7\u0131karabilirler. Deneyimli i\u00e7 mimarlar, g\u00fcncel trendler ve malzeme bilgisi sayesinde estetik ve fonksiyonel bir tasar\u0131m sunar. Ayr\u0131ca, projenin her a\u015famas\u0131nda rehberlik ederler, bu da karar alma s\u00fcrecini kolayla\u015ft\u0131r\u0131r ve zaman tasarrufu sa\u011flar.\"}}]}<\/script>","protected":false},"excerpt":{"rendered":"<p>Cevizli, g\u00fcn\u00fcm\u00fcz\u00fcn en g\u00f6zde ya\u015fam alanlar\u0131ndan biri haline gelirken, i\u00e7 mimarl\u0131k ofisleri de bu b\u00f6lgedeki ev ve i\u015f yerlerinin estetik<\/p>\n","protected":false},"author":5,"featured_media":0,"comment_status":"closed","ping_status":"","sticky":false,"template":"","format":"standard","meta":[],"categories":[1],"tags":[],"aioseo_notices":[],"_links":{"self":[{"href":"https:\/\/www.ucicmimarlik.com\/en\/wp-json\/wp\/v2\/posts\/11155"}],"collection":[{"href":"https:\/\/www.ucicmimarlik.com\/en\/wp-json\/wp\/v2\/posts"}],"about":[{"href":"https:\/\/www.ucicmimarlik.com\/en\/wp-json\/wp\/v2\/types\/post"}],"author":[{"embeddable":true,"href":"https:\/\/www.ucicmimarlik.com\/en\/wp-json\/wp\/v2\/users\/5"}],"replies":[{"embeddable":true,"href":"https:\/\/www.ucicmimarlik.com\/en\/wp-json\/wp\/v2\/comments?post=11155"}],"version-history":[{"count":1,"href":"https:\/\/www.ucicmimarlik.com\/en\/wp-json\/wp\/v2\/posts\/11155\/revisions"}],"predecessor-version":[{"id":11309,"href":"https:\/\/www.ucicmimarlik.com\/en\/wp-json\/wp\/v2\/posts\/11155\/revisions\/11309"}],"wp:attachment":[{"href":"https:\/\/www.ucicmimarlik.com\/en\/wp-json\/wp\/v2\/media?parent=11155"}],"wp:term":[{"taxonomy":"category","embeddable":true,"href":"https:\/\/www.ucicmimarlik.com\/en\/wp-json\/wp\/v2\/categories?post=11155"},{"taxonomy":"post_tag","embeddable":true,"href":"https:\/\/www.ucicmimarlik.com\/en\/wp-json\/wp\/v2\/tags?post=11155"}],"curies":[{"name":"wp","href":"https:\/\/api.w.org\/{rel}","templated":true}]}}