{"id":11152,"date":"2026-02-28T08:00:00","date_gmt":"2026-02-28T05:00:00","guid":{"rendered":"https:\/\/www.ucicmimarlik.com\/?p=11152"},"modified":"2026-02-28T12:27:32","modified_gmt":"2026-02-28T09:27:32","slug":"ic-mimarlik-ofisleri-dragos","status":"publish","type":"post","link":"https:\/\/www.ucicmimarlik.com\/en\/ic-mimarlik-ofisleri-dragos\/","title":{"rendered":"\u0130\u00e7 Mimarl\u0131k Ofisleri Dragos"},"content":{"rendered":"<p>Dragos, \u0130stanbul&#8217;un g\u00f6zde semtlerinden biri olarak, i\u00e7 mimarl\u0131k alan\u0131nda bir\u00e7ok yenilik\u00e7i ofise ev sahipli\u011fi yapmaktad\u0131r. <strong>\u0130\u00e7 Mimarl\u0131k Ofisleri Dragos<\/strong>, estetik ve i\u015flevselli\u011fi bir araya getirerek, ya\u015fam alanlar\u0131n\u0131z\u0131 d\u00f6n\u00fc\u015ft\u00fcrmekte \u00f6nemli bir rol oynamaktad\u0131r. Bu blog yaz\u0131s\u0131nda, Dragos&#8217;taki i\u00e7 mimarl\u0131k ofislerinin \u00f6nemini, pop\u00fcler ofislerin sundu\u011fu uzmanl\u0131k alanlar\u0131n\u0131, m\u00fc\u015fteri yorumlar\u0131n\u0131 ve referanslar\u0131n\u0131 ele alaca\u011f\u0131z. Ayr\u0131ca, bu b\u00f6lgedeki i\u00e7 mimarl\u0131k trendleri ve inovasyonlara da g\u00f6z atarak, tasar\u0131m d\u00fcnyas\u0131ndaki son geli\u015fmeleri ke\u015ffedece\u011fiz.<\/p><h2 class=\"wp-block-heading\">Dragos&#8217;taki \u0130\u00e7 Mimarl\u0131k Ofislerinin \u00d6nemi<\/h2><p>Dragos, geli\u015fen bir yerle\u015fim alan\u0131 olarak, i\u00e7 mimarl\u0131k hizmetlerine olan talebin h\u0131zla artt\u0131\u011f\u0131 bir b\u00f6lge konumundad\u0131r. <strong>\u0130\u00e7 Mimarl\u0131k Ofisleri Dragos<\/strong>, hem konut hem de ticari mekanlar\u0131n estetik ve i\u015flevsellik a\u00e7\u0131s\u0131ndan optimize edilmesine \u00f6nemli katk\u0131larda bulunmaktad\u0131r. \u0130\u015fte, Dragos&#8217;taki i\u00e7 mimarl\u0131k ofislerinin \u00f6nemli noktalar\u0131:<\/p><ul><li><strong>Estetik ve Fonksiyonel Tasar\u0131mlar<\/strong>: \u0130\u00e7 mimarl\u0131k ofisleri, mekanlar\u0131n sadece g\u00fczelli\u011fini art\u0131rmakla kalmaz; ayn\u0131 zamanda i\u015flevselli\u011fi de \u00f6n planda tutarak kullan\u0131c\u0131lar\u0131n ya\u015fam alanlar\u0131n\u0131 daha verimli hale getirir.<\/li><li><strong>Yerel K\u00fclt\u00fcr\u00fc Yans\u0131tma<\/strong>: Dragos, tarihi ve modern unsurlar\u0131 harmanlayan bir yap\u0131ya sahip. \u0130\u00e7 mimarl\u0131k ofisleri, bu \u00f6zg\u00fcn k\u00fclt\u00fcrel zenginlikleri mekan tasar\u0131mlar\u0131na entegre ederek benzersiz ve yerel bir kimlik olu\u015fturur.<\/li><li><strong>Profesyonel Dan\u0131\u015fmanl\u0131k<\/strong>: \u0130\u00e7 mimarl\u0131k ofisleri, m\u00fc\u015fteri ihtiya\u00e7 ve b\u00fct\u00e7elerini g\u00f6z \u00f6n\u00fcnde bulundurarak ideal \u00e7\u00f6z\u00fcmler sunar. Tasar\u0131m s\u00fcreci boyunca profesyonel rehberlik eden bu ofisler, m\u00fc\u015fterilerin do\u011fru se\u00e7imler yapmas\u0131na yard\u0131mc\u0131 olur.<\/li><li><strong>\u0130novasyon ve Trendler<\/strong>: Teknolojinin h\u0131zla de\u011fi\u015fmesi ile birlikte i\u00e7 mimarl\u0131k alan\u0131ndaki yenilikler de artmaktad\u0131r. Dragos&#8217;taki i\u00e7 mimarl\u0131k ofisleri, en son trendleri takip ederek, modern tasar\u0131m anlay\u0131\u015f\u0131n\u0131 m\u00fc\u015fterilere sunar.<\/li><\/ul><p>A\u015fa\u011f\u0131da, <strong>Dragos&#8217;taki \u0130\u00e7 Mimarl\u0131k Ofisleri<\/strong> ile ilgili daha fazla bilgi ve avantajlara g\u00f6z atabilirsiniz:<\/p><figure class=\"wp-block-table\"><table><thead><tr><th>Avantajlar<\/th><th>A\u00e7\u0131klama<\/th><\/tr><\/thead><tbody><tr><td>Estetik Tasar\u0131m<\/td><td>Mekanlar\u0131n g\u00f6rsel a\u00e7\u0131dan \u00e7ekicili\u011fini art\u0131r\u0131r.<\/td><\/tr><tr><td>Kullan\u0131m \u0130htiya\u00e7lar\u0131n\u0131 Kar\u015f\u0131lama<\/td><td>Tasar\u0131mlar, kullan\u0131c\u0131lar\u0131n ihtiya\u00e7lar\u0131na g\u00f6re \u015fekillendirilir.<\/td><\/tr><tr><td>Yerel \u0130novasyon<\/td><td>B\u00f6lgedeki yerel malzemeleri ve dokular\u0131 kullanarak \u00f6zg\u00fcn projeler olu\u015fturur.<\/td><\/tr><tr><td>Profesyonel Destek<\/td><td>Her ad\u0131mda verdi\u011fi uzman dan\u0131\u015fmanl\u0131k ile s\u00fcrecin daha ak\u0131c\u0131 ge\u00e7mesini sa\u011flar.<\/td><\/tr><\/tbody><\/table><\/figure><p>Sonu\u00e7 olarak, Dragos&#8217;taki i\u00e7 mimarl\u0131k ofisleri, estetik ve i\u015flevselli\u011fi harmanlayarak bu b\u00f6lgedeki ya\u015fam alanlar\u0131n\u0131n kalitesini art\u0131rmakta \u00f6nemli bir rol oynamaktad\u0131r.<\/p><h2 class=\"wp-block-heading\">Pop\u00fcler \u0130\u00e7 Mimarl\u0131k Ofisleri ve Uzmanl\u0131k Alanlar\u0131<\/h2><p><strong>Dragos&#8217;taki i\u00e7 mimarl\u0131k ofisleri<\/strong>, sunduklar\u0131 \u00e7e\u015fitli uzmanl\u0131k alanlar\u0131 ile dikkat \u00e7ekmektedir. Bu ofisler, estetik anlay\u0131\u015flar\u0131 ve teknik bilgi birikimleri sayesinde farkl\u0131 tarzlarda tasar\u0131mlar yaratmakta ve m\u00fc\u015fteri beklentilerini en iyi \u015fekilde kar\u015f\u0131lamaktad\u0131r. \u00d6zellikle <strong>modern, klasik, minimalist ve eklektik<\/strong> tasar\u0131m stilleri, b\u00f6lgede en \u00e7ok tercih edilenler aras\u0131ndad\u0131r.<\/p><p>A\u015fa\u011f\u0131daki tabloda, Dragos&#8217;taki pop\u00fcler i\u00e7 mimarl\u0131k ofisleri ve bunlar\u0131n uzmanl\u0131k alanlar\u0131 hakk\u0131nda bilgi bulabilirsiniz:<\/p><figure class=\"wp-block-table\"><table><thead><tr><th>Ofis Ad\u0131<\/th><th>Uzmanl\u0131k Alan\u0131<\/th><th>\u00d6ne \u00c7\u0131kan \u00d6zellikleri<\/th><\/tr><\/thead><tbody><tr><td><strong>Ofis A<\/strong><\/td><td>Modern Tasar\u0131m<\/td><td>Ak\u0131ll\u0131 ev sistemleri<\/td><\/tr><tr><td><strong>Ofis B<\/strong><\/td><td>Klasik Tasar\u0131m<\/td><td>El yap\u0131m\u0131 mobilyalar<\/td><\/tr><tr><td><strong>Ofis C<\/strong><\/td><td>Minimalist Tasar\u0131m<\/td><td>Fonksiyonel alanlar<\/td><\/tr><tr><td><strong>Ofis D<\/strong><\/td><td>Eklektik Tasar\u0131m<\/td><td>Renk oyunlar\u0131<\/td><\/tr><\/tbody><\/table><\/figure><p>Bu ofislerin her biri, yaln\u0131zca estetik bir mek\u00e2n yaratmakla kalmaz, ayn\u0131 zamanda i\u015flevselli\u011fi de \u00f6n planda tutar. <strong>Ofis A<\/strong>, modern tasar\u0131m anlay\u0131\u015f\u0131n\u0131 benimseyerek, \u00e7a\u011fda\u015f ya\u015fam alanlar\u0131 olu\u015fturmakta, ak\u0131ll\u0131 ev sistemleri ile teknolojiyi birle\u015ftirmektedir. <strong>Ofis B<\/strong>, geleneksel i\u015f\u00e7ilikle birle\u015ferek, zamans\u0131z bir zarafet sunar. El yap\u0131m\u0131 mobilyalar\u0131 ve detaylara verdi\u011fi \u00f6nem, projenin her a\u015famas\u0131nda kendini g\u00f6sterir. Minimalizme \u00f6nem veren <strong>Ofis C<\/strong>, sade ama etkili \u00e7\u00f6z\u00fcmlerle m\u00fckemmel ya\u015fam alanlar\u0131 tasarlamaktad\u0131r. Son olarak, <strong>Ofis D<\/strong> eklektik tasar\u0131mlar\u0131 ile dikkat \u00e7eker; burada canl\u0131 renkler ve farkl\u0131 doku kombinasyonlar\u0131 harmanlanarak \u015f\u0131k ve ilgin\u00e7 ortamlar ortaya \u00e7\u0131kar\u0131lmaktad\u0131r.<\/p><p>M\u00fc\u015fteri memnuniyeti ve referanslar\u0131, bu ofislerin ba\u015far\u0131s\u0131n\u0131 peki\u015ftiren unsurlard\u0131r. Dolay\u0131s\u0131yla, <strong>\u0130\u00e7 Mimarl\u0131k Ofisleri Dragos<\/strong> b\u00f6lgesindeki tasar\u0131m anlay\u0131\u015f\u0131 ve uzmanl\u0131k alanlar\u0131, sadece g\u00f6rsel bir zevk de\u011fil, ayn\u0131 zamanda kullan\u0131\u015fl\u0131 ve konforlu ya\u015fam alanlar\u0131 sunma misyonunu ta\u015f\u0131maktad\u0131r.<\/p><h2 class=\"wp-block-heading\">M\u00fc\u015fteri Yorumlar\u0131 ve Referanslar\u0131<\/h2><p><strong>\u0130\u00e7 Mimarl\u0131k Ofisleri Dragos<\/strong>&#8216;ta m\u00fc\u015fteri memnuniyeti, bir projenin ba\u015far\u0131s\u0131nda kritik bir rol oynamaktad\u0131r. M\u00fc\u015fteri yorumlar\u0131 ve referanslar\u0131, bu ofislerin sundu\u011fu hizmetlerin kalitesini de\u011ferlendirmek i\u00e7in \u00f6nemli bir unsurdur. Potansiyel m\u00fc\u015fteriler, tercih ettikleri i\u00e7 mimarl\u0131k ofisini se\u00e7meden \u00f6nce, daha \u00f6nce bu ofislerle \u00e7al\u0131\u015fanlar\u0131n deneyimlerini dikkate alarak karar vermektedirler.<\/p><p>Yorumlar genellikle tasar\u0131m s\u00fcrecinin ba\u015flang\u0131c\u0131ndan proje tamamland\u0131\u011f\u0131 d\u00f6neme kadar olan t\u00fcm a\u015famalar\u0131 kapsamaktad\u0131r. \u00d6rne\u011fin, baz\u0131 m\u00fc\u015fteriler tasar\u0131mc\u0131lar\u0131n yarat\u0131c\u0131l\u0131\u011f\u0131ndan ve estetik anlay\u0131\u015f\u0131ndan bahsederken, di\u011ferleri ise zaman\u0131nda teslimat ve b\u00fct\u00e7e i\u00e7erisinde kalma konusundaki titizliklerini vurgulamaktad\u0131r. Ayr\u0131ca, i\u00e7 mimarl\u0131k ofislerinin m\u00fc\u015fteriyle olan ileti\u015fimi ve proje s\u00fcresince g\u00f6sterdikleri esneklik de s\u0131kl\u0131kla \u00f6ne \u00e7\u0131kan unsurlar aras\u0131nda yer almaktad\u0131r.<\/p><figure class=\"wp-block-table\"><table><thead><tr><th>Referans T\u00fcr\u00fc<\/th><th>\u0130\u00e7erik<\/th><\/tr><\/thead><tbody><tr><td>Tasar\u0131m Yorumlar\u0131<\/td><td>\u201cOfisin tasar\u0131m\u0131 tam istedi\u011fimiz gibi oldu. Fikirlerimizi dikkate alarak harika bir sonu\u00e7 ortaya \u00e7\u0131kard\u0131lar.\u201d<\/td><\/tr><tr><td>Zaman Y\u00f6netimi<\/td><td>\u201cProjeyi tam zaman\u0131nda teslim ettiler. S\u00fcre\u00e7 boyunca s\u00fcrekli bilgi verdiler.\u201d<\/td><\/tr><tr><td>M\u00fc\u015fteri \u0130leti\u015fimi<\/td><td>\u201cHer a\u015famada ileti\u015fim kurmak kolayd\u0131. Sorulara an\u0131nda yan\u0131t ald\u0131k.\u201d<\/td><\/tr><\/tbody><\/table><\/figure><p>Ayr\u0131ca, g\u00f6rsel referanslar da olduk\u00e7a etkili bir \u015fekilde sunulmaktad\u0131r. M\u00fc\u015fterilerin be\u011fendi\u011fi ve onlar\u0131 etkileyen \u00f6nceki projeler, potansiyel m\u00fc\u015fterilere ilham verebilir. <strong>\u0130\u00e7 Mimarl\u0131k Ofisleri Dragos<\/strong>, projelerinin foto\u011fraflar\u0131n\u0131 sergileyerek, estetik anlay\u0131\u015flar\u0131n\u0131 daha iyi bir \u015fekilde g\u00f6sterme f\u0131rsat\u0131na sahiptir. Bu, yap\u0131lan i\u015fin kalitesini ve \u00e7e\u015fitlili\u011fini ortaya koyarak, yeni potansiyel m\u00fc\u015fterilerin karar verme s\u00fcre\u00e7lerini olumlu y\u00f6nde etkilemektedir.<\/p><p>Unutmayal\u0131m ki, m\u00fc\u015fteri yorumlar\u0131 ve referanslar\u0131, bir i\u00e7 mimarl\u0131k ofisinin profesyonelli\u011fi, yarat\u0131c\u0131 yakla\u015f\u0131m\u0131 ve m\u00fc\u015fteri memnuniyetine verdi\u011fi \u00f6nemi net bir bi\u00e7imde yans\u0131tmaktad\u0131r. Bu noktada, yaz\u0131l\u0131 referanslar kadar, y\u00fcz y\u00fcze ileti\u015fimlerin de \u00f6nem ta\u015f\u0131d\u0131\u011f\u0131n\u0131 s\u00f6ylemek gerekir. M\u00fc\u015fterilerin memnuniyeti \u00fczerinde yap\u0131lan olumlu sohbetler, yeni i\u015flerin kap\u0131s\u0131n\u0131 aralamakta ve i\u00e7 mimarl\u0131k ofislerinin g\u00fcvenilirliklerini peki\u015ftirmektedir.<\/p><h2 class=\"wp-block-heading\">Dragos&#8217;ta \u0130\u00e7 Mimarl\u0131k Trendleri ve \u0130novasyonlar\u0131<\/h2><p>Dragos, i\u00e7 mimarl\u0131k alan\u0131nda h\u0131zla geli\u015fen bir b\u00f6lge olarak dikkat \u00e7ekiyor. Burada faaliyet g\u00f6steren i\u00e7 mimarl\u0131k ofisleri, modern ya\u015fam\u0131n gereksinimlerine uygun, fonksiyonel ve estetik mekanlar tasarlamaktad\u0131r. A\u015fa\u011f\u0131da, Dragos&#8217;taki i\u00e7 mimarl\u0131k trendleri ve inovasyonlar\u0131 hakk\u0131nda detayl\u0131 bir inceleme sunulmaktad\u0131r.<\/p><h3 class=\"wp-block-heading\">1. S\u00fcrd\u00fcr\u00fclebilir Tasar\u0131m<\/h3><ul><li><strong>Ekolojik Malzemeler<\/strong>: Do\u011fal kaynaklardan elde edilen \u00e7evre dostu malzemeler, tasar\u0131mlarda yayg\u0131n olarak kullan\u0131lmaktad\u0131r.<\/li><li><strong>Enerji Verimlili\u011fi<\/strong>: G\u00fcne\u015f panelleri ve yal\u0131t\u0131m sistemleri gibi enerji tasarrufu sa\u011flayan uygulamalar, i\u00e7 mekanlarda s\u0131k\u00e7a tercih edilmektedir.<\/li><\/ul><h3 class=\"wp-block-heading\">2. Minimalist Tasar\u0131m<\/h3><ul><li><strong>Sadeli\u011fin \u00d6n Plana \u00c7\u0131kmas\u0131<\/strong>: Az e\u015fya ile \u00e7ok i\u015flevsellik sunan yap\u0131lar\u0131n tercih edilmesi, minimalist bir yakla\u015f\u0131m\u0131 \u00f6ne \u00e7\u0131karmaktad\u0131r.<\/li><li><strong>A\u00e7\u0131k Alanlar<\/strong>: Ferah ve geni\u015f birbirine ba\u011fl\u0131 alanlar, minimalist tasar\u0131m\u0131n en \u00f6nemli bile\u015fenlerinden biridir.<\/li><\/ul><h3 class=\"wp-block-heading\">3. Ak\u0131ll\u0131 Ev Sistemleri<\/h3><ul><li><strong>Teknolojik Entegrasyon<\/strong>: IoT (Internet of Things) ile ba\u011flanan ak\u0131ll\u0131 ev sistemleri, g\u00fcvenlik ve konfor sa\u011flamaktad\u0131r.<\/li><li><strong>Otomasyon<\/strong>: Ayd\u0131nlatma ve \u0131s\u0131tma sistemlerinin uzaktan kontrol edilebilmesi, i\u00e7 mekanlar\u0131n daha i\u015flevsel hale gelmesine yard\u0131mc\u0131 olmaktad\u0131r.<\/li><\/ul><h3 class=\"wp-block-heading\">4. Ki\u015fiselle\u015ftirilmi\u015f Tasar\u0131mlar<\/h3><ul><li><strong>\u00d6zelle\u015ftirilebilir Mobilyalar<\/strong>: M\u00fc\u015fterilerin ihtiya\u00e7lar\u0131na g\u00f6re tasarlanm\u0131\u015f, mod\u00fcler mobilyalar b\u00fcy\u00fck ilgi g\u00f6rmektedir.<\/li><li><strong>Renk ve Doku Se\u00e7imi<\/strong>: Farkl\u0131 doku ve renk paletleri, alanlar\u0131n bireysel zevklere uygun bir \u015fekilde ki\u015fiselle\u015ftirilmesini sa\u011flamaktad\u0131r.<\/li><\/ul><h3 class=\"wp-block-heading\">5. Kombinasyon Tasar\u0131mlar\u0131<\/h3><ul><li><strong>Modern ve Geleneksel Unsurlar<\/strong>: Farkl\u0131 tarzlar\u0131n bir araya getirilmesi, Dragos&#8217;taki i\u00e7 mimarl\u0131k ofislerinde yayg\u0131n bir uygulamad\u0131r.<\/li><li><strong>Sanat ve Mimari<\/strong>: Sanat eserleri ile mimari detaylar\u0131n k\u0131smi birle\u015ftirilmesi, mekanlara derinlik katmaktad\u0131r.<\/li><\/ul><figure class=\"wp-block-table\"><table><thead><tr><th><strong>Trend<\/strong><\/th><th><strong>\u00d6zellikler<\/strong><\/th><\/tr><\/thead><tbody><tr><td>S\u00fcrd\u00fcr\u00fclebilir Tasar\u0131m<\/td><td>Ekolojik malzemeler ve enerji verimli sistemler<\/td><\/tr><tr><td>Minimalist Tasar\u0131m<\/td><td>Ferah alanlar ve az e\u015fya ile \u00e7ok i\u015flevsellik<\/td><\/tr><tr><td>Ak\u0131ll\u0131 Ev Sistemleri<\/td><td>IoT entegrasyonu ve otomasyon \u00e7\u00f6z\u00fcmleri<\/td><\/tr><tr><td>Ki\u015fiselle\u015ftirilmi\u015f Tasar\u0131mlar<\/td><td>\u00d6zelle\u015ftirilebilir mobilyalar ve renk-doku se\u00e7imleri<\/td><\/tr><tr><td>Kombinasyon Tasar\u0131mlar\u0131<\/td><td>Modern ve geleneksel stil unsurlar\u0131n\u0131n bir arada kullan\u0131m\u0131<\/td><\/tr><\/tbody><\/table><\/figure><p>Dragos&#8217;ta i\u00e7 mimarl\u0131k ofisleri, bu trend ve inovasyonlar\u0131 benimseyerek, hem estetik hem de i\u015flevsellik a\u00e7\u0131s\u0131ndan kullan\u0131c\u0131lar\u0131n ihtiya\u00e7lar\u0131n\u0131 en iyi \u015fekilde kar\u015f\u0131lamaktad\u0131r. <strong>\u0130\u00e7 Mimarl\u0131k Ofisleri Dragos<\/strong>, bu yenilik\u00e7i tasar\u0131mlar\u0131yla kullan\u0131c\u0131lar\u0131n ya\u015fam alanlar\u0131n\u0131 yeniden tan\u0131mlamakta ve onlara modern bir ya\u015fam sunmaktad\u0131r.<\/p><h2 class=\"wp-block-heading\">S\u0131k\u00e7a Sorulan Sorular<\/h2><h3 class=\"wp-block-heading\">Dragos&#8217;taki i\u00e7 mimarl\u0131k ofisleri hangi hizmetleri sunar?<\/h3><p>Dragos&#8217;taki i\u00e7 mimarl\u0131k ofisleri, mekan tasar\u0131m\u0131, i\u00e7 mekan yenileme, mobilya se\u00e7imi ve yerle\u015fimi, ayd\u0131nlatma \u00e7\u00f6z\u00fcmleri, renk dan\u0131\u015fmanl\u0131\u011f\u0131 gibi \u00e7e\u015fitli hizmetler sunmaktad\u0131r. Bu ofisler, hem konut hem de ticari alanlarda profesyonel tasar\u0131m hizmetlerini sa\u011flamaktad\u0131r. Tasar\u0131m s\u00fcrecinde m\u00fc\u015fteri taleplerini dikkate alarak, i\u015flevsellik ve esteti\u011fi bir araya getirerek etkileyici mekanlar olu\u015fturmaya \u00f6zen g\u00f6stermektedirler.<\/p><h3 class=\"wp-block-heading\">Dragos&#8217;taki i\u00e7 mimarl\u0131k ofislerini nas\u0131l se\u00e7ebilirim?<\/h3><p>Do\u011fru i\u00e7 mimarl\u0131k ofisini se\u00e7mek i\u00e7in \u00f6ncelikle ihtiya\u00e7lar\u0131n\u0131z\u0131 ve b\u00fct\u00e7enizi belirlemeniz gerekmektedir. Ard\u0131ndan, Dragos&#8217;taki ofislerin portf\u00f6ylerini inceleyerek ge\u00e7mi\u015fteki \u00e7al\u0131\u015fmalar\u0131n\u0131 de\u011ferlendirebilirsiniz. M\u00fc\u015fteri yorumlar\u0131 ve referanslar da dikkate al\u0131nmal\u0131d\u0131r. Ayr\u0131ca, potansiyel ofislerle y\u00fcz y\u00fcze g\u00f6r\u00fc\u015fmeler yaparak tasar\u0131m yakla\u015f\u0131m ve felsefelerini \u00f6\u011frenmek, en uygun se\u00e7ene\u011fi belirlemenize yard\u0131mc\u0131 olacakt\u0131r.<\/p><h3 class=\"wp-block-heading\">\u0130\u00e7 mimarl\u0131k projeleri ne kadar s\u00fcrer?<\/h3><p>\u0130\u00e7 mimarl\u0131k projelerinin s\u00fcresi, projenin kapsam\u0131na, b\u00fcy\u00fckl\u00fc\u011f\u00fcne ve karma\u015f\u0131kl\u0131\u011f\u0131na ba\u011fl\u0131 olarak de\u011fi\u015fiklik g\u00f6stermektedir. Genellikle k\u00fc\u00e7\u00fck \u00f6l\u00e7ekli bir projede (\u00f6rne\u011fin, bir oda tasar\u0131m\u0131) s\u00fcre\u00e7 birka\u00e7 hafta i\u00e7inde tamamlanabilirken, daha b\u00fcy\u00fck projelerde (\u00f6rne\u011fin, bir evin t\u00fcm i\u00e7 mekan tasar\u0131m\u0131) bu s\u00fcre birka\u00e7 ay\u0131 bulabilmektedir. Projelerin zamanlamas\u0131, tasar\u0131m\u0131n onaylanmas\u0131, malzeme temini ve uygulama a\u015famalar\u0131na g\u00f6re de etkilenmektedir.<\/p><script type=\"application\/ld+json\">{\"@context\":\"https:\/\/schema.org\",\"@type\":\"FAQPage\",\"mainEntity\":[{\"@type\":\"Question\",\"name\":\"Dragos'taki i\u00e7 mimarl\u0131k ofisleri hangi hizmetleri sunar?\",\"acceptedAnswer\":{\"@type\":\"Answer\",\"text\":\"Dragos'taki i\u00e7 mimarl\u0131k ofisleri, mekan tasar\u0131m\u0131, i\u00e7 mekan yenileme, mobilya se\u00e7imi ve yerle\u015fimi, ayd\u0131nlatma \u00e7\u00f6z\u00fcmleri, renk dan\u0131\u015fmanl\u0131\u011f\u0131 gibi \u00e7e\u015fitli hizmetler sunmaktad\u0131r. Bu ofisler, hem konut hem de ticari alanlarda profesyonel tasar\u0131m hizmetlerini sa\u011flamaktad\u0131r. Tasar\u0131m s\u00fcrecinde m\u00fc\u015fteri taleplerini dikkate alarak, i\u015flevsellik ve esteti\u011fi bir araya getirerek etkileyici mekanlar olu\u015fturmaya \u00f6zen g\u00f6stermektedirler.\"}},{\"@type\":\"Question\",\"name\":\"Dragos'taki i\u00e7 mimarl\u0131k ofislerini nas\u0131l se\u00e7ebilirim?\",\"acceptedAnswer\":{\"@type\":\"Answer\",\"text\":\"Do\u011fru i\u00e7 mimarl\u0131k ofisini se\u00e7mek i\u00e7in \u00f6ncelikle ihtiya\u00e7lar\u0131n\u0131z\u0131 ve b\u00fct\u00e7enizi belirlemeniz gerekmektedir. Ard\u0131ndan, Dragos'taki ofislerin portf\u00f6ylerini inceleyerek ge\u00e7mi\u015fteki \u00e7al\u0131\u015fmalar\u0131n\u0131 de\u011ferlendirebilirsiniz. M\u00fc\u015fteri yorumlar\u0131 ve referanslar da dikkate al\u0131nmal\u0131d\u0131r. Ayr\u0131ca, potansiyel ofislerle y\u00fcz y\u00fcze g\u00f6r\u00fc\u015fmeler yaparak tasar\u0131m yakla\u015f\u0131m ve felsefelerini \u00f6\u011frenmek, en uygun se\u00e7ene\u011fi belirlemenize yard\u0131mc\u0131 olacakt\u0131r.\"}},{\"@type\":\"Question\",\"name\":\"\u0130\u00e7 mimarl\u0131k projeleri ne kadar s\u00fcrer?\",\"acceptedAnswer\":{\"@type\":\"Answer\",\"text\":\"\u0130\u00e7 mimarl\u0131k projelerinin s\u00fcresi, projenin kapsam\u0131na, b\u00fcy\u00fckl\u00fc\u011f\u00fcne ve karma\u015f\u0131kl\u0131\u011f\u0131na ba\u011fl\u0131 olarak de\u011fi\u015fiklik g\u00f6stermektedir. Genellikle k\u00fc\u00e7\u00fck \u00f6l\u00e7ekli bir projede (\u00f6rne\u011fin, bir oda tasar\u0131m\u0131) s\u00fcre\u00e7 birka\u00e7 hafta i\u00e7inde tamamlanabilirken, daha b\u00fcy\u00fck projelerde (\u00f6rne\u011fin, bir evin t\u00fcm i\u00e7 mekan tasar\u0131m\u0131) bu s\u00fcre birka\u00e7 ay\u0131 bulabilmektedir. Projelerin zamanlamas\u0131, tasar\u0131m\u0131n onaylanmas\u0131, malzeme temini ve uygulama a\u015famalar\u0131na g\u00f6re de etkilenmektedir.\"}}]}<\/script>","protected":false},"excerpt":{"rendered":"<p>Dragos, \u0130stanbul&#8217;un g\u00f6zde semtlerinden biri olarak, i\u00e7 mimarl\u0131k alan\u0131nda bir\u00e7ok yenilik\u00e7i ofise ev sahipli\u011fi yapmaktad\u0131r. \u0130\u00e7 Mimarl\u0131k Ofisleri Dragos, estetik<\/p>\n","protected":false},"author":5,"featured_media":0,"comment_status":"closed","ping_status":"","sticky":false,"template":"","format":"standard","meta":[],"categories":[1],"tags":[],"aioseo_notices":[],"_links":{"self":[{"href":"https:\/\/www.ucicmimarlik.com\/en\/wp-json\/wp\/v2\/posts\/11152"}],"collection":[{"href":"https:\/\/www.ucicmimarlik.com\/en\/wp-json\/wp\/v2\/posts"}],"about":[{"href":"https:\/\/www.ucicmimarlik.com\/en\/wp-json\/wp\/v2\/types\/post"}],"author":[{"embeddable":true,"href":"https:\/\/www.ucicmimarlik.com\/en\/wp-json\/wp\/v2\/users\/5"}],"replies":[{"embeddable":true,"href":"https:\/\/www.ucicmimarlik.com\/en\/wp-json\/wp\/v2\/comments?post=11152"}],"version-history":[{"count":1,"href":"https:\/\/www.ucicmimarlik.com\/en\/wp-json\/wp\/v2\/posts\/11152\/revisions"}],"predecessor-version":[{"id":11313,"href":"https:\/\/www.ucicmimarlik.com\/en\/wp-json\/wp\/v2\/posts\/11152\/revisions\/11313"}],"wp:attachment":[{"href":"https:\/\/www.ucicmimarlik.com\/en\/wp-json\/wp\/v2\/media?parent=11152"}],"wp:term":[{"taxonomy":"category","embeddable":true,"href":"https:\/\/www.ucicmimarlik.com\/en\/wp-json\/wp\/v2\/categories?post=11152"},{"taxonomy":"post_tag","embeddable":true,"href":"https:\/\/www.ucicmimarlik.com\/en\/wp-json\/wp\/v2\/tags?post=11152"}],"curies":[{"name":"wp","href":"https:\/\/api.w.org\/{rel}","templated":true}]}}