{"id":11105,"date":"2026-02-23T14:54:53","date_gmt":"2026-02-23T11:54:53","guid":{"rendered":"https:\/\/www.ucicmimarlik.com\/ic-mimar-ofis-projeleri\/"},"modified":"2026-02-28T12:17:13","modified_gmt":"2026-02-28T09:17:13","slug":"ic-mimar-ofis-projeleri","status":"publish","type":"post","link":"https:\/\/www.ucicmimarlik.com\/en\/ic-mimar-ofis-projeleri\/","title":{"rendered":"\u0130\u00e7 mimar ofis projeleri"},"content":{"rendered":"<p>Ofis projeleri, g\u00fcn\u00fcm\u00fczde hem i\u015f verimlili\u011fini art\u0131rmak hem de \u00e7al\u0131\u015fanlar\u0131n mutlulu\u011funu sa\u011flamak amac\u0131yla i\u00e7 mimarl\u0131k a\u00e7\u0131s\u0131ndan b\u00fcy\u00fck bir \u00f6nem ta\u015f\u0131yor. Bu yaz\u0131da, <strong>ofis projeleri<\/strong> i\u00e7in g\u00fcncel i\u00e7 mimarl\u0131k trendlerine, s\u00fcrd\u00fcr\u00fclebilir tasar\u0131m alternatiflerine, inovasyon ve teknoloji odakl\u0131 yakla\u015f\u0131mlara de\u011finece\u011fiz. Ayr\u0131ca, ba\u015far\u0131l\u0131 bir ofis alan\u0131 yaratmak i\u00e7in en iyi i\u00e7 mimar \u00f6nerilerini de sizlerle payla\u015faca\u011f\u0131z. Haz\u0131rsan\u0131z, modern \u00e7al\u0131\u015fma alanlar\u0131n\u0131 nas\u0131l d\u00f6n\u00fc\u015ft\u00fcrebilece\u011fimizi ke\u015ffetmeye ba\u015flayal\u0131m!<\/p><h2 class=\"wp-block-heading\">Ofis projeleri i\u00e7in i\u00e7 mimarl\u0131k trendleri<\/h2><p>G\u00fcn\u00fcm\u00fczde <strong>ofis projeleri<\/strong> i\u00e7in i\u00e7 mimarl\u0131k trendleri, i\u015f ortamlar\u0131n\u0131n verimlili\u011fini art\u0131rmak ve \u00e7al\u0131\u015fan memnuniyetini sa\u011flamak amac\u0131yla s\u00fcrekli olarak evrim ge\u00e7iriyor. Bu ba\u011flamda, modern i\u015f anlay\u0131\u015f\u0131n\u0131n gerektirdi\u011fi esneklik ve i\u015f birli\u011fi ihtiyac\u0131, i\u00e7 mimarlar\u0131n tasar\u0131m yakla\u015f\u0131mlar\u0131n\u0131 do\u011frudan etkiliyor. \u0130\u015fte, g\u00fcn\u00fcm\u00fcz ofis projelerinde \u00f6ne \u00e7\u0131kan ba\u015fl\u0131ca trendler:<\/p><p>\u00d6ncelikle, <strong>a\u00e7\u0131k ofis alanlar\u0131<\/strong> trendi, geleneksel ofis d\u00fczeninden daha sosyal bir yakla\u015f\u0131m benimsemektedir. \u00c7al\u0131\u015fanlar, bu d\u00fczen sayesinde daha fazla etkile\u015fim kurarak i\u015fbirli\u011fi yapma f\u0131rsat\u0131 buluyor. Ancak, a\u00e7\u0131k alanlar her zaman g\u00fcr\u00fclt\u00fc ve dikkati da\u011f\u0131tma riskini de beraberinde getiriyor. Bu nedenle, akustik paneller ve b\u00f6l\u00fcc\u00fcler gibi \u00e7\u00f6z\u00fcmler, \u00e7al\u0131\u015fanlar\u0131n odaklanmas\u0131na yard\u0131mc\u0131 olmak i\u00e7in tasar\u0131m s\u00fcre\u00e7lerinde \u00f6nemli bir yer tutuyor.<\/p><p>S\u00fcrd\u00fcr\u00fclebilirlik, ofis projelerinin vazge\u00e7ilmez bir par\u00e7as\u0131 haline gelmi\u015ftir. Do\u011fal malzemelerin kullan\u0131m\u0131, enerji tasarrufu sa\u011flayan ayd\u0131nlatma sistemleri ve ye\u015fil duvar uygulamalar\u0131, bu trendin birer \u00f6rne\u011fi olarak kar\u015f\u0131m\u0131za \u00e7\u0131k\u0131yor. \u00c7al\u0131\u015fanlar\u0131n sa\u011fl\u0131\u011f\u0131 i\u00e7in temiz hava kalitesini art\u0131rmak amac\u0131yla tasarlanan sistemler, i\u00e7 mekanlar\u0131n daha ferah ve sa\u011fl\u0131kl\u0131 olmas\u0131n\u0131 sa\u011fl\u0131yor.<\/p><p>Dijital teknolojilerin h\u0131zla b\u00fcy\u00fcmesi de i\u00e7 mimarl\u0131kta \u00f6nemli bir etki yarat\u0131yor. Ak\u0131ll\u0131 ofis uygulamalar\u0131, uzaktan \u00e7al\u0131\u015fma d\u00fczenine uyum sa\u011flamak amac\u0131yla mobilite ve eri\u015filebilirlik olu\u015fturarak i\u015f s\u00fcre\u00e7lerini h\u0131zland\u0131r\u0131yor. Ayr\u0131ca, art\u0131r\u0131lm\u0131\u015f ger\u00e7eklik (AR) ve sanal ger\u00e7eklik (VR) teknolojileri, i\u00e7 mimarlar\u0131n projelerini g\u00f6rselle\u015ftirmesinde devrim niteli\u011finde bir d\u00f6n\u00fc\u015f\u00fcm sa\u011fl\u0131yor. Bu t\u00fcr yeniliklerle, m\u00fc\u015fterilere daha etkili sunumlar yaparak projelerin daha iyi anla\u015f\u0131lmas\u0131n\u0131 sa\u011fl\u0131yor.<\/p><p>Son olarak, <strong>ofis projeleri<\/strong> i\u00e7erisinde ki\u015fiselle\u015ftirilmi\u015f alanlar\u0131n \u00f6nemi artmaktad\u0131r. \u00c7al\u0131\u015fanlar\u0131n zevklerine ve ihtiya\u00e7lar\u0131na g\u00f6re tasarlanan \u00e7al\u0131\u015fma alanlar\u0131, onlar\u0131n motivasyonunu ve verimlili\u011fini art\u0131r\u0131yor. Bu do\u011frultuda, farkl\u0131 sosyal alanlar\u0131n yan\u0131 s\u0131ra, dinlenme ve sosyal etkile\u015fimi te\u015fvik eden teraslar ve kafeler gibi alanlar entegre edilmekte. T\u00fcm bu trendler, i\u00e7 mimarlar\u0131n tasar\u0131mlar\u0131nda dikkate almas\u0131 gereken kritik unsurlar olarak \u00f6ne \u00e7\u0131k\u0131yor.<\/p><h2 class=\"wp-block-heading\">S\u00fcrd\u00fcr\u00fclebilir ofis projeleri tasar\u0131mlar\u0131<\/h2><p>Son y\u0131llarda, \u00e7evresel kayg\u0131lar\u0131n artmas\u0131yla birlikte <strong>ofis projeleri<\/strong> i\u00e7in s\u00fcrd\u00fcr\u00fclebilirlik ilkesi \u00f6ne \u00e7\u0131kmaya ba\u015flad\u0131. Bu durum, i\u00e7 mimari tasar\u0131m s\u00fcrecinde de \u00e7e\u015fitli yenilikleri beraberinde getiriyor. S\u00fcrd\u00fcr\u00fclebilir ofis tasar\u0131mlar\u0131, sadece \u00e7evre dostu malzemelerin kullan\u0131lmas\u0131yla s\u0131n\u0131rl\u0131 kalmay\u0131p, ayn\u0131 zamanda \u00e7al\u0131\u015fanlar\u0131n refah\u0131n\u0131 ve verimlili\u011fini de art\u0131rmay\u0131 hedefliyor.<\/p><p>Bir ofis projesinin s\u00fcrd\u00fcr\u00fclebilir olmas\u0131 i\u00e7in \u00f6ncelikle enerji verimlili\u011fine odaklanmak gerekir. <strong>Pasif solar tasar\u0131m<\/strong> y\u00f6ntemleri, do\u011fal \u0131\u015f\u0131k ve hava ak\u0131m\u0131 kullanarak enerji ihtiyac\u0131n\u0131 minimize eder. \u00d6rne\u011fin, b\u00fcy\u00fck pencereler ve a\u00e7\u0131k alanlar ile ayd\u0131nlatma maliyetlerini azaltmak m\u00fcmk\u00fcnd\u00fcr. Ayr\u0131ca, ye\u015fil \u00e7at\u0131lar ve peyzaj unsurlar\u0131, hem estetik a\u00e7\u0131dan ho\u015f bir g\u00f6r\u00fcn\u00fcm sunar hem de do\u011fal etkile\u015fimi te\u015fvik eder.<\/p><p>Malzeme se\u00e7iminde de s\u00fcrd\u00fcr\u00fclebilirlik \u00f6nemli bir rol oynuyor. Geri d\u00f6n\u00fc\u015ft\u00fcr\u00fclebilir veya do\u011fa dostu malzemelerin kullan\u0131lmas\u0131, hem \u00e7evreesel hem de ekonomik a\u00e7\u0131dan avantaj sa\u011fl\u0131yor. Ah\u015fap, bambu gibi do\u011fal malzemeler ile geri d\u00f6n\u00fc\u015ft\u00fcr\u00fclm\u00fc\u015f metal ve cam, i\u00e7 mekanlar\u0131n tasar\u0131m\u0131nda s\u0131k\u00e7a tercih edilen unsurlar haline geldi.<\/p><p>Hava kalitesi de s\u00fcrd\u00fcr\u00fclebilir ofis projelerinin bir par\u00e7as\u0131d\u0131r. \u0130\u00e7 mekan bitkileri, havay\u0131 temizleyerek \u00e7al\u0131\u015fanlar\u0131n konsantrasyonunu art\u0131rabilir. Bu t\u00fcr projelerde ayr\u0131ca, enerji tasarruflu iklimlendirme sistemleri ile hem konfor sa\u011flan\u0131yor hem de enerji t\u00fcketimi azalt\u0131l\u0131yor.<\/p><p>Sonu\u00e7 olarak, <strong>ofis projeleri<\/strong> s\u00fcrd\u00fcr\u00fclebilir tasar\u0131mlar ile hem \u00e7evreye duyarl\u0131 hale getirilebilir hem de \u00e7al\u0131\u015fanlar\u0131n motivasyonunu art\u0131rarak verimlili\u011fi y\u00fckseltebilir. Hem estetik hem de i\u015flevsel olan bu tasar\u0131mlar, modern i\u015f d\u00fcnyas\u0131n\u0131n gereksinimlerini kar\u015f\u0131lamakta \u00f6nemli bir rol oynuyor.<\/p><h2 class=\"wp-block-heading\">\u0130novasyon ve teknoloji odakl\u0131 ofis projeleri<\/h2><p>G\u00fcn\u00fcm\u00fczde, <strong>ofis projeleri<\/strong> tasar\u0131m\u0131nda inovasyon ve teknoloji entegrasyonu b\u00fcy\u00fck bir \u00f6nem kazanm\u0131\u015ft\u0131r. H\u0131zla geli\u015fen teknoloji sayesinde, modern ofisler art\u0131k i\u015flevselliklerinin yan\u0131 s\u0131ra estetik unsurlar\u0131 da g\u00f6z \u00f6n\u00fcnde bulundurarak tasarlanmaktad\u0131r. Bu ba\u011flamda, <strong>ofis projeleri<\/strong> i\u00e7in belirli ba\u015fl\u0131 trendler \u00f6ne \u00e7\u0131kmaktad\u0131r.<\/p><p>Bunlar\u0131n ba\u015f\u0131nda, ak\u0131ll\u0131 ofis sistemleri gelmektedir. Sens\u00f6r tabanl\u0131 ayd\u0131nlatma ve iklimlendirme sistemleri, \u00e7al\u0131\u015fanlar\u0131n konforunu art\u0131r\u0131rken enerji verimlili\u011fini de maksimize etmektedir. \u00d6rne\u011fin, ortamda kimsenin yoklu\u011funda otomatik olarak ayd\u0131nlatmay\u0131 kapatan sistemler, enerji tasarrufuna yard\u0131mc\u0131 olur. Ayr\u0131ca, \u00e7al\u0131\u015fanlar\u0131n ihtiya\u00e7lar\u0131na g\u00f6re ayarlanabilir masa ve sandalye sistemleri, daha sa\u011fl\u0131kl\u0131 bir \u00e7al\u0131\u015fma ortam\u0131 sunarak verimlili\u011fi art\u0131rmaktad\u0131r.<\/p><p>Bir di\u011fer yenilik\u00e7i yakla\u015f\u0131m ise, uzaktan \u00e7al\u0131\u015fma modelinin entegrasyonudur. Pandemi s\u00fcreciyle birlikte yayg\u0131nla\u015fan bu model, ofis alanlar\u0131n\u0131n yeniden d\u00fc\u015f\u00fcn\u00fclmesini zorunlu k\u0131lm\u0131\u015ft\u0131r. A\u00e7\u0131k alanlar, \u00e7al\u0131\u015fma kabinleri ve ortakla\u015fa kullan\u0131lan sosyal alanlar tasarlan\u0131rken, teknoloji kullan\u0131m\u0131 art\u0131r\u0131lmaktad\u0131r. Bunun sonucunda, sanal ileti\u015fim ve i\u015fbirli\u011fi platformlar\u0131 ile desteklenen daha esnek bir \u00e7al\u0131\u015fma d\u00fczeni elde edilmektedir.<\/p><p>Sonu\u00e7 olarak, inovasyon ve teknoloji odakl\u0131 ofis projeleri, \u00e7al\u0131\u015fanlar\u0131n geli\u015fimine katk\u0131da bulunan, s\u00fcrd\u00fcr\u00fclebilir ve verimli \u00e7al\u0131\u015fma alanlar\u0131 yaratma hedefiyle \u015fekillenmektedir. Gelecekte, dijitalle\u015fme ve teknolojik geli\u015fimlerin <a href=\"https:\/\/osomimarlik.com\/ofis-ic-mimarlik\/\" target=\"_blank\" rel=\"noopener\">ofis tasar\u0131mlar\u0131ndaki<\/a> etkisi daha da belirgin hale gelecektir. Bu ba\u011flamda, i\u00e7 mimarlar\u0131n ve i\u015fletme sahiplerinin teknolojiyi aktif bir \u015fekilde kullanarak yarat\u0131c\u0131 \u00e7\u00f6z\u00fcmler geli\u015ftirmesi, sekt\u00f6rdeki rekabeti art\u0131racakt\u0131r.<\/p><h2 class=\"wp-block-heading\">Ofis projeleri i\u00e7in en iyi i\u00e7 mimar \u00f6nerileri<\/h2><p>Ofis projeleri, bir i\u015fletmenin kimli\u011fini ve k\u00fclt\u00fcr\u00fcn\u00fc yans\u0131tan \u00f6nemli alanlard\u0131r. Bu nedenle, do\u011fru i\u00e7 mimar\u0131 se\u00e7mek, projelerin ba\u015far\u0131s\u0131 i\u00e7in kritik bir \u00f6neme sahiptir. \u0130\u015fte, ofis projelerinizde g\u00f6z \u00f6n\u00fcnde bulundurman\u0131z gereken en iyi i\u00e7 mimar \u00f6nerileri:<\/p><p>\u0130lk olarak, <strong>uzmanl\u0131k alanlar\u0131na<\/strong> dikkat etmek \u00f6nemlidir. \u0130\u00e7 mimarlar, \u00e7e\u015fitli alanlarda uzmanla\u015fabilirler; i\u015fyeri tasar\u0131m\u0131, retail, sa\u011fl\u0131k veya konut gibi. Ofis projeleri konusunda deneyimi olan bir i\u00e7 mimar se\u00e7mek, projenizin daha etkili bir \u015fekilde ilerlemesine yard\u0131mc\u0131 olacakt\u0131r. Bu ba\u011flamda, daha \u00f6nce tamamlad\u0131klar\u0131 projeleri incelemek, onlar\u0131n tasar\u0131m felsefeleri hakk\u0131nda fikir sahibi olman\u0131z\u0131 sa\u011flar.<\/p><p>Ayr\u0131ca, <em>yarat\u0131c\u0131l\u0131k ve estetik anlay\u0131\u015f<\/em> a\u00e7\u0131s\u0131ndan da i\u00e7 mimar\u0131n portf\u00f6y\u00fcne g\u00f6z atmal\u0131s\u0131n\u0131z. Estetik ve i\u015flevselli\u011fi bir araya getiren tasar\u0131mlar, ofisinizin hem \u00e7al\u0131\u015fanlar hem de ziyaret\u00e7iler i\u00e7in davetkar olmas\u0131n\u0131 sa\u011flar. Bu nedenle, i\u00e7 mimar\u0131n daha \u00f6nceki i\u015flerindeki yarat\u0131c\u0131l\u0131k d\u00fczeyini de\u011ferlendirmek, sizin i\u00e7in faydal\u0131 olacakt\u0131r.<\/p><p>S\u00fcrd\u00fcr\u00fclebilirlik de g\u00fcn\u00fcm\u00fcz i\u00e7 mimarl\u0131k trendleri aras\u0131nda yer al\u0131yor. Ye\u015fil tasar\u0131m uygulamalar\u0131 konusunda deneyimli olan bir i\u00e7 mimar, \u00e7evre dostu malzemeler ve enerji verimlili\u011fi gibi unsurlar\u0131 ofis projelerinize entegre edebilir. Bu ba\u011flamda, \u00e7evresel etkileri azaltmay\u0131 hedefleyen bir yakla\u015f\u0131m benimseyen i\u00e7 mimarlar, yaln\u0131zca sizin de\u011fil, t\u00fcm toplumun yarar\u0131na olabilecek tasar\u0131mlar ortaya koyabilirler.<\/p><p>Son olarak, <em>ileti\u015fim becerileri<\/em> g\u00fc\u00e7l\u00fc olan bir i\u00e7 mimar tercih etmelisiniz. Proje s\u00fcresince a\u00e7\u0131k ve etkili bir ileti\u015fim, projenizin her a\u015famas\u0131nda gereken revizyonlar\u0131 kolayla\u015ft\u0131r\u0131r ve beklenmeyen durumlar kar\u015f\u0131s\u0131nda h\u0131zl\u0131 \u00e7\u00f6z\u00fcmler \u00fcretmenizi sa\u011flar. B\u00f6ylece, <strong>ofis projeleri<\/strong> daha harmonik ve i\u015flevsel bir boyuta ula\u015f\u0131r.<\/p><p>Sonu\u00e7 olarak, i\u00e7 mimar se\u00e7imi yaparken dikkat etmeniz gereken bu unsurlar, ofis projelerinizin ba\u015far\u0131s\u0131n\u0131 do\u011frudan etkileyecektir. Kaliteli bir i\u00e7 mimar ile \u00e7al\u0131\u015fmak, sadece mek\u00e2n\u0131n g\u00f6r\u00fcn\u00fcm\u00fcn\u00fc de\u011fil, ayn\u0131 zamanda i\u015f s\u00fcre\u00e7lerinizi de olumlu y\u00f6nde etkileyecektir.<\/p><h2 class=\"wp-block-heading\">S\u0131k\u00e7a Sorulan Sorular<\/h2><h3 class=\"wp-block-heading\">\u0130\u00e7 mimar ofis projeleri nelerdir?<\/h3><p>\u0130\u00e7 mimar ofis projeleri, bir ofis alan\u0131n\u0131n estetik ve fonksiyonellik a\u00e7\u0131s\u0131ndan d\u00fczenlenmesini sa\u011flayan tasar\u0131m \u00e7al\u0131\u015fmalar\u0131d\u0131r. Bu projeler, ofislerin \u00e7al\u0131\u015fma verimlili\u011fini art\u0131racak \u015fekilde mek\u00e2n\u0131n planlanmas\u0131n\u0131, mobilya se\u00e7imini, renk ve malzeme kullan\u0131m\u0131n\u0131 kapsar. Ayr\u0131ca, ofislerde \u00e7al\u0131\u015fanlar\u0131n konforunu ve motivasyonunu maksimum d\u00fczeye \u00e7\u0131karmak i\u00e7in ayd\u0131nlatma, akustik d\u00fczenlemeler ve ye\u015fil alan tasar\u0131m\u0131 gibi unsurlar da dikkate al\u0131n\u0131r.<\/p><h3 class=\"wp-block-heading\">\u0130\u00e7 mimar ofis projeleri neden \u00f6nemlidir?<\/h3><p>\u0130\u00e7 mimar ofis projeleri, bir i\u015f yerinin verimlili\u011fini, \u00e7al\u0131\u015fan memnuniyetini ve marka imaj\u0131n\u0131 do\u011frudan etkileyen unsurlard\u0131r. \u0130yi tasarlanm\u0131\u015f bir ofis ortam\u0131, \u00e7al\u0131\u015fanlar aras\u0131nda i\u015fbirli\u011fini te\u015fvik ederken, dikkat da\u011f\u0131lmas\u0131n\u0131 da minimize eder. Ayn\u0131 zamanda, m\u00fc\u015fterilere sunulan alanlar, \u015firketin profesyonelli\u011fini ve estetik tercihlerini yans\u0131tarak marka alg\u0131s\u0131n\u0131 g\u00fc\u00e7lendirir. Bu nedenle, i\u00e7 mimar ofis projeleri hem i\u015f sa\u011fl\u0131\u011f\u0131 a\u00e7\u0131s\u0131ndan hem de ticari ba\u015far\u0131s\u0131 a\u00e7\u0131s\u0131ndan kritik bir rol oynar.<\/p><h3 class=\"wp-block-heading\">\u0130\u00e7 mimar ofis projeleri i\u00e7in b\u00fct\u00e7e nas\u0131l planlan\u0131r?<\/h3><p>\u0130\u00e7 mimar ofis projeleri i\u00e7in b\u00fct\u00e7e planlamas\u0131, tasar\u0131m s\u00fcrecinin en kritik a\u015famalar\u0131ndan biridir. \u0130lk olarak, projenin kapsam\u0131 belirlenmeli ve ihtiya\u00e7 duyulan malzeme, i\u015f\u00e7ilik ve di\u011fer giderler hesaplanmal\u0131d\u0131r. Tasar\u0131mc\u0131 ile yap\u0131lacak detayl\u0131 g\u00f6r\u00fc\u015fmeler, hangi unsurlar\u0131n \u00f6ncelikli oldu\u011funu belirlemeye yard\u0131mc\u0131 olur. Ayr\u0131ca, b\u00fct\u00e7enin esnek tutulmas\u0131, beklenmedik maliyet art\u0131\u015flar\u0131na kar\u015f\u0131 bir koruma sa\u011flar. Projenin her a\u015famas\u0131nda maliyetlerin d\u00fczenli olarak g\u00f6zden ge\u00e7irilmesi, b\u00fct\u00e7e a\u015f\u0131m\u0131n\u0131 engellemeye yard\u0131mc\u0131 olacakt\u0131r.<\/p><script type=\"application\/ld+json\">{\"@context\":\"https:\/\/schema.org\",\"@type\":\"FAQPage\",\"mainEntity\":[{\"@type\":\"Question\",\"name\":\"\u0130\u00e7 mimar ofis projeleri nelerdir?\",\"acceptedAnswer\":{\"@type\":\"Answer\",\"text\":\"\u0130\u00e7 mimar ofis projeleri, bir ofis alan\u0131n\u0131n estetik ve fonksiyonellik a\u00e7\u0131s\u0131ndan d\u00fczenlenmesini sa\u011flayan tasar\u0131m \u00e7al\u0131\u015fmalar\u0131d\u0131r. Bu projeler, ofislerin \u00e7al\u0131\u015fma verimlili\u011fini art\u0131racak \u015fekilde mek\u00e2n\u0131n planlanmas\u0131n\u0131, mobilya se\u00e7imini, renk ve malzeme kullan\u0131m\u0131n\u0131 kapsar. Ayr\u0131ca, ofislerde \u00e7al\u0131\u015fanlar\u0131n konforunu ve motivasyonunu maksimum d\u00fczeye \u00e7\u0131karmak i\u00e7in ayd\u0131nlatma, akustik d\u00fczenlemeler ve ye\u015fil alan tasar\u0131m\u0131 gibi unsurlar da dikkate al\u0131n\u0131r.\"}},{\"@type\":\"Question\",\"name\":\"\u0130\u00e7 mimar ofis projeleri neden \u00f6nemlidir?\",\"acceptedAnswer\":{\"@type\":\"Answer\",\"text\":\"\u0130\u00e7 mimar ofis projeleri, bir i\u015f yerinin verimlili\u011fini, \u00e7al\u0131\u015fan memnuniyetini ve marka imaj\u0131n\u0131 do\u011frudan etkileyen unsurlard\u0131r. \u0130yi tasarlanm\u0131\u015f bir ofis ortam\u0131, \u00e7al\u0131\u015fanlar aras\u0131nda i\u015fbirli\u011fini te\u015fvik ederken, dikkat da\u011f\u0131lmas\u0131n\u0131 da minimize eder. Ayn\u0131 zamanda, m\u00fc\u015fterilere sunulan alanlar, \u015firketin profesyonelli\u011fini ve estetik tercihlerini yans\u0131tarak marka alg\u0131s\u0131n\u0131 g\u00fc\u00e7lendirir. Bu nedenle, i\u00e7 mimar ofis projeleri hem i\u015f sa\u011fl\u0131\u011f\u0131 a\u00e7\u0131s\u0131ndan hem de ticari ba\u015far\u0131s\u0131 a\u00e7\u0131s\u0131ndan kritik bir rol oynar.\"}},{\"@type\":\"Question\",\"name\":\"\u0130\u00e7 mimar ofis projeleri i\u00e7in b\u00fct\u00e7e nas\u0131l planlan\u0131r?\",\"acceptedAnswer\":{\"@type\":\"Answer\",\"text\":\"\u0130\u00e7 mimar ofis projeleri i\u00e7in b\u00fct\u00e7e planlamas\u0131, tasar\u0131m s\u00fcrecinin en kritik a\u015famalar\u0131ndan biridir. \u0130lk olarak, projenin kapsam\u0131 belirlenmeli ve ihtiya\u00e7 duyulan malzeme, i\u015f\u00e7ilik ve di\u011fer giderler hesaplanmal\u0131d\u0131r. Tasar\u0131mc\u0131 ile yap\u0131lacak detayl\u0131 g\u00f6r\u00fc\u015fmeler, hangi unsurlar\u0131n \u00f6ncelikli oldu\u011funu belirlemeye yard\u0131mc\u0131 olur. Ayr\u0131ca, b\u00fct\u00e7enin esnek tutulmas\u0131, beklenmedik maliyet art\u0131\u015flar\u0131na kar\u015f\u0131 bir koruma sa\u011flar. Projenin her a\u015famas\u0131nda maliyetlerin d\u00fczenli olarak g\u00f6zden ge\u00e7irilmesi, b\u00fct\u00e7e a\u015f\u0131m\u0131n\u0131 engellemeye yard\u0131mc\u0131 olacakt\u0131r.\"}}]}<\/script>","protected":false},"excerpt":{"rendered":"<p>Ofis projeleri, g\u00fcn\u00fcm\u00fczde hem i\u015f verimlili\u011fini art\u0131rmak hem de \u00e7al\u0131\u015fanlar\u0131n mutlulu\u011funu sa\u011flamak amac\u0131yla i\u00e7 mimarl\u0131k a\u00e7\u0131s\u0131ndan b\u00fcy\u00fck bir \u00f6nem ta\u015f\u0131yor.<\/p>\n","protected":false},"author":5,"featured_media":0,"comment_status":"closed","ping_status":"closed","sticky":false,"template":"","format":"standard","meta":[],"categories":[1],"tags":[],"aioseo_notices":[],"_links":{"self":[{"href":"https:\/\/www.ucicmimarlik.com\/en\/wp-json\/wp\/v2\/posts\/11105"}],"collection":[{"href":"https:\/\/www.ucicmimarlik.com\/en\/wp-json\/wp\/v2\/posts"}],"about":[{"href":"https:\/\/www.ucicmimarlik.com\/en\/wp-json\/wp\/v2\/types\/post"}],"author":[{"embeddable":true,"href":"https:\/\/www.ucicmimarlik.com\/en\/wp-json\/wp\/v2\/users\/5"}],"replies":[{"embeddable":true,"href":"https:\/\/www.ucicmimarlik.com\/en\/wp-json\/wp\/v2\/comments?post=11105"}],"version-history":[{"count":2,"href":"https:\/\/www.ucicmimarlik.com\/en\/wp-json\/wp\/v2\/posts\/11105\/revisions"}],"predecessor-version":[{"id":11405,"href":"https:\/\/www.ucicmimarlik.com\/en\/wp-json\/wp\/v2\/posts\/11105\/revisions\/11405"}],"wp:attachment":[{"href":"https:\/\/www.ucicmimarlik.com\/en\/wp-json\/wp\/v2\/media?parent=11105"}],"wp:term":[{"taxonomy":"category","embeddable":true,"href":"https:\/\/www.ucicmimarlik.com\/en\/wp-json\/wp\/v2\/categories?post=11105"},{"taxonomy":"post_tag","embeddable":true,"href":"https:\/\/www.ucicmimarlik.com\/en\/wp-json\/wp\/v2\/tags?post=11105"}],"curies":[{"name":"wp","href":"https:\/\/api.w.org\/{rel}","templated":true}]}}