{"id":11103,"date":"2026-02-23T14:54:51","date_gmt":"2026-02-23T11:54:51","guid":{"rendered":"https:\/\/www.ucicmimarlik.com\/ic-mimarlik-hizmeti-cafe-tasarimi\/"},"modified":"2026-02-28T12:16:49","modified_gmt":"2026-02-28T09:16:49","slug":"ic-mimarlik-hizmeti-cafe-tasarimi","status":"publish","type":"post","link":"https:\/\/www.ucicmimarlik.com\/en\/ic-mimarlik-hizmeti-cafe-tasarimi\/","title":{"rendered":"\u0130\u00e7 mimarl\u0131k hizmeti cafe tasar\u0131m\u0131"},"content":{"rendered":"<p>G\u00fcn\u00fcm\u00fczde, bir kafenin ba\u015far\u0131s\u0131 yaln\u0131zca sundu\u011fu \u00fcr\u00fcnlerle de\u011fil, ayn\u0131 zamanda <strong>cafe tasar\u0131m\u0131<\/strong> ile de do\u011frudan ili\u015fkilidir. \u0130\u00e7 mimarl\u0131k, mek\u00e2n\u0131n atmosferini olu\u015fturarak m\u00fc\u015fterilerin ilk izlenimlerini \u015fekillendirir. Ba\u015far\u0131l\u0131 bir cafe tasar\u0131m\u0131 i\u00e7in gereken unsurlar aras\u0131nda estetik uyum, fonksiyonellik ve kullan\u0131c\u0131 deneyimi yer al\u0131r. Ayr\u0131ca, s\u00fcrd\u00fcr\u00fclebilir yakla\u015f\u0131mlar benimseyerek hem \u00e7evreye duyarl\u0131 hem de ekonomik bir tasar\u0131m ger\u00e7ekle\u015ftirmek m\u00fcmk\u00fcnd\u00fcr. Bu yaz\u0131da, i\u00e7 mimarl\u0131\u011f\u0131n cafe tasar\u0131m\u0131ndaki rol\u00fcn\u00fc, kullan\u0131c\u0131 deneyiminin \u00f6nemini ve s\u00fcrd\u00fcr\u00fclebilir tasar\u0131m yollar\u0131n\u0131 detayl\u0131 bir \u015fekilde ele alaca\u011f\u0131z.<\/p><h2 class=\"wp-block-heading\">Cafe tasar\u0131m\u0131 ve i\u00e7 mimarl\u0131\u011f\u0131n rol\u00fc<\/h2><p>Cafelerin tasar\u0131m\u0131nda, i\u00e7 mimarl\u0131k b\u00fcy\u00fck bir \u00f6neme sahiptir. <strong>Cafe tasar\u0131m\u0131<\/strong>, yaln\u0131zca estetik bir g\u00f6r\u00fcn\u00fcm yaratman\u0131n \u00f6tesinde, m\u00fc\u015fteri deneyimini en \u00fcst d\u00fczeye \u00e7\u0131karmaya y\u00f6nelik stratejik bir yakla\u015f\u0131md\u0131r. \u0130\u00e7 mimarlar\u0131n rol\u00fc, mekan\u0131n i\u015flevselli\u011fi ile esteti\u011fi aras\u0131nda uyum sa\u011flamak ve mekan\u0131n ruhunu yans\u0131tmakt\u0131r. Bu kapsamda, al\u0131nan her karar; malzeme se\u00e7iminden, renk paletine, ayd\u0131nlatmadan d\u00fczenlemeye kadar bir\u00e7ok fakt\u00f6r\u00fc i\u00e7ermektedir.<\/p><p>\u0130\u00e7 mimarl\u0131k, cafe tasar\u0131m\u0131nda bir hikaye anlatma sanat\u0131d\u0131r. Mekan, sadece bir yemek yenilen veya bir i\u00e7ecek i\u00e7ilen alan de\u011fil; ayn\u0131 zamanda bir deneyim sunan bir platform olmal\u0131d\u0131r. Ba\u015far\u0131l\u0131 bir i\u00e7 mimar, hedef kitleyi analiz ederek onlar\u0131n beklentilerine uygun bir atmosfer yarat\u0131r. \u00d6rne\u011fin, gen\u00e7lerin tercih etti\u011fi dinamik ve renkli bir ortam ya da \u00e7al\u0131\u015fmaya elveri\u015fli, sakin bir mekan tasarlamak gibi farkl\u0131 yakla\u015f\u0131mlar m\u00fcmk\u00fcnd\u00fcr. Bu noktada, i\u00e7 mimarlar\u0131n sadece estetik kayg\u0131larla de\u011fil, ayn\u0131 zamanda i\u015flevsellik \u00fczerine de d\u00fc\u015f\u00fcnmeleri gerekmektedir.<\/p><p>Cafelerin tasar\u0131m\u0131nda karma\u015f\u0131k bir dengenin kurulmas\u0131 \u00f6nemlidir. <strong>Cafe tasar\u0131m\u0131<\/strong> s\u0131ras\u0131nda, a\u00e7\u0131k ve kapal\u0131 alanlar\u0131n nas\u0131l kullan\u0131laca\u011f\u0131, oturma d\u00fczeninin nas\u0131l olaca\u011f\u0131, akustik tasar\u0131m ve iklimlendirme gibi fakt\u00f6rler dikkate al\u0131nmal\u0131d\u0131r. B\u00f6ylece hem mek\u00e2n\u0131n ruhu hem de m\u00fc\u015fteri konforu sa\u011flan\u0131r. \u0130\u00e7 mimarl\u0131k, bu durumlarda rehberlik eden bir yol g\u00f6sterici olarak devreye girer. Bu s\u00fcre\u00e7te estetik, i\u015flevsellik ve marka kimli\u011fi aras\u0131nda bir denge kurmak, i\u00e7 mimar\u0131n ana hedeflerinden biridir.<\/p><p>Sonu\u00e7 olarak, <strong><a href=\"https:\/\/wawainteriors.com\/cafe-dekorasyon\/\" target=\"_blank\" rel=\"noopener\">cafe<\/a> tasar\u0131m\u0131nda<\/strong> i\u00e7 mimarl\u0131\u011f\u0131n rol\u00fc, estetik unsurlar\u0131n yan\u0131 s\u0131ra kullan\u0131c\u0131 memnuniyeti ve mekan\u0131n i\u015fleyi\u015fi ile do\u011frudan ili\u015fkilidir. Bu sayede, tasarlanan mek\u00e2nlar yaln\u0131zca g\u00f6rsel bir \u015f\u00f6len sunmakla kalmaz, ayn\u0131 zamanda unutulmaz bir deneyim yarat\u0131r.<\/p><h2 class=\"wp-block-heading\">Ba\u015far\u0131l\u0131 bir cafe tasar\u0131m\u0131 i\u00e7in gereken unsurlar<\/h2><p>Ba\u015far\u0131l\u0131 bir <strong>cafe tasar\u0131m\u0131<\/strong> ger\u00e7ekle\u015ftirmenin temeli, belirli unsurlar\u0131n dikkatli bir \u015fekilde bir araya getirilmesine dayan\u0131r. \u00d6ncelikle, <strong>mekan analizi<\/strong> b\u00fcy\u00fck bir \u00f6nem ta\u015f\u0131r. Bu a\u015famada, alan\u0131n b\u00fcy\u00fckl\u00fc\u011f\u00fc, do\u011fal \u0131\u015f\u0131k miktar\u0131 ve mevcut altyap\u0131 gibi fakt\u00f6rler g\u00f6z \u00f6n\u00fcnde bulundurulmal\u0131d\u0131r. Mekan\u0131n yap\u0131sal \u00f6zellikleri, tasar\u0131m s\u00fcrecinin ilk ad\u0131mlar\u0131n\u0131 belirler.<\/p><p>Ard\u0131ndan, <strong>hedef kitle<\/strong> tan\u0131mlanmal\u0131d\u0131r. Cafe&#8217;nin hangi m\u00fc\u015fteri grubuna hitap edece\u011fi, tasar\u0131m\u0131n ayr\u0131nt\u0131lar\u0131n\u0131 \u015fekillendirir. \u00d6rne\u011fin, gen\u00e7 yeti\u015fkinleri hedefleyen bir kafe, modern ve dinamik bir atmosfer sunarken, aileleri hedefleyen bir mekan daha s\u0131cak ve samimi bir ortam yaratmal\u0131d\u0131r.<\/p><p>Bunun yan\u0131 s\u0131ra, <strong>a\u011f\u0131rlama alanlar\u0131n\u0131n d\u00fczeni<\/strong> \u00f6nemli bir unsurdur. M\u00fc\u015fterilerin oturum d\u00fczeni, mekan\u0131 daha giri\u015fken hale getirirken, ayn\u0131 zamanda sosyal etkile\u015fimi de art\u0131r\u0131r. Rahat oturum alanlar\u0131, \u00e7e\u015fitli grup boyutlar\u0131na hizmet verebilecek esnek d\u00f6\u015feme se\u00e7enekleriyle desteklenmelidir.<\/p><p>Ayr\u0131ca, <strong>renk ve malzeme se\u00e7imi<\/strong> de ba\u015fl\u0131ca fakt\u00f6rler aras\u0131nda yer al\u0131r. Renk paleti, mekan\u0131n atmosferini belirlerken, kullan\u0131lan malzemeler hem estetik hem de fonksiyonel a\u00e7\u0131dan \u00f6nemlidir. Do\u011fal ve s\u00fcrd\u00fcr\u00fclebilir malzemeler, mekan\u0131n \u00e7evre dostu imaj\u0131n\u0131 g\u00fc\u00e7lendirir.<\/p><p>Son olarak, <strong>ayd\u0131nlatma<\/strong> unsurlar\u0131 incelenmelidir. Do\u011fal ayd\u0131nlatmay\u0131 art\u0131rmak i\u00e7in pencere yerle\u015fimlerinin yan\u0131 s\u0131ra, yapay ayd\u0131nlatman\u0131n stratejik bir bi\u00e7imde kullan\u0131m\u0131, mekanda istenilen atmosferi olu\u015fturur. T\u00fcm bu unsurlar, bir araya geldi\u011finde etkili bir <strong>cafe tasar\u0131m\u0131<\/strong> ortaya \u00e7\u0131kar\u0131r ve m\u00fc\u015fteri deneyimini olumlu y\u00f6nde etkiler.<\/p><h2 class=\"wp-block-heading\">Kullan\u0131c\u0131 deneyimi ve cafe tasar\u0131m\u0131<\/h2><p>Kullan\u0131c\u0131 deneyimi, bir cafe tasar\u0131m\u0131nda \u00f6nemli bir role sahiptir. Mek\u00e2n\u0131n tasar\u0131m\u0131, ziyaret\u00e7ilerin orada ge\u00e7irdikleri zaman\u0131 etkileyerek onlar\u0131n genel memnuniyetini belirler. \u0130lk olarak, <strong>cafe tasar\u0131m\u0131<\/strong> d\u00fc\u015f\u00fcnd\u00fc\u011f\u00fcm\u00fczde akla gelen alan, ferahl\u0131k ve konfor hissi veren bir atmosfer yaratmakt\u0131r. Kullan\u0131c\u0131lar\u0131n oturma d\u00fczeni, \u0131\u015f\u0131kland\u0131rma ve en \u00f6nemlisi i\u00e7 mek\u00e2n\u0131n ak\u0131\u015f\u0131, onlar\u0131n keyifli bir deneyim ya\u015famas\u0131nda belirleyici unsurlard\u0131r.<\/p><p>Giri\u015ften itibaren, kullan\u0131c\u0131lar\u0131n mekan i\u00e7erisinde nas\u0131l hareket etti\u011fini d\u00fc\u015f\u00fcnmek gerekir. A\u00e7\u0131k alanlar ve rahat ge\u00e7i\u015f yollar\u0131 sa\u011flamak, misafirlerin kendilerini rahat hissetmelerini sa\u011flar. \u00d6zellikle de oturma alanlar\u0131n\u0131n da\u011f\u0131l\u0131m\u0131, gruplar halinde gelen arkada\u015flar ya da yaln\u0131zca bir kitap okuyup kahve i\u00e7meyi tercih eden ki\u015filer i\u00e7in ayr\u0131 alanlar sunabilmelidir. \u0130\u015flevsel d\u00fczenlemeler, kullan\u0131c\u0131lar\u0131n ne kadar uzun s\u00fcre o mek\u00e2nlarda kalacaklar\u0131n\u0131 etkiler. Konforlu sandalyeler ve dikkatlice se\u00e7ilmi\u015f masalar, bu deneyimi daha keyifli hale getirir.<\/p><p>I\u015f\u0131kland\u0131rma da kullan\u0131c\u0131 deneyiminde \u00f6n plana \u00e7\u0131kan bir unsurdur. Do\u011fal \u0131\u015f\u0131\u011f\u0131n i\u00e7eri girmesi, mek\u00e2n\u0131 canl\u0131 k\u0131lar. Bununla birlikte, ak\u015fam saatlerinde s\u0131cak \u0131\u015f\u0131klar kullanmak, rahat bir atmosfer yarat\u0131lmas\u0131na yard\u0131mc\u0131 olur. B\u00f6ylece insanlar, sevdikleriyle uzun saatler boyunca burada vakit ge\u00e7irmek isteyebilirler. Ayn\u0131 zamanda, renk paleti ve kullan\u0131lan malzemeler de <strong>cafe tasar\u0131m\u0131<\/strong> i\u00e7erisinde kullan\u0131c\u0131lar\u0131n ruh hallerini etkileyebilir. Huzur veren pastel tonlar veya enerjik ve canl\u0131 renkler, mek\u00e2na farkl\u0131 bir karakter kazand\u0131rarak destekleyici bir ortam olu\u015fturur.<\/p><p>Unutulmamas\u0131 gereken bir di\u011fer \u00f6nemli nokta ise, kullan\u0131c\u0131lar\u0131n mek\u00e2nla olan etkile\u015fimleridir. Men\u00fc tasar\u0131m\u0131, servis h\u0131z\u0131 ve personelin tutumu gibi unsurlar da bir kullan\u0131c\u0131 deneyiminin ayr\u0131lmaz par\u00e7alar\u0131d\u0131r. T\u00fcm bu unsurlar birlikte de\u011ferlendirildi\u011finde, hem g\u00f6rsel hem de i\u015flevsel bir deneyim sunmak m\u00fcmk\u00fcn olur. Bu nedenle, kullan\u0131c\u0131 deneyimi odakl\u0131 bir <strong>cafe tasar\u0131m\u0131<\/strong> yapmak, ziyaret\u00e7ilerin memnuniyetini art\u0131rmak i\u00e7in \u015fartt\u0131r.<\/p><h2 class=\"wp-block-heading\">S\u00fcrd\u00fcr\u00fclebilir cafe tasar\u0131m\u0131 yakla\u015f\u0131mlar\u0131<\/h2><p>S\u00fcrd\u00fcr\u00fclebilir cafe tasar\u0131m\u0131, \u00e7evresel etkilerin en aza indirilmesi ve kaynaklar\u0131n verimli kullan\u0131lmas\u0131 ilkesine dayanarak yap\u0131lan tasar\u0131m \u00e7al\u0131\u015fmalar\u0131n\u0131 ifade eder. Bu yakla\u015f\u0131m, i\u00e7 mimarl\u0131k ve genel cafe tasar\u0131m\u0131 s\u00fcre\u00e7lerinde giderek daha fazla \u00f6nem kazanmaktad\u0131r. \u00d6ncelikle, <strong>cafe tasar\u0131m\u0131<\/strong> s\u00fcrecinde do\u011fal malzemelerin kullan\u0131m\u0131 b\u00fcy\u00fck bir yer tutar. \u00d6rne\u011fin, yerel olarak temin edilen ah\u015faplar, geri d\u00f6n\u00fc\u015ft\u00fcr\u00fclm\u00fc\u015f malzemeler veya organik kuma\u015flar tercih etmek, \u00e7evreye olan olumsuz etkiyi azalt\u0131r.<\/p><p>Bunun yan\u0131 s\u0131ra, enerji verimlili\u011fi sa\u011flayan sistemler entegre etmek de s\u00fcrd\u00fcr\u00fclebilir tasar\u0131m\u0131n temel unsurlar\u0131ndand\u0131r. LED ayd\u0131nlatmalar, enerji tasarruflu cihazlar ve g\u00fcne\u015f panelleri, cafe ortam\u0131n\u0131n enerji t\u00fcketimini ciddi oranda d\u00fc\u015f\u00fcrebilir. Ayr\u0131ca, i\u00e7 mekan hava kalitesini art\u0131rmak i\u00e7in do\u011fal havaland\u0131rma sistemleri ve ye\u015fil bitkiler kullanmak, s\u00fcrd\u00fcr\u00fclebilirli\u011fe katk\u0131 sa\u011flar.<\/p><p>Ayr\u0131ca, su tasarrufu sa\u011flayan armat\u00fcrler ve cihazlar, cafe i\u015fletmelerinin \u00e7evresel ayak izlerini \u00f6nemli \u00f6l\u00e7\u00fcde azalt\u0131r. \u00d6rne\u011fin, d\u00fc\u015f\u00fck ak\u0131\u015fl\u0131 musluklar ve tuvaletlerde su tasarrufu sistemleri, sadece maliyetleri d\u00fc\u015f\u00fcrmekle kalmaz, ayn\u0131 zamanda su kaynaklar\u0131n\u0131n korunmas\u0131na da yard\u0131mc\u0131 olur.<\/p><p>S\u00fcrd\u00fcr\u00fclebilir cafe tasar\u0131mlar\u0131, ayn\u0131 zamanda kullan\u0131c\u0131 deneyimini de zenginle\u015ftirir. Mekan\u0131n do\u011fal \u0131\u015f\u0131k almasi, konforlu oturma alanlar\u0131 ve estetik g\u00f6rsellik, m\u00fc\u015fteri memnuniyetini art\u0131ran unsurlar aras\u0131nda yer al\u0131r. Sonu\u00e7 olarak, <strong>cafe tasar\u0131m\u0131<\/strong> s\u00fcre\u00e7lerinde s\u00fcrd\u00fcr\u00fclebilir yakla\u015f\u0131mlar benimsemek, hem \u00e7evresel a\u00e7\u0131dan duyarl\u0131 bir i\u015fletme olu\u015fturmak hem de uzun vadede ekonomik faydalar elde etmek i\u00e7in kritik bir rol oynamaktad\u0131r.<\/p><h2 class=\"wp-block-heading\">S\u0131k\u00e7a Sorulan Sorular<\/h2><h3 class=\"wp-block-heading\">\u0130\u00e7 mimarl\u0131k hizmeti nedir?<\/h3><p>\u0130\u00e7 mimarl\u0131k hizmeti, mekanlar\u0131n estetik ve fonksiyonel a\u00e7\u0131dan d\u00fczenlenmesi amac\u0131yla verilen profesyonel bir hizmettir. \u0130\u00e7 mimarlar, mekanlar\u0131n kaliteli bir \u015fekilde kullan\u0131lmas\u0131n\u0131 sa\u011flamak i\u00e7in alan planlamas\u0131, malzeme se\u00e7imi, ayd\u0131nlatma tasar\u0131m\u0131 gibi unsurlar\u0131 g\u00f6z \u00f6n\u00fcnde bulundurarak \u00e7al\u0131\u015f\u0131rlar. Bu hizmet, evlerden ticari mekanlara kadar geni\u015f bir alanda sunulmakta olup, mekanlar\u0131n kullan\u0131c\u0131 ihtiya\u00e7lar\u0131na uygun \u015fekilde tasarlanmas\u0131n\u0131 hedefler.<\/p><h3 class=\"wp-block-heading\">Cafe tasar\u0131m\u0131nda nelere dikkat edilmelidir?<\/h3><p>Cafe tasar\u0131m\u0131nda, m\u00fc\u015fteri deneyimini art\u0131rmak i\u00e7in bir\u00e7ok fakt\u00f6r g\u00f6z \u00f6n\u00fcnde bulundurulmal\u0131d\u0131r. \u00d6ncelikle, mekan\u0131n ak\u0131\u015fkanl\u0131\u011f\u0131 ve ferahl\u0131\u011f\u0131 sa\u011flanmal\u0131d\u0131r; bu da oturma d\u00fczeni ve alan kullan\u0131m\u0131na ba\u011fl\u0131d\u0131r. Ayr\u0131ca, i\u00e7 mekan\u0131n atmosferi olu\u015fturacak renkler, malzemeler ve ayd\u0131nlatma se\u00e7imi de olduk\u00e7a \u00f6nemlidir. M\u00fc\u015fterilerin konforunu sa\u011flamak i\u00e7in uygun mobilya se\u00e7imleri yap\u0131lmal\u0131, ayn\u0131 zamanda mekan\u0131n marka kimli\u011fi ile uyumlu bir tasar\u0131m dili olu\u015fturulmal\u0131d\u0131r.<\/p><h3 class=\"wp-block-heading\">\u0130\u00e7 mimar ile nas\u0131l \u00e7al\u0131\u015fmal\u0131y\u0131m?<\/h3><p>\u0130\u00e7 mimar ile \u00e7al\u0131\u015fmaya ba\u015flarken, \u00f6ncelikle projeye dair beklentilerinizi ve b\u00fct\u00e7enizi net bir \u015fekilde belirlemeniz \u00f6nemlidir. \u0130\u00e7 mimar\u0131n sizinle birlikte \u00e7al\u0131\u015fmas\u0131n\u0131 ve hangi a\u015famalarda katk\u0131da bulunaca\u011f\u0131n\u0131 anlamak i\u00e7in a\u00e7\u0131k bir ileti\u015fim kurmal\u0131s\u0131n\u0131z. Proje s\u00fcrecinde d\u00fczenli g\u00f6r\u00fc\u015fmeler yaparak tasar\u0131m\u0131n ilerlemesini takip edebilir, \u00f6neri ve geri bildirimlerinizi payla\u015fabilirsiniz. \u0130\u00e7 mimar, sizin hayal etti\u011finiz mekan\u0131n ger\u00e7e\u011fe d\u00f6n\u00fc\u015fmesi i\u00e7in profesyonel bilgi ve deneyimini kullanacak, bu y\u00fczden onun \u00f6nerilerine de a\u00e7\u0131k olmal\u0131s\u0131n\u0131z.<\/p><script type=\"application\/ld+json\">{\"@context\":\"https:\/\/schema.org\",\"@type\":\"FAQPage\",\"mainEntity\":[{\"@type\":\"Question\",\"name\":\"\u0130\u00e7 mimarl\u0131k hizmeti nedir?\",\"acceptedAnswer\":{\"@type\":\"Answer\",\"text\":\"\u0130\u00e7 mimarl\u0131k hizmeti, mekanlar\u0131n estetik ve fonksiyonel a\u00e7\u0131dan d\u00fczenlenmesi amac\u0131yla verilen profesyonel bir hizmettir. \u0130\u00e7 mimarlar, mekanlar\u0131n kaliteli bir \u015fekilde kullan\u0131lmas\u0131n\u0131 sa\u011flamak i\u00e7in alan planlamas\u0131, malzeme se\u00e7imi, ayd\u0131nlatma tasar\u0131m\u0131 gibi unsurlar\u0131 g\u00f6z \u00f6n\u00fcnde bulundurarak \u00e7al\u0131\u015f\u0131rlar. Bu hizmet, evlerden ticari mekanlara kadar geni\u015f bir alanda sunulmakta olup, mekanlar\u0131n kullan\u0131c\u0131 ihtiya\u00e7lar\u0131na uygun \u015fekilde tasarlanmas\u0131n\u0131 hedefler.\"}},{\"@type\":\"Question\",\"name\":\"Cafe tasar\u0131m\u0131nda nelere dikkat edilmelidir?\",\"acceptedAnswer\":{\"@type\":\"Answer\",\"text\":\"Cafe tasar\u0131m\u0131nda, m\u00fc\u015fteri deneyimini art\u0131rmak i\u00e7in bir\u00e7ok fakt\u00f6r g\u00f6z \u00f6n\u00fcnde bulundurulmal\u0131d\u0131r. \u00d6ncelikle, mekan\u0131n ak\u0131\u015fkanl\u0131\u011f\u0131 ve ferahl\u0131\u011f\u0131 sa\u011flanmal\u0131d\u0131r; bu da oturma d\u00fczeni ve alan kullan\u0131m\u0131na ba\u011fl\u0131d\u0131r. Ayr\u0131ca, i\u00e7 mekan\u0131n atmosferi olu\u015fturacak renkler, malzemeler ve ayd\u0131nlatma se\u00e7imi de olduk\u00e7a \u00f6nemlidir. M\u00fc\u015fterilerin konforunu sa\u011flamak i\u00e7in uygun mobilya se\u00e7imleri yap\u0131lmal\u0131, ayn\u0131 zamanda mekan\u0131n marka kimli\u011fi ile uyumlu bir tasar\u0131m dili olu\u015fturulmal\u0131d\u0131r.\"}},{\"@type\":\"Question\",\"name\":\"\u0130\u00e7 mimar ile nas\u0131l \u00e7al\u0131\u015fmal\u0131y\u0131m?\",\"acceptedAnswer\":{\"@type\":\"Answer\",\"text\":\"\u0130\u00e7 mimar ile \u00e7al\u0131\u015fmaya ba\u015flarken, \u00f6ncelikle projeye dair beklentilerinizi ve b\u00fct\u00e7enizi net bir \u015fekilde belirlemeniz \u00f6nemlidir. \u0130\u00e7 mimar\u0131n sizinle birlikte \u00e7al\u0131\u015fmas\u0131n\u0131 ve hangi a\u015famalarda katk\u0131da bulunaca\u011f\u0131n\u0131 anlamak i\u00e7in a\u00e7\u0131k bir ileti\u015fim kurmal\u0131s\u0131n\u0131z. Proje s\u00fcrecinde d\u00fczenli g\u00f6r\u00fc\u015fmeler yaparak tasar\u0131m\u0131n ilerlemesini takip edebilir, \u00f6neri ve geri bildirimlerinizi payla\u015fabilirsiniz. \u0130\u00e7 mimar, sizin hayal etti\u011finiz mekan\u0131n ger\u00e7e\u011fe d\u00f6n\u00fc\u015fmesi i\u00e7in profesyonel bilgi ve deneyimini kullanacak, bu y\u00fczden onun \u00f6nerilerine de a\u00e7\u0131k olmal\u0131s\u0131n\u0131z.\"}}]}<\/script>","protected":false},"excerpt":{"rendered":"<p>G\u00fcn\u00fcm\u00fczde, bir kafenin ba\u015far\u0131s\u0131 yaln\u0131zca sundu\u011fu \u00fcr\u00fcnlerle de\u011fil, ayn\u0131 zamanda cafe tasar\u0131m\u0131 ile de do\u011frudan ili\u015fkilidir. \u0130\u00e7 mimarl\u0131k, mek\u00e2n\u0131n atmosferini<\/p>\n","protected":false},"author":5,"featured_media":0,"comment_status":"closed","ping_status":"closed","sticky":false,"template":"","format":"standard","meta":[],"categories":[1],"tags":[],"aioseo_notices":[],"_links":{"self":[{"href":"https:\/\/www.ucicmimarlik.com\/en\/wp-json\/wp\/v2\/posts\/11103"}],"collection":[{"href":"https:\/\/www.ucicmimarlik.com\/en\/wp-json\/wp\/v2\/posts"}],"about":[{"href":"https:\/\/www.ucicmimarlik.com\/en\/wp-json\/wp\/v2\/types\/post"}],"author":[{"embeddable":true,"href":"https:\/\/www.ucicmimarlik.com\/en\/wp-json\/wp\/v2\/users\/5"}],"replies":[{"embeddable":true,"href":"https:\/\/www.ucicmimarlik.com\/en\/wp-json\/wp\/v2\/comments?post=11103"}],"version-history":[{"count":2,"href":"https:\/\/www.ucicmimarlik.com\/en\/wp-json\/wp\/v2\/posts\/11103\/revisions"}],"predecessor-version":[{"id":11403,"href":"https:\/\/www.ucicmimarlik.com\/en\/wp-json\/wp\/v2\/posts\/11103\/revisions\/11403"}],"wp:attachment":[{"href":"https:\/\/www.ucicmimarlik.com\/en\/wp-json\/wp\/v2\/media?parent=11103"}],"wp:term":[{"taxonomy":"category","embeddable":true,"href":"https:\/\/www.ucicmimarlik.com\/en\/wp-json\/wp\/v2\/categories?post=11103"},{"taxonomy":"post_tag","embeddable":true,"href":"https:\/\/www.ucicmimarlik.com\/en\/wp-json\/wp\/v2\/tags?post=11103"}],"curies":[{"name":"wp","href":"https:\/\/api.w.org\/{rel}","templated":true}]}}