{"id":11003,"date":"2026-02-23T14:52:33","date_gmt":"2026-02-23T11:52:33","guid":{"rendered":"https:\/\/www.ucicmimarlik.com\/istanbulda-kucuk-evler-icin-ic-mimarlik-cozumleri-nelerdir\/"},"modified":"2026-02-28T11:57:00","modified_gmt":"2026-02-28T08:57:00","slug":"istanbulda-kucuk-evler-icin-ic-mimarlik-cozumleri-nelerdir","status":"publish","type":"post","link":"https:\/\/www.ucicmimarlik.com\/en\/istanbulda-kucuk-evler-icin-ic-mimarlik-cozumleri-nelerdir\/","title":{"rendered":"\u0130stanbul\u2019da k\u00fc\u00e7\u00fck evler i\u00e7in i\u00e7 mimarl\u0131k \u00e7\u00f6z\u00fcmleri nelerdir?"},"content":{"rendered":"<p>\u0130stanbul&#8217;un hareketli ya\u015fam\u0131nda, k\u00fc\u00e7\u00fck evlerde konforu ve esteti\u011fi bir araya getirmek b\u00fcy\u00fck bir zorluk olabilir. Ancak, do\u011fru i\u00e7 mimarl\u0131k \u00e7\u00f6z\u00fcmleri ile bu alanlar\u0131 daha fonksiyonel ve davetkar hale getirmek m\u00fcmk\u00fcn. Bu yaz\u0131da, k\u00fc\u00e7\u00fck evlerde fonksiyonel tasar\u0131m yakla\u015f\u0131mlar\u0131ndan yer tasarrufu sa\u011flayan ak\u0131ll\u0131 i\u00e7 mekan \u00e7\u00f6z\u00fcmlerine, ayn\u0131 zamanda k\u00fc\u00e7\u00fck alanlarda estetik ve ferah bir ortam yaratma y\u00f6ntemlerine kadar bir\u00e7ok faydal\u0131 bilgiyi sizlerle payla\u015faca\u011f\u0131z. <strong>K\u00fc\u00e7\u00fck ev i\u00e7 mimarl\u0131k \u00e7\u00f6z\u00fcmleri<\/strong> sayesinde, dar alanlar\u0131 etkili bir \u015fekilde de\u011ferlendirme ve ya\u015fam alanlar\u0131n\u0131z\u0131 \u00f6zelle\u015ftirme konusunda ilham alacaks\u0131n\u0131z. Haz\u0131rsan\u0131z, \u0130stanbul&#8217;daki k\u00fc\u00e7\u00fck evler i\u00e7in yarat\u0131c\u0131 ve pratik \u00f6nerilere birlikte g\u00f6z atal\u0131m!<\/p><h2 class=\"wp-block-heading\">K\u00fc\u00e7\u00fck Evlerde Fonksiyonel Tasar\u0131m Yakla\u015f\u0131mlar\u0131<\/h2><p>K\u00fc\u00e7\u00fck evlerde ya\u015fam alan\u0131n\u0131n etkin bir \u015fekilde kullan\u0131lmas\u0131, i\u00e7 mimari tasar\u0131m\u0131n en \u00f6nemli unsurlar\u0131ndan biridir. Bu ba\u011flamda, <strong>k\u00fc\u00e7\u00fck ev i\u00e7 mimarl\u0131k \u00e7\u00f6z\u00fcmleri<\/strong> sunan i\u015flevsel tasar\u0131m yakla\u015f\u0131mlar\u0131, hem estetik hem de pratik bir ya\u015fam alan\u0131 olu\u015fturmay\u0131 ama\u00e7lar. Tasar\u0131m s\u00fcrecinde \u00f6ncelikle mek\u00e2n\u0131n ihtiya\u00e7lar\u0131 belirlenmeli, ard\u0131ndan bu ihtiya\u00e7lar do\u011frultusunda \u00e7e\u015fitli stratejiler geli\u015ftirilmelidir.<\/p><p>\u00d6ncelikle, a\u00e7\u0131k plan alanlar olu\u015fturmak, k\u00fc\u00e7\u00fck evlerde fonksiyonelli\u011fi art\u0131ran etkili bir yakla\u015f\u0131md\u0131r. Farkl\u0131 ya\u015fam alanlar\u0131 aras\u0131nda do\u011fal ge\u00e7i\u015flerin sa\u011flanmas\u0131, hem alan\u0131n ferah g\u00f6r\u00fcnmesini sa\u011flar hem de sosyal etkile\u015fimi art\u0131r\u0131r. Bunun yan\u0131nda, \u00e7ok ama\u00e7l\u0131 mobilyalar kullanmak da olduk\u00e7a \u00f6nemlidir. \u00d6rne\u011fin, bir oturma alan\u0131 oturma grubu ayn\u0131 zamanda bir yatak olarak kullan\u0131labilir ya da yemek masas\u0131, katlanabilir \u00f6zellikte tasarlanarak gerekti\u011finde ba\u015fka alanlarda da kullan\u0131labilir hale getirilebilir.<\/p><p>\u0130kinci bir strateji, duvarlar\u0131n ve b\u00f6lmelerin ak\u0131ll\u0131ca kullan\u0131m\u0131d\u0131r. A\u00e7\u0131k raf sistemleri, duvara monte dolaplar, katlanabilir masa ve sandalyeler gibi elemanlar, gereksiz e\u015fyalar\u0131n birikmesini \u00f6nlerken, alan\u0131n daha i\u015flevsel kullan\u0131lmas\u0131na olanak tan\u0131r. Duvarlar\u0131 \u0131\u015f\u0131k ge\u00e7irgen malzemelerle tasarlamakta, hem g\u00f6rsel geni\u015flik hissi yarat\u0131r hem de do\u011fal ayd\u0131nlatma sa\u011flayarak enerji verimlili\u011fine katk\u0131 sunar.<\/p><p>Ayr\u0131ca, do\u011fru renk se\u00e7imi ve \u0131\u015f\u0131kland\u0131rma da fonksiyonel tasar\u0131mda g\u00f6z ard\u0131 edilmemesi gereken unsurlard\u0131r. A\u00e7\u0131k renk tonlar\u0131, alan\u0131n daha geni\u015f g\u00f6r\u00fcnmesini sa\u011flarken, do\u011fru yerle\u015ftirilen ayd\u0131nlatmalar, mek\u00e2n\u0131 daha keyifli bir hale getirebilir. Bu t\u00fcr detaylar, yaln\u0131zca estetik bir g\u00f6r\u00fcn\u00fcm yaratmakla kalmaz, i\u015flevselli\u011fi de art\u0131rarak ya\u015fam alanlar\u0131n\u0131 daha konforlu hale getirir.<\/p><p>Sonu\u00e7 olarak, <strong>k\u00fc\u00e7\u00fck ev i\u00e7 mimarl\u0131k \u00e7\u00f6z\u00fcmleri<\/strong>, ya\u015fam alanlar\u0131n\u0131n hem fonksiyonel hem de estetik olarak tasarlanmas\u0131nda f\u0131rsatlar sunar. Bu ba\u011flamda alan\u0131 verimli kullanmak, ya\u015fam kalitesini art\u0131rmak ve ki\u015fisel tarz\u0131 yans\u0131tmak i\u00e7in \u00e7e\u015fitli stratejiler hayata ge\u00e7irilebilir.<\/p><figure class=\"wp-block-image\"><img decoding=\"async\" data-src=\"https:\/\/www.ucicmimarlik.com\/wp-content\/uploads\/2026\/02\/istanbulda-kucuk-evler-icin-ic-mimarlik-cozumleri-nelerdir-1.jpg\" alt=\"K\u00fc\u00e7\u00fck ev i\u00e7 mimarl\u0131k \u00e7\u00f6z\u00fcmleri\" title=\"K\u00fc\u00e7\u00fck ev i\u00e7 mimarl\u0131k \u00e7\u00f6z\u00fcmleri\" src=\"data:image\/gif;base64,R0lGODlhAQABAAAAACH5BAEKAAEALAAAAAABAAEAAAICTAEAOw==\" class=\"lazyload\"><noscript><img decoding=\"async\" src=\"https:\/\/www.ucicmimarlik.com\/wp-content\/uploads\/2026\/02\/istanbulda-kucuk-evler-icin-ic-mimarlik-cozumleri-nelerdir-1.jpg\" alt=\"K\u00fc\u00e7\u00fck ev i\u00e7 mimarl\u0131k \u00e7\u00f6z\u00fcmleri\" title=\"K\u00fc\u00e7\u00fck ev i\u00e7 mimarl\u0131k \u00e7\u00f6z\u00fcmleri\"><\/noscript><\/figure><h2 class=\"wp-block-heading\">Yer Tasarrufu Sa\u011flayan Ak\u0131ll\u0131 \u0130\u00e7 Mekan \u00c7\u00f6z\u00fcmleri<\/h2><p>K\u00fc\u00e7\u00fck evlerde yer tasarrufu sa\u011flamak, hem i\u015flevsellik hem de konfor a\u00e7\u0131s\u0131ndan b\u00fcy\u00fck \u00f6nem ta\u015f\u0131r. Bu ba\u011flamda, <strong>k\u00fc\u00e7\u00fck ev i\u00e7 mimarl\u0131k \u00e7\u00f6z\u00fcmleri<\/strong> aras\u0131nda ak\u0131ll\u0131 tasar\u0131m yakla\u015f\u0131mlar\u0131 \u00f6ne \u00e7\u0131kmaktad\u0131r. Ak\u0131ll\u0131 i\u00e7 mekan \u00e7\u00f6z\u00fcmleri kullanarak, ya\u015fam alanlar\u0131 daha verimli hale getirilebilir ve alan maksimum d\u00fczeyde yararlan\u0131labilir.<\/p><p>\u00d6ncelikle, mod\u00fcler mobilyalar \u00f6nemli bir yere sahiptir. Bu t\u00fcr mobilyalar, gerekti\u011finde farkl\u0131 \u015fekillerde kullan\u0131labilme \u00f6zelli\u011fi ile dikkat \u00e7eker. \u00d6rne\u011fin, a\u00e7\u0131l\u0131r-kapan\u0131r masalar ya da yatak olarak da kullan\u0131labilen kanepeler, alan\u0131n fonksiyonel bir \u015fekilde de\u011ferlendirilmesini sa\u011flar. Ayr\u0131ca, bu tarz \u00fcr\u00fcnler, ferah bir g\u00f6r\u00fcn\u00fcm yarat\u0131rken ayn\u0131 zamanda ihtiya\u00e7 duyuldu\u011funda kullan\u0131labilmek i\u00e7in kolayca depolanabilir.<\/p><p>Di\u011fer bir y\u00f6ntem ise \u00e7ok ama\u00e7l\u0131 alanlar yaratmakt\u0131r. Farkl\u0131 i\u015flevleri bir arada sunan mekanlar, \u00f6zellikle k\u00fc\u00e7\u00fck alanlarda olduk\u00e7a etkilidir. \u00d6rne\u011fin, yemek alan\u0131n\u0131n oturma odas\u0131 ile birle\u015ftirildi\u011fi a\u00e7\u0131k plan tasar\u0131mlar, sosyal etkile\u015fimi art\u0131rarak ferah bir atmosfer sunar. Ferah bir g\u00f6r\u00fcn\u00fcm i\u00e7in do\u011fru renk paletleri ve ayd\u0131nlatma se\u00e7enekleri ile desteklenen bu t\u00fcr d\u00fczenlemeler, alan\u0131n daha geni\u015f g\u00f6r\u00fcnmesini sa\u011flar.<\/p><p>Yerle\u015fim plan\u0131nda yerden tasarruf sa\u011flamak i\u00e7in duvar raflar\u0131 ve ask\u0131l\u0131 sistemler kullanmak da olduk\u00e7a etkili bir \u00e7\u00f6z\u00fcmd\u00fcr. S\u0131va alt\u0131 mod\u00fcler depolama alanlar\u0131, e\u015fyalar\u0131 d\u00fczenli bir \u015fekilde saklamak i\u00e7in idealdir. Bu sayede, yerden tasarruf sa\u011flan\u0131rken e\u015fyalar\u0131n d\u00fczensiz g\u00f6r\u00fcn\u00fcmden uzak durmas\u0131 m\u00fcmk\u00fcn olur. Ayr\u0131ca, a\u00e7\u0131k raf sistemleri kullanarak, s\u0131k kullan\u0131lan e\u015fyalar\u0131n g\u00f6r\u00fcn\u00fcr hale getirilmesi, hem pratiklik hem de estetik a\u00e7\u0131s\u0131ndan olumlu sonu\u00e7lar do\u011furur.<\/p><p>Sonu\u00e7 olarak, yer tasarrufuna y\u00f6nelik ak\u0131ll\u0131 i\u00e7 mekan \u00e7\u00f6z\u00fcmleri, k\u00fc\u00e7\u00fck evlerin i\u015flevselli\u011fini art\u0131rmak i\u00e7in kritik \u00f6neme sahiptir. Mod\u00fcler mobilyalar, \u00e7ok ama\u00e7l\u0131 alan tasar\u0131m\u0131 ve ak\u0131ll\u0131 depolama sistemleri, <strong>k\u00fc\u00e7\u00fck ev <a href=\"https:\/\/www.nidaicmimarlik.com\/portfolio-item\/dlr-kucuk-ev-dekorasyonu\/\" target=\"_blank\" rel=\"noopener\">i\u00e7 mimarl\u0131k<\/a> \u00e7\u00f6z\u00fcmleri<\/strong> i\u00e7erisinde yer alarak ya\u015fam alanlar\u0131n\u0131 daha konforlu ve estetik hale getirir.<\/p><h2 class=\"wp-block-heading\">K\u00fc\u00e7\u00fck Alanlarda Estetik ve Ferah Bir Ortam Yaratma Y\u00f6ntemleri<\/h2><p>K\u00fc\u00e7\u00fck evlerde estetik ve ferah bir ortam yaratmak, do\u011fru tasar\u0131m ve dekorasyon ile m\u00fcmk\u00fcn hale geliyor. <strong>K\u00fc\u00e7\u00fck ev i\u00e7 mimarl\u0131k \u00e7\u00f6z\u00fcmleri<\/strong>, mekan\u0131n s\u0131n\u0131rlar\u0131n\u0131 a\u015farak ya\u015fam alanlar\u0131m\u0131z\u0131 daha geni\u015f ve davetkar hale getirebilir. Bunun i\u00e7in izlenebilecek baz\u0131 y\u00f6ntemler, hemen her evin atmosferini tazeleyecek nitelikte.<\/p><p>\u00d6ncelikle, <strong>a\u00e7\u0131k renk paletleri<\/strong> kullanmak, alan\u0131n daha b\u00fcy\u00fck g\u00f6r\u00fcnmesini sa\u011flar. Beyaz, pastel tonlar veya a\u00e7\u0131k gri gibi renkler, \u0131\u015f\u0131\u011f\u0131 yans\u0131tarak mekan\u0131 ayd\u0131nlat\u0131r ve ferahl\u0131k hissi yarat\u0131r. Mobilyalar\u0131n\u0131z\u0131 bu tonlarda se\u00e7erek, uyumlu bir b\u00fct\u00fcnl\u00fck olu\u015fturabilirsiniz. Ayr\u0131ca, duvarlar\u0131 beyaza ya da a\u00e7\u0131k renklere boyamak, mek\u00e2n\u0131n derinli\u011fini vurgulayarak g\u00f6z yan\u0131lsamas\u0131 ile alan\u0131 geni\u015fletecektir.<\/p><p>I\u015f\u0131kland\u0131rma da, k\u00fc\u00e7\u00fck alanlarda estetik bir ortam olu\u015fturmak i\u00e7in kritik bir unsurdur. <strong>Do\u011fal \u0131\u015f\u0131k kaynaklar\u0131n\u0131 en iyi \u015fekilde kullanmak<\/strong>, g\u00fcn i\u00e7erisindeki ayd\u0131nl\u0131\u011f\u0131 art\u0131rarak ortam\u0131n havadar g\u00f6r\u00fcnmesini sa\u011flar. E\u011fer do\u011fal \u0131\u015f\u0131k alan pencereleriniz s\u0131n\u0131rl\u0131ysa, \u00e7e\u015fitli ayd\u0131nlatma se\u00e7eneklerine y\u00f6nelerek zemin lambalar\u0131, tavan ayd\u0131nlatmalar\u0131 ve abajurlar kullanmak faydal\u0131 olacakt\u0131r.<\/p><p>Ayr\u0131ca, <strong>\u00e7ok i\u015flevli mobilyalar<\/strong> tercih etmek, alan\u0131n kullan\u0131m\u0131n\u0131 art\u0131r\u0131rken, estetik bir g\u00f6r\u00fcn\u00fcm de sunar. \u00d6rne\u011fin, sehpa oldu\u011fu kadar ayn\u0131 zamanda depolama alan\u0131 olan par\u00e7alar veya yatak olup a\u00e7\u0131ld\u0131\u011f\u0131nda oturma alan\u0131 haline gelen mobilyalar, ya\u015fam alan\u0131n\u0131z\u0131 verimli hale getirir. B\u00f6ylece hem i\u015flevselli\u011fi art\u0131r\u0131r hem de \u015f\u0131kl\u0131\u011f\u0131 korursunuz.<\/p><p>Son olarak, dikey alan\u0131 de\u011ferlendirmek \u00f6nemlidir. <strong>A\u00e7\u0131k raf sistemleri<\/strong> kullanarak, duvarlar\u0131 depolama alan\u0131 haline getirebilir, kitaplar\u0131n\u0131z\u0131 veya dekoratif objelerinizi sergileyerek odan\u0131za ki\u015filik katabilirsiniz. Yine tavan ask\u0131l\u0131klar\u0131 ve duvara monte edilebilen depolama \u00e7\u00f6z\u00fcmleri, hem estetik hem de i\u015flevsel bir katk\u0131 sa\u011flamaktad\u0131r.<\/p><p>Bu y\u00f6ntemlerle, k\u00fc\u00e7\u00fck alanlarda <strong>estetik ve ferah bir ortam<\/strong> yaratmak, m\u00fcmk\u00fcn hale gelir. Tasar\u0131m ve d\u00fczenleme konusunda yarat\u0131c\u0131 olun, b\u00f6ylece her k\u00f6\u015fenizi keyifli bir ya\u015fam alan\u0131na d\u00f6n\u00fc\u015ft\u00fcrebilirsiniz.<\/p><h2 class=\"wp-block-heading\">S\u0131k\u00e7a Sorulan Sorular<\/h2><h3 class=\"wp-block-heading\">K\u00fc\u00e7\u00fck evler i\u00e7in en etkili i\u00e7 mimarl\u0131k \u00e7\u00f6z\u00fcmleri nelerdir?<\/h3><p>K\u00fc\u00e7\u00fck evler i\u00e7in i\u00e7 mimarl\u0131kta en etkili \u00e7\u00f6z\u00fcmler aras\u0131nda mekan\u0131n fonksiyonel olarak kullan\u0131lmas\u0131 ve a\u00e7\u0131k alanlar\u0131n olu\u015fturulmas\u0131 yer al\u0131r. Ayr\u0131ca, duvar raflar\u0131, \u00e7ok ama\u00e7l\u0131 mobilyalar ve ayna kullan\u0131m\u0131, alan\u0131n daha geni\u015f g\u00f6r\u00fcnmesini sa\u011flamada yard\u0131mc\u0131 olur. Ek olarak, a\u00e7\u0131k renk paletleri ve iyi bir ayd\u0131nlatma sistemi ile mekan\u0131n ferah ve kullan\u0131\u015fl\u0131 olmas\u0131 sa\u011flanabilir.<\/p><h3 class=\"wp-block-heading\">K\u00fc\u00e7\u00fck evlerde depolama \u00e7\u00f6z\u00fcmleri nas\u0131l olmal\u0131d\u0131r?<\/h3><p>K\u00fc\u00e7\u00fck evlerde depolama, yerle\u015fim d\u00fczeninin en \u00f6nemli par\u00e7alar\u0131ndan biridir. \u0130\u00e7 mekan tasar\u0131m\u0131nda, alan\u0131n en verimli \u015fekilde kullan\u0131lmas\u0131 i\u00e7in \u00f6zel depolama alanlar\u0131 tasarlanmal\u0131d\u0131r. \u00d6rne\u011fin, yatak alt\u0131 depolama sistemleri, duvara monte raflar ve g\u00f6mme dolaplar gibi se\u00e7enekler ile alan\u0131n d\u00fczenlenmesi sa\u011flanabilir. Mobilyalarda ayr\u0131ca yer alt\u0131nda veya i\u00e7inde saklama alanlar\u0131 bar\u0131nd\u0131ran tasar\u0131mlar tercih edilmelidir.<\/p><h3 class=\"wp-block-heading\">\u0130stanbul\u2019da k\u00fc\u00e7\u00fck bir evin i\u00e7 mimarl\u0131k fiyatlar\u0131 ne kadard\u0131r?<\/h3><p>\u0130stanbul\u2019da k\u00fc\u00e7\u00fck bir evin i\u00e7 mimarl\u0131k hizmetleri i\u00e7in fiyatlar, projenin kapsam\u0131na, mimar\u0131n tecr\u00fcbesine ve tasar\u0131m\u0131n karma\u015f\u0131kl\u0131\u011f\u0131na g\u00f6re de\u011fi\u015fiklik g\u00f6stermektedir. Genellikle, k\u00fc\u00e7\u00fck evler i\u00e7in i\u00e7 mimarl\u0131k hizmetleri 5000 TL ile 30000 TL aras\u0131nda de\u011fi\u015febilir. Tasar\u0131mc\u0131 ile yapaca\u011f\u0131n\u0131z \u00f6n g\u00f6r\u00fc\u015fmede, istedi\u011finiz \u00e7\u00f6z\u00fcmler ile b\u00fct\u00e7enizi belirleyerek fiyatland\u0131rma hakk\u0131nda kesin bilgi alman\u0131z m\u00fcmk\u00fcnd\u00fcr.<\/p><script type=\"application\/ld+json\">{\"@context\":\"https:\/\/schema.org\",\"@type\":\"FAQPage\",\"mainEntity\":[{\"@type\":\"Question\",\"name\":\"K\u00fc\u00e7\u00fck evler i\u00e7in en etkili i\u00e7 mimarl\u0131k \u00e7\u00f6z\u00fcmleri nelerdir?\",\"acceptedAnswer\":{\"@type\":\"Answer\",\"text\":\"K\u00fc\u00e7\u00fck evler i\u00e7in i\u00e7 mimarl\u0131kta en etkili \u00e7\u00f6z\u00fcmler aras\u0131nda mekan\u0131n fonksiyonel olarak kullan\u0131lmas\u0131 ve a\u00e7\u0131k alanlar\u0131n olu\u015fturulmas\u0131 yer al\u0131r. Ayr\u0131ca, duvar raflar\u0131, \u00e7ok ama\u00e7l\u0131 mobilyalar ve ayna kullan\u0131m\u0131, alan\u0131n daha geni\u015f g\u00f6r\u00fcnmesini sa\u011flamada yard\u0131mc\u0131 olur. Ek olarak, a\u00e7\u0131k renk paletleri ve iyi bir ayd\u0131nlatma sistemi ile mekan\u0131n ferah ve kullan\u0131\u015fl\u0131 olmas\u0131 sa\u011flanabilir.\"}},{\"@type\":\"Question\",\"name\":\"K\u00fc\u00e7\u00fck evlerde depolama \u00e7\u00f6z\u00fcmleri nas\u0131l olmal\u0131d\u0131r?\",\"acceptedAnswer\":{\"@type\":\"Answer\",\"text\":\"K\u00fc\u00e7\u00fck evlerde depolama, yerle\u015fim d\u00fczeninin en \u00f6nemli par\u00e7alar\u0131ndan biridir. \u0130\u00e7 mekan tasar\u0131m\u0131nda, alan\u0131n en verimli \u015fekilde kullan\u0131lmas\u0131 i\u00e7in \u00f6zel depolama alanlar\u0131 tasarlanmal\u0131d\u0131r. \u00d6rne\u011fin, yatak alt\u0131 depolama sistemleri, duvara monte raflar ve g\u00f6mme dolaplar gibi se\u00e7enekler ile alan\u0131n d\u00fczenlenmesi sa\u011flanabilir. Mobilyalarda ayr\u0131ca yer alt\u0131nda veya i\u00e7inde saklama alanlar\u0131 bar\u0131nd\u0131ran tasar\u0131mlar tercih edilmelidir.\"}},{\"@type\":\"Question\",\"name\":\"\u0130stanbul\u2019da k\u00fc\u00e7\u00fck bir evin i\u00e7 mimarl\u0131k fiyatlar\u0131 ne kadard\u0131r?\",\"acceptedAnswer\":{\"@type\":\"Answer\",\"text\":\"\u0130stanbul\u2019da k\u00fc\u00e7\u00fck bir evin i\u00e7 mimarl\u0131k hizmetleri i\u00e7in fiyatlar, projenin kapsam\u0131na, mimar\u0131n tecr\u00fcbesine ve tasar\u0131m\u0131n karma\u015f\u0131kl\u0131\u011f\u0131na g\u00f6re de\u011fi\u015fiklik g\u00f6stermektedir. Genellikle, k\u00fc\u00e7\u00fck evler i\u00e7in i\u00e7 mimarl\u0131k hizmetleri 5000 TL ile 30000 TL aras\u0131nda de\u011fi\u015febilir. Tasar\u0131mc\u0131 ile yapaca\u011f\u0131n\u0131z \u00f6n g\u00f6r\u00fc\u015fmede, istedi\u011finiz \u00e7\u00f6z\u00fcmler ile b\u00fct\u00e7enizi belirleyerek fiyatland\u0131rma hakk\u0131nda kesin bilgi alman\u0131z m\u00fcmk\u00fcnd\u00fcr.\"}}]}<\/script>","protected":false},"excerpt":{"rendered":"<p>\u0130stanbul&#8217;un hareketli ya\u015fam\u0131nda, k\u00fc\u00e7\u00fck evlerde konforu ve esteti\u011fi bir araya getirmek b\u00fcy\u00fck bir zorluk olabilir. Ancak, do\u011fru i\u00e7 mimarl\u0131k \u00e7\u00f6z\u00fcmleri<\/p>\n","protected":false},"author":5,"featured_media":0,"comment_status":"closed","ping_status":"closed","sticky":false,"template":"","format":"standard","meta":[],"categories":[1],"tags":[],"aioseo_notices":[],"_links":{"self":[{"href":"https:\/\/www.ucicmimarlik.com\/en\/wp-json\/wp\/v2\/posts\/11003"}],"collection":[{"href":"https:\/\/www.ucicmimarlik.com\/en\/wp-json\/wp\/v2\/posts"}],"about":[{"href":"https:\/\/www.ucicmimarlik.com\/en\/wp-json\/wp\/v2\/types\/post"}],"author":[{"embeddable":true,"href":"https:\/\/www.ucicmimarlik.com\/en\/wp-json\/wp\/v2\/users\/5"}],"replies":[{"embeddable":true,"href":"https:\/\/www.ucicmimarlik.com\/en\/wp-json\/wp\/v2\/comments?post=11003"}],"version-history":[{"count":2,"href":"https:\/\/www.ucicmimarlik.com\/en\/wp-json\/wp\/v2\/posts\/11003\/revisions"}],"predecessor-version":[{"id":11353,"href":"https:\/\/www.ucicmimarlik.com\/en\/wp-json\/wp\/v2\/posts\/11003\/revisions\/11353"}],"wp:attachment":[{"href":"https:\/\/www.ucicmimarlik.com\/en\/wp-json\/wp\/v2\/media?parent=11003"}],"wp:term":[{"taxonomy":"category","embeddable":true,"href":"https:\/\/www.ucicmimarlik.com\/en\/wp-json\/wp\/v2\/categories?post=11003"},{"taxonomy":"post_tag","embeddable":true,"href":"https:\/\/www.ucicmimarlik.com\/en\/wp-json\/wp\/v2\/tags?post=11003"}],"curies":[{"name":"wp","href":"https:\/\/api.w.org\/{rel}","templated":true}]}}