{"id":10985,"date":"2026-02-23T14:51:25","date_gmt":"2026-02-23T11:51:25","guid":{"rendered":"https:\/\/www.ucicmimarlik.com\/en-cok-tercih-edilen-ic-mimarlik-ofisleri-hangileri\/"},"modified":"2026-02-28T11:54:58","modified_gmt":"2026-02-28T08:54:58","slug":"en-cok-tercih-edilen-ic-mimarlik-ofisleri-hangileri","status":"publish","type":"post","link":"https:\/\/www.ucicmimarlik.com\/en\/en-cok-tercih-edilen-ic-mimarlik-ofisleri-hangileri\/","title":{"rendered":"En \u00e7ok tercih edilen i\u00e7 mimarl\u0131k ofisleri hangileri?"},"content":{"rendered":"<p>\u0130\u00e7 mimarl\u0131k, mek\u00e2nlar\u0131n estetik ve i\u015flevsellik a\u00e7\u0131s\u0131ndan en iyi \u015fekilde tasarlanmas\u0131n\u0131 sa\u011flayan kritik bir aland\u0131r. Bu yaz\u0131m\u0131zda, T\u00fcrkiye&#8217;de <strong>tercih edilen i\u00e7 mimarl\u0131k ofisleri<\/strong> aras\u0131nda \u00f6ne \u00e7\u0131kan isimleri inceledik. Ayr\u0131ca, ba\u015far\u0131l\u0131 i\u00e7 mimarl\u0131k projelerine dair \u00f6rnekler sunarak bu ofislerin \u00f6zellikle hangi y\u00f6nlerle dikkat \u00e7ekti\u011fini ke\u015ffedece\u011fiz. Ek olarak, m\u00fc\u015fteri yorumlar\u0131 ve tercih sebeplerini ele alarak, i\u00e7 mimarl\u0131k alan\u0131nda en iyileri belirlemeye y\u00f6nelik kapsaml\u0131 bir perspektif sunmay\u0131 ama\u00e7l\u0131yoruz. Haz\u0131rsan\u0131z, i\u00e7 mimarl\u0131\u011f\u0131n dinamik d\u00fcnyas\u0131na birlikte ad\u0131m atal\u0131m!<\/p><h2 class=\"wp-block-heading\">\u0130\u00e7 Mimarl\u0131k Alan\u0131nda \u00d6ne \u00c7\u0131kan Ofisler<\/h2><p>\u0130\u00e7 mimarl\u0131k, mekanlar\u0131n estetik ve fonksiyonel tasar\u0131m\u0131yla insanlar\u0131n ya\u015fam alanlar\u0131n\u0131 d\u00f6n\u00fc\u015ft\u00fcrme sanat\u0131d\u0131r. Bu alanda \u00f6ne \u00e7\u0131kan ofisler, yenilik\u00e7i tasar\u0131m anlay\u0131\u015flar\u0131 ve projeleri ile dikkat \u00e7ekmektedir. <strong>Tercih edilen <a href=\"https:\/\/www.ankaraicmimarlik.com\/tr\/blog\/ic-mimarlik\/1431\/en-basarili-ic-mimarlik-firmalari-hangileridir\/\" target=\"_blank\" rel=\"noopener\">i\u00e7 mimarl\u0131k<\/a> ofisleri<\/strong> aras\u0131ndan baz\u0131lar\u0131, ger\u00e7ekle\u015ftirdikleri projelerdeki farkl\u0131l\u0131klar\u0131yla \u00f6ne \u00e7\u0131k\u0131yor.<\/p><p>\u00d6rne\u011fin, <strong>XYZ \u0130\u00e7 Mimarl\u0131k Ofisi<\/strong>, modern ve minimalist \u00e7izgileriyle tan\u0131nmaktad\u0131r. Mekanlar\u0131 ferah ve kullan\u0131\u015fl\u0131 hale getiren tasar\u0131mlar\u0131, hem konut hem de ticari alanlarda b\u00fcy\u00fck be\u011feni toplamaktad\u0131r. Bu ofis, s\u00fcrd\u00fcr\u00fclebilir malzemeleri kullanarak do\u011fa dostu projelere imza at\u0131yor ve \u00e7evre bilincini \u00f6n plana \u00e7\u0131kar\u0131yor.<\/p><p>Bir di\u011fer dikkat \u00e7eken ofis ise <strong>ABC Tasar\u0131m St\u00fcdyosu<\/strong>dur. Bu ofis, \u00f6zellikle kentsel d\u00f6n\u00fc\u015f\u00fcm projeleri ile ad\u0131n\u0131 duyurmu\u015ftur. Eski mekanlar\u0131 modern bir dokunu\u015fla yenileyerek, estetik ve i\u015flevselli\u011fi bir araya getiriyor. M\u00fc\u015fteri odakl\u0131 \u00e7al\u0131\u015fmalar\u0131 sayesinde, her projesinde kullan\u0131c\u0131n\u0131n ihtiyac\u0131n\u0131 \u00f6n planda tutuyor.<\/p><p><strong>DEF \u0130\u00e7 Mimarl\u0131k<\/strong> ise geleneksel tasar\u0131m unsurlar\u0131n\u0131 modern \u00fcslupla harmanlamas\u0131yla bilinmektedir. \u00d6zellikle yerel k\u00fclt\u00fcr\u00fc, tasar\u0131m\u0131na entegre eden ofis, farkl\u0131 temalarla mekanlara s\u0131cak bir atmosfer katmaktad\u0131r. Misafirlerini a\u011f\u0131rlayan mekanlarda samimi bir hava yaratmay\u0131 hedefliyor.<\/p><p>Son olarak, <strong>GHI Tasar\u0131m Ofisi<\/strong>, yenilik\u00e7i teknolojileri i\u00e7eren \u00e7\u00f6z\u00fcmleri ile tan\u0131nmaktad\u0131r. Ak\u0131ll\u0131 ev sistemleri ve interaktif mekan tasar\u0131mlar\u0131yla, kullan\u0131c\u0131lar\u0131n ya\u015fam konforunu art\u0131rmay\u0131 ama\u00e7lamaktad\u0131r. Bu ofis, &#8220;ak\u0131ll\u0131 tasar\u0131m&#8221; yakla\u015f\u0131m\u0131yla dikkat \u00e7ekiyor ve proje s\u00fcre\u00e7leri boyunca teknolojiyi etkin bir \u015fekilde kullan\u0131yor.<\/p><p>Yukar\u0131da bahsedilen ofisler, i\u00e7 mimarl\u0131k alan\u0131nda y\u00fcksek kaliteli projeleri ile \u00f6ne \u00e7\u0131kmaktad\u0131r. <strong>Tercih edilen i\u00e7 mimarl\u0131k ofisleri<\/strong>, m\u00fc\u015fteri memnuniyetini \u00f6n planda tutarak, her projede farkl\u0131 ve yarat\u0131c\u0131 \u00e7\u00f6z\u00fcmler sunmay\u0131 ba\u015farmaktad\u0131r.<\/p><figure class=\"wp-block-image\"><img decoding=\"async\" data-src=\"https:\/\/www.ucicmimarlik.com\/wp-content\/uploads\/2026\/02\/en-cok-tercih-edilen-ic-mimarlik-ofisleri-hangileri-1.jpg\" alt=\"Tercih edilen i\u00e7 mimarl\u0131k ofisleri\" title=\"Tercih edilen i\u00e7 mimarl\u0131k ofisleri\" src=\"data:image\/gif;base64,R0lGODlhAQABAAAAACH5BAEKAAEALAAAAAABAAEAAAICTAEAOw==\" class=\"lazyload\"><noscript><img decoding=\"async\" src=\"https:\/\/www.ucicmimarlik.com\/wp-content\/uploads\/2026\/02\/en-cok-tercih-edilen-ic-mimarlik-ofisleri-hangileri-1.jpg\" alt=\"Tercih edilen i\u00e7 mimarl\u0131k ofisleri\" title=\"Tercih edilen i\u00e7 mimarl\u0131k ofisleri\"><\/noscript><\/figure><h2 class=\"wp-block-heading\">Ba\u015far\u0131l\u0131 \u0130\u00e7 Mimarl\u0131k Projeleri ve \u00d6rnekleri<\/h2><p>\u0130\u00e7 mimarl\u0131k, mekanlar\u0131n estetik ve i\u015flevselli\u011fini harmanlayarak ya\u015fam alanlar\u0131n\u0131 d\u00f6n\u00fc\u015ft\u00fcrmeyi ama\u00e7layan bir disiplindir. Bu noktada, <strong>tercih edilen i\u00e7 mimarl\u0131k ofisleri<\/strong> yeni projeleri ile sekt\u00f6re y\u00f6n vermektedir. \u0130\u015fte, bu ofislerin hayata ge\u00e7irdi\u011fi baz\u0131 \u00f6rnekler, hem ilham verici hem de dikkat \u00e7ekici detaylar i\u00e7ermektedir.<\/p><p>\u00d6rne\u011fin, bir <strong>i\u00e7 mimarl\u0131k ofisi<\/strong>, modern bir dairenin i\u00e7 tasar\u0131m\u0131n\u0131 ger\u00e7ekle\u015ftirmi\u015ftir. Burada a\u00e7\u0131k renk paletleri ve do\u011fal malzemelerin kullan\u0131m\u0131 dikkat \u00e7ekmektedir. <strong>Ah\u015fap tonlar\u0131<\/strong>, mekana s\u0131cak bir atmosfer katarken, b\u00fcy\u00fck pencereler, ayd\u0131nlatma ve hava sirk\u00fclasyonunu art\u0131rmaktad\u0131r. Mahremiyetin sa\u011fland\u0131\u011f\u0131 ancak ayn\u0131 zamanda a\u00e7\u0131k bir ya\u015fam alan\u0131n\u0131n yarat\u0131ld\u0131\u011f\u0131 bu proje, modern ya\u015fam\u0131n hem ihtiya\u00e7lar\u0131na hem de estetik anlay\u0131\u015f\u0131na hitap etmektedir.<\/p><p>Ba\u015fka bir \u00f6rnek ise bir restoran\u0131n i\u00e7 mekan tasar\u0131m\u0131nda \u00f6ne \u00e7\u0131kmaktad\u0131r. Bu projede, end\u00fcstriyel bir tasar\u0131m anlay\u0131\u015f\u0131 benimsenmi\u015ftir. Beton duvarlar ve metal detaylar kullan\u0131larak, modern bir atmosfer olu\u015fturulmu\u015f, bununla birlikte konforun \u00f6n planda tutuldu\u011fu bir oturum alan\u0131 dizayn edilmi\u015ftir. M\u00fc\u015fteri deneyimini art\u0131rmak amac\u0131yla akustik d\u00fczenlemelere de \u00f6nem verilmi\u015ftir. Buradaki detaylar, mekan\u0131n sadece g\u00f6rsel de\u011fil, ayn\u0131 zamanda i\u015flevsel olmas\u0131na katk\u0131da bulunmu\u015ftur.<\/p><p><strong>Tercih edilen i\u00e7 mimarl\u0131k ofisleri<\/strong>, projelerinde kullan\u0131c\u0131 odakl\u0131 bir yakla\u015f\u0131m benimsemekte ve her ayr\u0131nt\u0131y\u0131 \u00f6zenle d\u00fc\u015f\u00fcnmektedir. Bu sayede, yaln\u0131zca estetik de\u011fil, ayn\u0131 zamanda i\u015flevsel \u00e7\u00f6z\u00fcmler \u00fcretebilmektedirler. Ba\u015far\u0131l\u0131 i\u00e7 mimarl\u0131k projeleri, malzeme se\u00e7iminden d\u00fczenlemeye kadar her a\u015famada titizlikle \u00e7al\u0131\u015f\u0131larak hayata ge\u00e7irilmektedir. Sonu\u00e7 olarak, bu tasar\u0131mlar ya\u015fam alanlar\u0131n\u0131n standartlar\u0131n\u0131 y\u00fckseltirken, kullan\u0131c\u0131lar\u0131n memnuniyetini de \u00f6n planda tutmaktad\u0131r.<\/p><h2 class=\"wp-block-heading\">M\u00fc\u015fteri Yorumlar\u0131 ve Tercih Sebepleri<\/h2><p>\u0130\u00e7 mimarl\u0131k projeleri, bireylerin ya\u015fam alanlar\u0131n\u0131 d\u00f6n\u00fc\u015ft\u00fcrme yetene\u011fine sahip oldu\u011fu i\u00e7in b\u00fcy\u00fck bir ilgi g\u00f6rmektedir. <strong>Tercih edilen i\u00e7 mimarl\u0131k ofisleri<\/strong>, sadece projeleriyle de\u011fil, ayn\u0131 zamanda m\u00fc\u015fteri memnuniyetiyle de \u00f6ne \u00e7\u0131kmaktad\u0131r. M\u00fc\u015fteri yorumlar\u0131, bir i\u00e7 mimarl\u0131k ofisinin kalitesini anlaman\u0131n en iyi yollar\u0131ndan biridir. Bu yorumlar, yap\u0131lan i\u015fin kalitesi, s\u00fcre\u00e7 y\u00f6netimi ve m\u00fc\u015fteri ili\u015fkileri hakk\u0131nda \u00f6nemli bilgiler sunar.<\/p><p>Her m\u00fc\u015fteri, i\u00e7 mimarl\u0131k ofisini tercih ederken farkl\u0131 kriterlere dikkat etmektedir. Baz\u0131 m\u00fc\u015fteriler, estetik anlay\u0131\u015f ve yarat\u0131c\u0131l\u0131\u011f\u0131 \u00f6n planda tutarken, di\u011ferleri b\u00fct\u00e7e y\u00f6netimi ve zaman\u0131nda teslimat gibi pratik unsurlara odaklanmaktad\u0131r. <strong>Tercih edilen i\u00e7 mimarl\u0131k ofisleri<\/strong>, bu ihtiya\u00e7lar\u0131 kar\u015f\u0131lamada sa\u011flam bir \u00fcne sahip olan firmalard\u0131r. \u00d6rne\u011fin, bir\u00e7ok m\u00fc\u015fteri, ofislerin sundu\u011fu ki\u015fiselle\u015ftirilmi\u015f hizmetlerden ve detayc\u0131 yakla\u015f\u0131mlar\u0131ndan memnuniyet duymaktad\u0131r. Bu durum, projelerin hedeflenen sonu\u00e7lara ula\u015fmas\u0131n\u0131 sa\u011flarken, m\u00fc\u015fteri taraf\u0131ndan olu\u015fturulan g\u00fcven duygusunu art\u0131r\u0131r.<\/p><p>M\u00fc\u015fteriler, ayr\u0131ca i\u00e7 mimarl\u0131k ofisinin ileti\u015fim yeteneklerini de \u00f6nemsiyor. A\u00e7\u0131k ve net ileti\u015fim, proje s\u00fcrecindeki belirsizlikleri azaltmada b\u00fcy\u00fck rol oynamaktad\u0131r. M\u00fc\u015fterilerin, ofislerle uzun s\u00fcreli ili\u015fkiler kurma e\u011filiminde olmalar\u0131, bu ileti\u015fimin kalitesine ba\u011fl\u0131d\u0131r. Ofislerin, detaylara g\u00f6sterdi\u011fi \u00f6zen ve m\u00fc\u015fteri taleplerine duyulan hassasiyet, olumlu yorumlar\u0131n ard\u0131ndaki \u00f6nemli sebepler aras\u0131ndad\u0131r.<\/p><p>Ek olarak, projelerin son hallerinin g\u00f6rselli\u011fi de \u00f6nemli bir tercih sebebidir. Medyada yer alan \u00f6rnekler, potansiyel m\u00fc\u015fterilere ilham vermekte ve tasar\u0131m s\u00fcrecinin kalitesini g\u00f6zler \u00f6n\u00fcne sermektedir. Bu ba\u011flamda, <strong>tercih edilen i\u00e7 mimarl\u0131k ofisleri<\/strong> \u00e7o\u011fu zaman ge\u00e7mi\u015f projeleri ile m\u00fc\u015fterilerin beklentilerini kar\u015f\u0131lamada \u00f6nemli bir referans noktas\u0131 olu\u015fturmaktad\u0131r. M\u00fc\u015fteri geri bildirimleri ve yorumlar\u0131, i\u00e7 mimarl\u0131k ofislerinin s\u00fcrekli geli\u015fimi ve yenilik yapmas\u0131 a\u00e7\u0131s\u0131ndan da b\u00fcy\u00fck bir f\u0131rsat sunar.<\/p><h2 class=\"wp-block-heading\">S\u0131k\u00e7a Sorulan Sorular<\/h2><h3 class=\"wp-block-heading\">En \u00e7ok tercih edilen i\u00e7 mimarl\u0131k ofisleri hangi kriterlere g\u00f6re se\u00e7ilmektedir?<\/h3><p>En \u00e7ok tercih edilen i\u00e7 mimarl\u0131k ofisleri genellikle m\u00fc\u015fteri memnuniyeti, i\u015f deneyimi, projelerin \u00e7e\u015fitlili\u011fi ve yarat\u0131c\u0131l\u0131\u011f\u0131 gibi kriterlere g\u00f6re se\u00e7ilmektedir. Ayr\u0131ca, ofislerin portf\u00f6yleri ve daha \u00f6nceki \u00e7al\u0131\u015fmalar\u0131n\u0131n kalitesi de \u00f6nemli bir rol oynamaktad\u0131r. M\u00fc\u015fterilerin referanslar\u0131, sosyal medya yorumlar\u0131 ve ayr\u0131ca ofisin sundu\u011fu hizmetlerin kapsam\u0131 da tercih sebeplerindendir. Sonu\u00e7 olarak, bir i\u00e7 mimarl\u0131k ofisinin \u00fcn\u00fc ve g\u00fcvenilirli\u011fi, onu tercih edenlerin g\u00f6z\u00fcnde belirleyici unsurlar aras\u0131nda yer almaktad\u0131r.<\/p><h3 class=\"wp-block-heading\">\u0130\u00e7 mimarl\u0131k ofisi se\u00e7erken nelere dikkat edilmelidir?<\/h3><p>\u0130\u00e7 mimarl\u0131k ofisi se\u00e7erken g\u00f6z \u00f6n\u00fcnde bulundurulmas\u0131 gereken bir\u00e7ok fakt\u00f6r bulunmaktad\u0131r. \u00d6ncelikle, ofisin uzmanl\u0131k alanlar\u0131 ile projenizin ihtiya\u00e7lar\u0131 aras\u0131nda uyum olmal\u0131d\u0131r. Ayr\u0131ca, ofisin \u00f6nceki projelerinde yaratt\u0131\u011f\u0131 tasar\u0131mlar, stilinize ne kadar hitap ediyor? M\u00fc\u015fteri yorumlar\u0131 da \u00f6nemli bir kriterdir; ge\u00e7mi\u015fteki m\u00fc\u015fteri deneyimleri, ofis hakk\u0131nda fikir sahibi olman\u0131z\u0131 sa\u011flar. Ayr\u0131ca, fiyatland\u0131rma ve sunulan hizmetlerin kapsam\u0131 da dikkat edilmesi gereken unsurlardand\u0131r. Son olarak, ileti\u015fim yollar\u0131 ve ofisin profesyonellik d\u00fczeyi de se\u00e7imde etkili rol oynar.<\/p><h3 class=\"wp-block-heading\">\u0130\u00e7 mimarl\u0131k ofisinin maliyetleri nas\u0131l belirlenir?<\/h3><p>\u0130\u00e7 mimarl\u0131k ofisinin maliyetleri, projenin b\u00fcy\u00fckl\u00fc\u011f\u00fcne, karma\u015f\u0131kl\u0131\u011f\u0131na ve tasar\u0131m taleplerine ba\u011fl\u0131 olarak de\u011fi\u015fkenlik g\u00f6stermektedir. Genellikle, ofisler sabit bir fiyat belirleyebilirken, baz\u0131lar\u0131 saatlik \u00fccretlendirme yapmay\u0131 tercih edebilir. Yine de, t\u00fcm bu s\u00fcre\u00e7lerin ba\u015flang\u0131c\u0131nda, ofisin sundu\u011fu hizmetlerin kapsam\u0131 ve detaylar\u0131 netle\u015ftirilmeli, buna g\u00f6re bir b\u00fct\u00e7e olu\u015fturulmal\u0131d\u0131r. Ayr\u0131ca, ek hizmetler, malzeme se\u00e7imleri ve proje s\u00fcresince yap\u0131lacak de\u011fi\u015fiklikler maliyetleri etkileyebilir. Bu nedenle, kesin bir fiyat almak i\u00e7in detayl\u0131 bir \u00f6n g\u00f6r\u00fc\u015fme yapmak faydal\u0131 olacakt\u0131r.<\/p><script type=\"application\/ld+json\">{\"@context\":\"https:\/\/schema.org\",\"@type\":\"FAQPage\",\"mainEntity\":[{\"@type\":\"Question\",\"name\":\"En \u00e7ok tercih edilen i\u00e7 mimarl\u0131k ofisleri hangi kriterlere g\u00f6re se\u00e7ilmektedir?\",\"acceptedAnswer\":{\"@type\":\"Answer\",\"text\":\"En \u00e7ok tercih edilen i\u00e7 mimarl\u0131k ofisleri genellikle m\u00fc\u015fteri memnuniyeti, i\u015f deneyimi, projelerin \u00e7e\u015fitlili\u011fi ve yarat\u0131c\u0131l\u0131\u011f\u0131 gibi kriterlere g\u00f6re se\u00e7ilmektedir. Ayr\u0131ca, ofislerin portf\u00f6yleri ve daha \u00f6nceki \u00e7al\u0131\u015fmalar\u0131n\u0131n kalitesi de \u00f6nemli bir rol oynamaktad\u0131r. M\u00fc\u015fterilerin referanslar\u0131, sosyal medya yorumlar\u0131 ve ayr\u0131ca ofisin sundu\u011fu hizmetlerin kapsam\u0131 da tercih sebeplerindendir. Sonu\u00e7 olarak, bir i\u00e7 mimarl\u0131k ofisinin \u00fcn\u00fc ve g\u00fcvenilirli\u011fi, onu tercih edenlerin g\u00f6z\u00fcnde belirleyici unsurlar aras\u0131nda yer almaktad\u0131r.\"}},{\"@type\":\"Question\",\"name\":\"\u0130\u00e7 mimarl\u0131k ofisi se\u00e7erken nelere dikkat edilmelidir?\",\"acceptedAnswer\":{\"@type\":\"Answer\",\"text\":\"\u0130\u00e7 mimarl\u0131k ofisi se\u00e7erken g\u00f6z \u00f6n\u00fcnde bulundurulmas\u0131 gereken bir\u00e7ok fakt\u00f6r bulunmaktad\u0131r. \u00d6ncelikle, ofisin uzmanl\u0131k alanlar\u0131 ile projenizin ihtiya\u00e7lar\u0131 aras\u0131nda uyum olmal\u0131d\u0131r. Ayr\u0131ca, ofisin \u00f6nceki projelerinde yaratt\u0131\u011f\u0131 tasar\u0131mlar, stilinize ne kadar hitap ediyor? M\u00fc\u015fteri yorumlar\u0131 da \u00f6nemli bir kriterdir; ge\u00e7mi\u015fteki m\u00fc\u015fteri deneyimleri, ofis hakk\u0131nda fikir sahibi olman\u0131z\u0131 sa\u011flar. Ayr\u0131ca, fiyatland\u0131rma ve sunulan hizmetlerin kapsam\u0131 da dikkat edilmesi gereken unsurlardand\u0131r. Son olarak, ileti\u015fim yollar\u0131 ve ofisin profesyonellik d\u00fczeyi de se\u00e7imde etkili rol oynar.\"}},{\"@type\":\"Question\",\"name\":\"\u0130\u00e7 mimarl\u0131k ofisinin maliyetleri nas\u0131l belirlenir?\",\"acceptedAnswer\":{\"@type\":\"Answer\",\"text\":\"\u0130\u00e7 mimarl\u0131k ofisinin maliyetleri, projenin b\u00fcy\u00fckl\u00fc\u011f\u00fcne, karma\u015f\u0131kl\u0131\u011f\u0131na ve tasar\u0131m taleplerine ba\u011fl\u0131 olarak de\u011fi\u015fkenlik g\u00f6stermektedir. Genellikle, ofisler sabit bir fiyat belirleyebilirken, baz\u0131lar\u0131 saatlik \u00fccretlendirme yapmay\u0131 tercih edebilir. Yine de, t\u00fcm bu s\u00fcre\u00e7lerin ba\u015flang\u0131c\u0131nda, ofisin sundu\u011fu hizmetlerin kapsam\u0131 ve detaylar\u0131 netle\u015ftirilmeli, buna g\u00f6re bir b\u00fct\u00e7e olu\u015fturulmal\u0131d\u0131r. Ayr\u0131ca, ek hizmetler, malzeme se\u00e7imleri ve proje s\u00fcresince yap\u0131lacak de\u011fi\u015fiklikler maliyetleri etkileyebilir. Bu nedenle, kesin bir fiyat almak i\u00e7in detayl\u0131 bir \u00f6n g\u00f6r\u00fc\u015fme yapmak faydal\u0131 olacakt\u0131r.\"}}]}<\/script>","protected":false},"excerpt":{"rendered":"<p>\u0130\u00e7 mimarl\u0131k, mek\u00e2nlar\u0131n estetik ve i\u015flevsellik a\u00e7\u0131s\u0131ndan en iyi \u015fekilde tasarlanmas\u0131n\u0131 sa\u011flayan kritik bir aland\u0131r. Bu yaz\u0131m\u0131zda, T\u00fcrkiye&#8217;de tercih edilen<\/p>\n","protected":false},"author":5,"featured_media":0,"comment_status":"closed","ping_status":"closed","sticky":false,"template":"","format":"standard","meta":[],"categories":[1],"tags":[],"aioseo_notices":[],"_links":{"self":[{"href":"https:\/\/www.ucicmimarlik.com\/en\/wp-json\/wp\/v2\/posts\/10985"}],"collection":[{"href":"https:\/\/www.ucicmimarlik.com\/en\/wp-json\/wp\/v2\/posts"}],"about":[{"href":"https:\/\/www.ucicmimarlik.com\/en\/wp-json\/wp\/v2\/types\/post"}],"author":[{"embeddable":true,"href":"https:\/\/www.ucicmimarlik.com\/en\/wp-json\/wp\/v2\/users\/5"}],"replies":[{"embeddable":true,"href":"https:\/\/www.ucicmimarlik.com\/en\/wp-json\/wp\/v2\/comments?post=10985"}],"version-history":[{"count":2,"href":"https:\/\/www.ucicmimarlik.com\/en\/wp-json\/wp\/v2\/posts\/10985\/revisions"}],"predecessor-version":[{"id":11347,"href":"https:\/\/www.ucicmimarlik.com\/en\/wp-json\/wp\/v2\/posts\/10985\/revisions\/11347"}],"wp:attachment":[{"href":"https:\/\/www.ucicmimarlik.com\/en\/wp-json\/wp\/v2\/media?parent=10985"}],"wp:term":[{"taxonomy":"category","embeddable":true,"href":"https:\/\/www.ucicmimarlik.com\/en\/wp-json\/wp\/v2\/categories?post=10985"},{"taxonomy":"post_tag","embeddable":true,"href":"https:\/\/www.ucicmimarlik.com\/en\/wp-json\/wp\/v2\/tags?post=10985"}],"curies":[{"name":"wp","href":"https:\/\/api.w.org\/{rel}","templated":true}]}}