{"id":10973,"date":"2026-02-23T14:51:04","date_gmt":"2026-02-23T11:51:04","guid":{"rendered":"https:\/\/www.ucicmimarlik.com\/ic-mimarlar-en-cok-hangi-renk-kombinasyonlarini-oneriyor\/"},"modified":"2026-02-28T11:53:50","modified_gmt":"2026-02-28T08:53:50","slug":"ic-mimarlar-en-cok-hangi-renk-kombinasyonlarini-oneriyor","status":"publish","type":"post","link":"https:\/\/www.ucicmimarlik.com\/en\/ic-mimarlar-en-cok-hangi-renk-kombinasyonlarini-oneriyor\/","title":{"rendered":"\u0130\u00e7 mimarlar en \u00e7ok hangi renk kombinasyonlar\u0131n\u0131 \u00f6neriyor?"},"content":{"rendered":"<p>2023&#8217;te i\u00e7 mekan tasar\u0131m\u0131nda dikkat \u00e7eken en \u00f6nemli unsurlardan biri, do\u011fru <strong>renk kombinasyonlar\u0131<\/strong> se\u00e7mektir. \u0130\u00e7 mimarlar, mekanlar\u0131n atmosferini belirlemenin yan\u0131 s\u0131ra, kullan\u0131c\u0131lar\u0131n ruh hali \u00fczerinde de \u00f6nemli bir etki yarat\u0131yor. Bu yaz\u0131m\u0131zda, 2023 y\u0131l\u0131nda \u00f6ne \u00e7\u0131kan ve i\u00e7 mekanlarda s\u0131k\u00e7a kullan\u0131lan renk kombinasyonlar\u0131n\u0131 ke\u015ffedecek, ayr\u0131ca bu kombinasyonlarla mekanlar\u0131 nas\u0131l daha \u00e7ekici hale getirebilece\u011finizi anlataca\u011f\u0131z. \u0130\u00e7 mekanlar\u0131n\u0131za hayat katmak i\u00e7in ilham almaya haz\u0131r olun!<\/p><h2 class=\"wp-block-heading\">2023&#8217;te \u00d6ne \u00c7\u0131kan Renk Kombinasyonlar\u0131<\/h2><p>2023 y\u0131l\u0131, i\u00e7 mekan tasar\u0131m\u0131nda renklerin b\u00fcy\u00fcl\u00fc d\u00fcnyas\u0131n\u0131n ke\u015ffedilmeye devam etti\u011fi bir d\u00f6nem. Bu y\u0131l \u00f6ne \u00e7\u0131kan renk kombinasyonlar\u0131, hem estetik hem de ruhsal a\u00e7\u0131dan zenginlik sunan alternatifler i\u00e7eriyor. Ge\u00e7mi\u015f y\u0131llar\u0131n modas\u0131ndan farkl\u0131 olarak, daha cesur ve dikkat \u00e7ekici tonlar\u0131n bir araya getirildi\u011fi kombinler, mekanlarda fark yaratman\u0131n anahtar\u0131 olarak kar\u015f\u0131m\u0131za \u00e7\u0131k\u0131yor.<\/p><p><em>G\u00fc\u00e7l\u00fc ve dinamik<\/em> bir atmosfer yaratmak ad\u0131na, turuncu ve mavi tonlar\u0131n\u0131n birle\u015fimine s\u0131k\u00e7a rastl\u0131yoruz. Bu iki z\u0131t renk, birbirlerini tamamlayarak enerjik bir denge sa\u011fl\u0131yor. \u00d6zellikle gen\u00e7 ve modern mekanlarda tercih edilen bu kombinasyon, hem canl\u0131l\u0131k kat\u0131yor hem de ferah bir g\u00f6r\u00fcn\u00fcm sunuyor.<\/p><p>Bir di\u011fer dikkat \u00e7eken kombin ise, soft tonlar\u0131n bir araya geldi\u011fi pastel paletidir. Mint ye\u015fili ile a\u00e7\u0131k pembe, dinginlik ve huzur hissi vererek, \u00f6zellikle yatak odalar\u0131 ve oturma alanlar\u0131 gibi dinlenme alanlar\u0131nda tercih ediliyor. Bu renklerin uyumu, <em>konforlu ve sakin<\/em> bir atmosfer yarat\u0131rken, kullan\u0131c\u0131lar \u00fczerinde olumlu bir etki b\u0131rak\u0131yor.<\/p><p>Ayr\u0131ca, do\u011fan\u0131n ye\u015fil tonlar\u0131 ile s\u0131cak bej ve do\u011fal ah\u015fap tonlar\u0131n\u0131n bir araya gelmesi, son zamanlarda i\u00e7 mekanlarda olduk\u00e7a pop\u00fcler hale geldi. Bu kombinasyon, <em>sade ve do\u011fal<\/em> bir tasar\u0131m anlay\u0131\u015f\u0131n\u0131 benimsiyor ve ya\u015fam alanlar\u0131na s\u0131cakl\u0131k kat\u0131yor. \u00d6zellikle minimalist tasar\u0131mlar\u0131n \u00f6ne \u00e7\u0131kt\u0131\u011f\u0131 bu d\u00f6nemde, do\u011fal materyallerle desteklenen ye\u015fil tonlar, i\u00e7 mekanlar\u0131 ferahlat\u0131yor.<\/p><p>Son olarak, klasik beyaz ile koyu gri veya siyah\u0131n birle\u015fimi, modern tasar\u0131m\u0131n vazge\u00e7ilmezi olarak varl\u0131\u011f\u0131n\u0131 s\u00fcrd\u00fcr\u00fcyor. Bu kombinasyon, \u015f\u0131k ve zarif bir g\u00f6r\u00fcn\u00fcm sunarak, \u00f6zellikle ofis ve \u00e7al\u0131\u015fma alanlar\u0131nda s\u0131k\u00e7a tercih ediliyor. Beyaz\u0131n ayd\u0131nlat\u0131c\u0131 etkisi, koyu tonlarla harmanlanarak <em>sofistik bir atmosfer<\/em> olu\u015fturuyor.<\/p><p>Bu y\u0131l dikkat \u00e7eken renk kombinasyonlar\u0131, i\u00e7 mekanlarda hem estetik bir doku sa\u011flamakta hem de konforlu ya\u015fam alanlar\u0131 yaratmay\u0131 hedeflemektedir. Farkl\u0131 renklerin birbirleriyle uyum i\u00e7erisinde kullan\u0131lmas\u0131, mekanlar\u0131n ruh halini de do\u011frudan etkileyerek ya\u015fam kalitesini art\u0131r\u0131yor.<\/p><figure class=\"wp-block-image\"><img decoding=\"async\" data-src=\"https:\/\/www.ucicmimarlik.com\/wp-content\/uploads\/2026\/02\/ic-mimarlar-en-cok-hangi-renk-kombinasyonlarini-oneriyor-scaled.jpg\" alt=\"Renk kombinasyonlar\u0131\" title=\"Renk kombinasyonlar\u0131\" src=\"data:image\/gif;base64,R0lGODlhAQABAAAAACH5BAEKAAEALAAAAAABAAEAAAICTAEAOw==\" class=\"lazyload\"><noscript><img decoding=\"async\" src=\"https:\/\/www.ucicmimarlik.com\/wp-content\/uploads\/2026\/02\/ic-mimarlar-en-cok-hangi-renk-kombinasyonlarini-oneriyor-scaled.jpg\" alt=\"Renk kombinasyonlar\u0131\" title=\"Renk kombinasyonlar\u0131\"><\/noscript><\/figure><h2 class=\"wp-block-heading\">\u0130\u00e7 Mekanlarda S\u0131kl\u0131kla Kullan\u0131lan Renk Kombinasyonlar\u0131<\/h2><p>\u0130\u00e7 mekan tasar\u0131m\u0131, estetik ve i\u015flevselli\u011fin bir araya geldi\u011fi bir s\u00fcre\u00e7tir. Bu s\u00fcre\u00e7te do\u011fru <a href=\"https:\/\/siluetyapi.com\/genel-tr\/ic-mimarlik-ve-renk-uyumunun-gucu\/\" target=\"_blank\" rel=\"noopener\">renk<\/a> kombinasyonlar\u0131 se\u00e7mek, ya\u015fam alanlar\u0131m\u0131z\u0131n atmosferini belirleyici bir rol oynar. 2023&#8217;te i\u00e7 mekanlarda s\u0131k\u00e7a kar\u015f\u0131la\u015f\u0131lan renk kombinasyonlar\u0131, hem modern hem de klasik unsurlar\u0131 bir araya getirerek dikkat \u00e7ekiyor.<\/p><p>\u00d6ncelikle, <strong>gri ve beyaz\u0131n<\/strong> uyumu modern i\u00e7 mekanlar\u0131n vazge\u00e7ilmezi haline gelmi\u015ftir. Bu kombinasyon, mekana ferah bir g\u00f6r\u00fcn\u00fcm kazand\u0131r\u0131rken, minimalizmi de \u00f6n plana \u00e7\u0131kar\u0131yor. Gri tonlar\u0131, beyaz\u0131n sade havas\u0131yla birle\u015ferek hem \u015f\u0131k hem de s\u0131cak bir atmosfer yarat\u0131yor.<\/p><p>Bir di\u011fer pop\u00fcler tercih ise <strong>mavi ve ye\u015fil tonlar\u0131<\/strong>d\u0131r. Bu iki renk, do\u011fan\u0131n sakinli\u011fini ve huzurunu mekanlara ta\u015f\u0131yarak i\u00e7 mekanlarda dingin bir ortam olu\u015fturur. \u00d6zellikle a\u00e7\u0131k tonlar, geni\u015f alanlarda daha ferah bir izlenim yarat\u0131rken, koyu tonlar ise samimi bir s\u0131cakl\u0131k kazand\u0131r\u0131r. E\u015fyalar\u0131n ve dekorasyon unsurlar\u0131n\u0131n bu renklerle uyum i\u00e7inde kullan\u0131lmas\u0131, esteti\u011fi artt\u0131ran \u00f6nemli bir fakt\u00f6rd\u00fcr.<\/p><p>Ayn\u0131 zamanda, <strong>pastel tonlar\u0131n<\/strong> birle\u015fimi de dikkat \u00e7eken bir ba\u015fka e\u011filimdir. Pembe, mint ye\u015fili ve lavanta rengi gibi yumu\u015fak renkler, hem \u00e7ocuk odalar\u0131 hem de oturma alanlar\u0131 i\u00e7in ideal se\u00e7eneklerdir. Pastel tonlar, mekanlar\u0131 canland\u0131rarak ne\u015feli bir atmosfer sunar ve s\u0131cak bir kar\u015f\u0131lama hissi yarat\u0131r.<\/p><p>Son olarak, <strong>toprak tonlar\u0131n\u0131n<\/strong> yan\u0131 s\u0131ra <strong>koyu ye\u015fil ve kahverengi kombinasyonu<\/strong> da i\u00e7 mekanlarda yayg\u0131n olarak tercih ediliyor. Bu kombinasyon, do\u011fal bir g\u00f6r\u00fcn\u00fcm olu\u015fturman\u0131n yan\u0131 s\u0131ra mekana derinlik ve karakter kazand\u0131r\u0131r. Mobilya se\u00e7imlerinde ah\u015fap dokular ve do\u011fal malzemelerle harmanlanarak, s\u0131cak bir ya\u015fam alan\u0131 olu\u015fturulabilir.<\/p><p>\u0130\u00e7 mekanlarda kullan\u0131lan renk kombinasyonlar\u0131, do\u011fru se\u00e7ildi\u011finde hem estetik hem de i\u015flevsel a\u00e7\u0131dan mekanlar\u0131n kimli\u011fini olu\u015fturan unsurlar haline gelir. Bu nedenle, tasar\u0131m s\u00fcrecinde dikkatli se\u00e7imler yapmak, ya\u015fam alanlar\u0131m\u0131z\u0131 daha \u00e7ekici k\u0131lman\u0131n anahtar\u0131d\u0131r.<\/p><h2 class=\"wp-block-heading\">Renk Kombinasyonlar\u0131 ile Mekanlar\u0131 M\u00fcthi\u015f Hale Getirmek<\/h2><p>Renk kombinasyonlar\u0131, mekanlar\u0131n estetik de\u011feri \u00fczerinde b\u00fcy\u00fck bir etkiye sahiptir. Do\u011fru renk tercihiyle, ambiyans\u0131 iyile\u015ftirmek ve ya\u015fam alanlar\u0131n\u0131 daha \u00e7ekici hale getirmek m\u00fcmk\u00fcnd\u00fcr. Kontrast olu\u015fturan renkler, mekan\u0131n dinamik bir g\u00f6r\u00fcn\u00fcm kazanmas\u0131n\u0131 sa\u011flarken, benzer tonlar\u0131n bir arada kullan\u0131lmas\u0131 ise huzurlu ve uyumlu bir atmosfer yarat\u0131r.<\/p><p>\u00d6rne\u011fin, <strong>sakin bir ortam<\/strong> yaratmak isteyenler i\u00e7in mavi ve ye\u015fil tonlar\u0131 m\u00fckemmel birer se\u00e7imdir. Bu kombinasyon, ferahlat\u0131c\u0131 bir his verirken do\u011fa ile b\u00fct\u00fcnle\u015fme hissini art\u0131r\u0131r. Di\u011fer yandan, daha enerjik ve canl\u0131 bir ambiyans elde etmek isteyenler, <strong>turuncu ve pembe<\/strong> tonlar\u0131n\u0131 bir araya getirerek cesur bir yakla\u015f\u0131m sergileyebilir. Bu t\u00fcr kombinasyonlar, \u00f6zellikle gen\u00e7 ve dinamik mekanlar i\u00e7in idealdir.<\/p><p>Ayr\u0131ca, <strong>n\u00f6tr tonlar<\/strong> ile canl\u0131 renklerin dengeli bir \u015fekilde kullan\u0131m\u0131 da, i\u00e7 mekanlar\u0131 \u015f\u0131k bir hale getirmek i\u00e7in tercih edilebilir. \u00d6rne\u011fin, gri veya bej gibi zarif tonlar, \u00fczerine yerle\u015ftirilen turkuaz veya sar\u0131 aksesuarlarla canland\u0131r\u0131labilir. B\u00f6ylece mekan, hem modern hem de s\u0131cak bir atmosfere sahip olur.<\/p><p>Bunlar\u0131n yan\u0131 s\u0131ra, renklerin psikolojik etkileri de unutulmamal\u0131d\u0131r. <em>K\u0131rm\u0131z\u0131<\/em>, enerji ve tutku simgesi iken, <em>mor<\/em> dinginlik ve huzur hissi verebilir. Mekan\u0131n amac\u0131na uygun bir renk dizilimi se\u00e7mek, kullan\u0131c\u0131n\u0131n ruh hali \u00fczerinde de olumlu bir etkide bulunabilir. \u00d6zetle, renk kombinasyonlar\u0131 ile mek\u00e2nlar\u0131n karakteri ve i\u015flevi g\u00f6z \u00f6n\u00fcnde bulundurularak oynamak, tasar\u0131m s\u00fcrecinin en zevkli ve yarat\u0131c\u0131 k\u0131s\u0131mlar\u0131ndand\u0131r.<\/p><h2 class=\"wp-block-heading\">S\u0131k\u00e7a Sorulan Sorular<\/h2><h3 class=\"wp-block-heading\">\u0130\u00e7 mimarlar i\u00e7in en pop\u00fcler renk kombinasyonlar\u0131 hangileridir?<\/h3><p>\u0130\u00e7 mimarlar genellikle do\u011fa ile uyumlu, huzur verici ve s\u0131cak renk kombinasyonlar\u0131n\u0131 \u00f6nerir. \u00d6rne\u011fin, beyaz ve bej tonlar\u0131, soft ye\u015fil ve a\u00e7\u0131k mavi ile kombinlenerek ferah bir atmosfer yarat\u0131r. Ayr\u0131ca koyu gri ve alt\u0131n sar\u0131s\u0131, modern ve \u015f\u0131k bir g\u00f6r\u00fcn\u00fcm elde etmek isteyenler i\u00e7in s\u0131kl\u0131kla tercih edilir. Renklerin uyumu, mekan\u0131n boyutu ve \u0131\u015f\u0131k al\u0131m\u0131na g\u00f6re de\u011fi\u015fiklik g\u00f6sterebilir.<\/p><h3 class=\"wp-block-heading\">Renk se\u00e7imi, bir mekan\u0131n atmosferini nas\u0131l etkiler?<\/h3><p>Renkler, bir mekan\u0131n atmosferini b\u00fcy\u00fck \u00f6l\u00e7\u00fcde etkileyen g\u00fc\u00e7l\u00fc ara\u00e7lard\u0131r. So\u011fuk renkler (mavi, ye\u015fil gibi) genellikle sakinle\u015ftirici ve ferah bir his yarat\u0131rken, s\u0131cak renkler (k\u0131rm\u0131z\u0131, sar\u0131 gibi) enerjik ve samimi bir ortam olu\u015fturur. Bu nedenle, i\u00e7 mimarlar mekan\u0131n amac\u0131na ve hedef kitleye g\u00f6re uygun renk paletini se\u00e7erek, istenen atmosferin sa\u011flanmas\u0131na yard\u0131mc\u0131 olmaktad\u0131r.<\/p><h3 class=\"wp-block-heading\">\u0130\u00e7 mekanlarda renk kombinasyonu se\u00e7erken nelere dikkat edilmelidir?<\/h3><p>Renk kombinasyonu se\u00e7erken \u00f6ncelikle mekan\u0131n fonksiyonunu ve kullan\u0131c\u0131lar\u0131n\u0131n ihtiya\u00e7lar\u0131n\u0131 g\u00f6z \u00f6n\u00fcnde bulundurmak \u00f6nemlidir. Ayr\u0131ca, do\u011fal \u0131\u015f\u0131k miktar\u0131, odan\u0131n boyutu ve mevcut mobilyalar da renk se\u00e7iminde etkili fakt\u00f6rlerdir. Renklerin birbirine olan uyumu ve kontrast\u0131 da dikkate al\u0131nmal\u0131d\u0131r. Bu ba\u011flamda i\u00e7 mimarlar, denge ve harmoni sa\u011flayacak kombinasyonlar olu\u015fturmak i\u00e7in genellikle renk teorisinden yararlan\u0131r.<\/p><script type=\"application\/ld+json\">{\"@context\":\"https:\/\/schema.org\",\"@type\":\"FAQPage\",\"mainEntity\":[{\"@type\":\"Question\",\"name\":\"\u0130\u00e7 mimarlar i\u00e7in en pop\u00fcler renk kombinasyonlar\u0131 hangileridir?\",\"acceptedAnswer\":{\"@type\":\"Answer\",\"text\":\"\u0130\u00e7 mimarlar genellikle do\u011fa ile uyumlu, huzur verici ve s\u0131cak renk kombinasyonlar\u0131n\u0131 \u00f6nerir. \u00d6rne\u011fin, beyaz ve bej tonlar\u0131, soft ye\u015fil ve a\u00e7\u0131k mavi ile kombinlenerek ferah bir atmosfer yarat\u0131r. Ayr\u0131ca koyu gri ve alt\u0131n sar\u0131s\u0131, modern ve \u015f\u0131k bir g\u00f6r\u00fcn\u00fcm elde etmek isteyenler i\u00e7in s\u0131kl\u0131kla tercih edilir. Renklerin uyumu, mekan\u0131n boyutu ve \u0131\u015f\u0131k al\u0131m\u0131na g\u00f6re de\u011fi\u015fiklik g\u00f6sterebilir.\"}},{\"@type\":\"Question\",\"name\":\"Renk se\u00e7imi, bir mekan\u0131n atmosferini nas\u0131l etkiler?\",\"acceptedAnswer\":{\"@type\":\"Answer\",\"text\":\"Renkler, bir mekan\u0131n atmosferini b\u00fcy\u00fck \u00f6l\u00e7\u00fcde etkileyen g\u00fc\u00e7l\u00fc ara\u00e7lard\u0131r. So\u011fuk renkler (mavi, ye\u015fil gibi) genellikle sakinle\u015ftirici ve ferah bir his yarat\u0131rken, s\u0131cak renkler (k\u0131rm\u0131z\u0131, sar\u0131 gibi) enerjik ve samimi bir ortam olu\u015fturur. Bu nedenle, i\u00e7 mimarlar mekan\u0131n amac\u0131na ve hedef kitleye g\u00f6re uygun renk paletini se\u00e7erek, istenen atmosferin sa\u011flanmas\u0131na yard\u0131mc\u0131 olmaktad\u0131r.\"}},{\"@type\":\"Question\",\"name\":\"\u0130\u00e7 mekanlarda renk kombinasyonu se\u00e7erken nelere dikkat edilmelidir?\",\"acceptedAnswer\":{\"@type\":\"Answer\",\"text\":\"Renk kombinasyonu se\u00e7erken \u00f6ncelikle mekan\u0131n fonksiyonunu ve kullan\u0131c\u0131lar\u0131n\u0131n ihtiya\u00e7lar\u0131n\u0131 g\u00f6z \u00f6n\u00fcnde bulundurmak \u00f6nemlidir. Ayr\u0131ca, do\u011fal \u0131\u015f\u0131k miktar\u0131, odan\u0131n boyutu ve mevcut mobilyalar da renk se\u00e7iminde etkili fakt\u00f6rlerdir. Renklerin birbirine olan uyumu ve kontrast\u0131 da dikkate al\u0131nmal\u0131d\u0131r. Bu ba\u011flamda i\u00e7 mimarlar, denge ve harmoni sa\u011flayacak kombinasyonlar olu\u015fturmak i\u00e7in genellikle renk teorisinden yararlan\u0131r.\"}}]}<\/script>","protected":false},"excerpt":{"rendered":"<p>2023&#8217;te i\u00e7 mekan tasar\u0131m\u0131nda dikkat \u00e7eken en \u00f6nemli unsurlardan biri, do\u011fru renk kombinasyonlar\u0131 se\u00e7mektir. \u0130\u00e7 mimarlar, mekanlar\u0131n atmosferini belirlemenin yan\u0131<\/p>\n","protected":false},"author":5,"featured_media":0,"comment_status":"closed","ping_status":"closed","sticky":false,"template":"","format":"standard","meta":[],"categories":[1],"tags":[],"aioseo_notices":[],"_links":{"self":[{"href":"https:\/\/www.ucicmimarlik.com\/en\/wp-json\/wp\/v2\/posts\/10973"}],"collection":[{"href":"https:\/\/www.ucicmimarlik.com\/en\/wp-json\/wp\/v2\/posts"}],"about":[{"href":"https:\/\/www.ucicmimarlik.com\/en\/wp-json\/wp\/v2\/types\/post"}],"author":[{"embeddable":true,"href":"https:\/\/www.ucicmimarlik.com\/en\/wp-json\/wp\/v2\/users\/5"}],"replies":[{"embeddable":true,"href":"https:\/\/www.ucicmimarlik.com\/en\/wp-json\/wp\/v2\/comments?post=10973"}],"version-history":[{"count":2,"href":"https:\/\/www.ucicmimarlik.com\/en\/wp-json\/wp\/v2\/posts\/10973\/revisions"}],"predecessor-version":[{"id":11343,"href":"https:\/\/www.ucicmimarlik.com\/en\/wp-json\/wp\/v2\/posts\/10973\/revisions\/11343"}],"wp:attachment":[{"href":"https:\/\/www.ucicmimarlik.com\/en\/wp-json\/wp\/v2\/media?parent=10973"}],"wp:term":[{"taxonomy":"category","embeddable":true,"href":"https:\/\/www.ucicmimarlik.com\/en\/wp-json\/wp\/v2\/categories?post=10973"},{"taxonomy":"post_tag","embeddable":true,"href":"https:\/\/www.ucicmimarlik.com\/en\/wp-json\/wp\/v2\/tags?post=10973"}],"curies":[{"name":"wp","href":"https:\/\/api.w.org\/{rel}","templated":true}]}}