{"id":11111,"date":"2026-02-23T14:54:58","date_gmt":"2026-02-23T11:54:58","guid":{"rendered":"https:\/\/www.ucicmimarlik.com\/luks-daire-ic-mimarlik-hizmeti\/"},"modified":"2026-02-28T12:21:12","modified_gmt":"2026-02-28T09:21:12","slug":"luks-daire-ic-mimarlik-hizmeti","status":"publish","type":"post","link":"https:\/\/www.ucicmimarlik.com\/ar\/luks-daire-ic-mimarlik-hizmeti\/","title":{"rendered":"L\u00fcks daire i\u00e7 mimarl\u0131k hizmeti"},"content":{"rendered":"<p>L\u00fcks daire i\u00e7 mimarl\u0131k hizmeti, modern ya\u015fam alanlar\u0131n\u0131n vazge\u00e7ilmez bir par\u00e7as\u0131 haline gelmi\u015ftir. Bu hizmet, yaln\u0131zca estetik bir g\u00f6r\u00fcn\u00fcm sunmakla kalmaz; ayn\u0131 zamanda i\u015flevselli\u011fi de art\u0131rarak ya\u015fam alanlar\u0131n\u0131 daha kullan\u0131\u015fl\u0131 hale getirir. G\u00fcn\u00fcm\u00fczde, insanlar ki\u015fisel zevklerini ve ihtiya\u00e7lar\u0131n\u0131 g\u00f6z \u00f6n\u00fcnde bulundurarak \u00f6zelle\u015ftirilmi\u015f tasar\u0131mlar talep etmektedir. <strong>L\u00fcks daire hizmeti<\/strong>, bu ba\u011flamda, her bireyin hayallerini ger\u00e7e\u011fe d\u00f6n\u00fc\u015ft\u00fcrmek i\u00e7in kapsaml\u0131 bir s\u00fcreci i\u00e7erir. Bu yaz\u0131m\u0131zda, l\u00fcks daire i\u00e7 mimarl\u0131k hizmetinin \u00f6nemine, estetik ve fonksiyonelli\u011fe olan katk\u0131lar\u0131na ve ki\u015fiselle\u015ftirilmi\u015f tasar\u0131m s\u00fcre\u00e7lerine g\u00f6z ataca\u011f\u0131z.<\/p><h2 class=\"wp-block-heading\">L\u00fcks daire i\u00e7 mimarl\u0131k hizmetinin \u00f6nemi<\/h2><p>L\u00fcks daire i\u00e7 mimarl\u0131k hizmeti, yaln\u0131zca g\u00f6rsel estetik de\u011fil, ayn\u0131 zamanda ya\u015fam alanlar\u0131n\u0131n fonksiyonel ve konforlu bir \u015fekilde d\u00fczenlenmesi a\u00e7\u0131s\u0131ndan da \u00f6nemli bir yere sahiptir. G\u00fcn\u00fcm\u00fczde insanlar, ya\u015fam alanlar\u0131n\u0131 daha ki\u015fisel ve \u015f\u0131k bir \u015fekilde tasarlamak ad\u0131na profesyonel yard\u0131m ar\u0131yorlar. Bu ihtiyac\u0131 kar\u015f\u0131lamak amac\u0131yla, i\u00e7 mimarl\u0131k hizmetleri, her bireyin tarz\u0131n\u0131 ve beklentilerini yans\u0131tan mekanlar yaratmay\u0131 hedefliyor.<\/p><p>Bir l\u00fcks daire tasar\u0131m\u0131nda, i\u015flevsellik, estetik ve konfor bir araya gelir. \u0130\u00e7 mimarlar, mek\u00e2n\u0131n do\u011fal \u0131\u015f\u0131k al\u0131m\u0131n\u0131 optimize etmek, alanlar\u0131 etkin bir \u015fekilde d\u00fczenlemek ve kullan\u0131c\u0131n\u0131n g\u00fcnl\u00fck ya\u015fam\u0131n\u0131 kolayla\u015ft\u0131racak \u00e7\u00f6z\u00fcmler geli\u015ftirmek i\u00e7in \u00e7e\u015fitli teknikler kullan\u0131rlar. \u00d6rne\u011fin, do\u011fru mobilya yerle\u015fimi, optimum alan kullan\u0131m\u0131 sa\u011flarken, do\u011fru renk paleti ve malzemelerin se\u00e7imi, ortam\u0131n ruhunu belirler. Bu ba\u011flamda, \u00f6zel tasar\u0131m \u00e7\u00f6z\u00fcmleri sunarak, m\u00fckemmel uyumu ve dilemeyi hedef alan i\u00e7 mimarl\u0131k hizmetleri, konforlu ve ilham verici ya\u015fam alanlar\u0131n\u0131 m\u00fcmk\u00fcn k\u0131lar.<\/p><p>Ayn\u0131 zamanda, l\u00fcks daire i\u00e7 mimarl\u0131k hizmetleri, bireylere sadece g\u00f6rsel bir zenginlik sunmaz; ayn\u0131 zamanda psikolojik bir tatmin de sa\u011flar. Estetik ve i\u015flevselli\u011fin birle\u015fimi, sakinlere huzur veren ve stres azaltan bir ya\u015fam alan\u0131 olu\u015fturur. \u0130\u015fte bu y\u00fczden, l\u00fcks daire i\u00e7 mimarl\u0131k hizmetinin \u00f6nemi, sadece mimari g\u00fczellikte de\u011fil, ayn\u0131 zamanda hayat kalitesini art\u0131r\u0131c\u0131 y\u00f6nlerinde de kendini g\u00f6stermektedir. Mekan tasar\u0131m\u0131ndaki detaylar, ya\u015fam tarz\u0131n\u0131 ve bireyin kimli\u011fini yans\u0131tmak a\u00e7\u0131s\u0131ndan kritik rol oynar.<\/p><h2 class=\"wp-block-heading\">L\u00fcks daire hizmeti ile estetik ve fonksiyonellik<\/h2><p>Modern ya\u015fam\u0131n gereksinimlerini kar\u015f\u0131lamak amac\u0131yla tasarlanan <strong>l\u00fcks daire hizmeti<\/strong>, estetik ve fonksiyonelli\u011fi bir araya getirerek m\u00fckemmel bir denge olu\u015fturmay\u0131 hedefler. Bu s\u00fcre\u00e7te, estetik unsurlar\u0131n \u00f6n plana \u00e7\u0131kmas\u0131 kadar, kullan\u0131m kolayl\u0131\u011f\u0131 ve alan\u0131n verimli bir \u015fekilde de\u011ferlendirilmesi de son derece m\u00fchimdir.<\/p><p>Estetik, bir mekan\u0131n ruhunu belirleyen \u00f6nemli bir fakt\u00f6rd\u00fcr. Mekan\u0131n i\u00e7 mimarisinde, renk se\u00e7imi, malzeme kalitesi ve aksesuarlar\u0131n uyumu, genel atmosferi etkileyen unsurlard\u0131r. \u0130\u015fte bu noktada, i\u00e7 mimarlar; kullan\u0131c\u0131lar\u0131n zevklerine, ya\u015fam tarzlar\u0131na ve ihtiya\u00e7lar\u0131na g\u00f6re estetik \u00e7\u00f6z\u00fcmler \u00fcretir. \u00d6rne\u011fin, modern \u00e7izgilerden geleneksel dokunu\u015flara kadar geni\u015f bir yelpazede tasar\u0131m se\u00e7enekleri sunarak, her bireyin farkl\u0131 be\u011fenilerini yans\u0131tacak alanlar yarat\u0131labilir.<\/p><p>Fonksiyonellik ise, mekan\u0131n pratik kullan\u0131m\u0131 ile do\u011frudan ili\u015fkilidir. Bu a\u00e7\u0131dan, ak\u0131ll\u0131ca planlama, geni\u015f depolama alanlar\u0131 ve uygun alan da\u011f\u0131l\u0131m\u0131 gibi unsurlar devreye girer. \u00d6rne\u011fin, oturma odas\u0131nda yer alan mobilyalar\u0131n konumland\u0131r\u0131lmas\u0131, hem estetik bir g\u00f6r\u00fcn\u00fcm sunmal\u0131 hem de ya\u015fam alan\u0131nda ge\u00e7irilen zaman\u0131 en konforlu hale getirecek \u015fekilde d\u00fczenlenmelidir. Bu denge, yaln\u0131zca g\u00f6rsel bir zevk olu\u015fturmaz, ayn\u0131 zamanda kullan\u0131c\u0131lar\u0131n ya\u015fam kalitelerini de art\u0131r\u0131r.<\/p><p>Sonu\u00e7 olarak, <strong>l\u00fcks daire hizmeti<\/strong> ile elde edilen estetik ve fonksiyonellik, yaln\u0131zca g\u00f6z al\u0131c\u0131 bir mekan yaratmakla kalmaz; ayn\u0131 zamanda kullan\u0131c\u0131lar\u0131n g\u00fcnl\u00fck ya\u015fam\u0131n\u0131 da anlaml\u0131 bir \u015fekilde d\u00f6n\u00fc\u015ft\u00fcr\u00fcr. Mekan\u0131n her k\u00f6\u015fesi, kullan\u0131c\u0131lar\u0131n deneyimlerini zenginle\u015ftirmek \u00fczere titizlikle tasarlanm\u0131\u015f ve d\u00fc\u015f\u00fcn\u00fclm\u00fc\u015ft\u00fcr. \u0130\u015fte bu nedenle, i\u00e7 mimari s\u00fcre\u00e7lerinde hem estetik hem de fonksiyonel unsurlara dikkat etmek hayati bir \u00f6neme sahiptir.<\/p><h2 class=\"wp-block-heading\">L\u00fcks daire i\u00e7 mimarl\u0131k s\u00fcre\u00e7leri<\/h2><p>L\u00fcks daire i\u00e7 mimarl\u0131k s\u00fcre\u00e7leri, estetik ve fonksiyonelli\u011fin m\u00fckemmel bir uyum i\u00e7inde bulu\u015ftu\u011fu bir dizi a\u015famadan olu\u015fmaktad\u0131r. Bu s\u00fcre\u00e7ler, tasar\u0131m\u0131n ba\u015flang\u0131c\u0131ndan biti\u015fine kadar olan her detay\u0131n titizlikle planland\u0131\u011f\u0131 bir yolculuktur. \u00d6ncelikle, <strong>m\u00fc\u015fteri ihtiya\u00e7 analizi<\/strong> ile ba\u015flar. Bu a\u015famada, ya\u015fam tarz\u0131, estetik beklentiler ve i\u015flevsellik \u00f6nem arz eder. \u0130\u00e7 mimarlar, m\u00fc\u015fterileriyle birebir g\u00f6r\u00fc\u015ferek, hayallerindeki ya\u015fam alan\u0131n\u0131 anlamaya \u00e7al\u0131\u015f\u0131r.<\/p><p>Ard\u0131ndan, <strong>konsept geli\u015ftirme<\/strong> a\u015famas\u0131na ge\u00e7ilir. Bu a\u015famada, i\u00e7 mimarlar g\u00f6rsel sunumlar ve moodboard&#8217;lar ile farkl\u0131 tasar\u0131m alternatiflerini m\u00fc\u015fterilere sunar. B\u00f6ylece, hangi teman\u0131n veya renk paletinin tercih edilece\u011fi belirlenir. M\u00fc\u015fterinin be\u011fenisini kazanan konseptler, daha sonraki a\u015famalara temel olu\u015fturur.<\/p><p><strong>Proje tasar\u0131m\u0131<\/strong> a\u015famas\u0131, 3D modelleme ve \u00e7izimlerle somutla\u015ft\u0131r\u0131l\u0131r. \u0130\u00e7 mekanlar\u0131n planlar\u0131, mobilya yerle\u015fimi ve ayd\u0131nlatma tasar\u0131m\u0131 gibi detaylar dikkatlice haz\u0131rlan\u0131r. Bu a\u015famada malzeme se\u00e7imi de b\u00fcy\u00fck \u00f6nem ta\u015f\u0131r; kaliteli ve dayan\u0131kl\u0131 malzemeler, l\u00fcks bir ya\u015fam alan\u0131 yaratmak i\u00e7in se\u00e7ilir.<\/p><p>Son olarak, <strong>uygulama a\u015famas\u0131<\/strong> gelir. Bu a\u015famada, t\u00fcm tasar\u0131m unsurlar\u0131 hayata ge\u00e7irilir. Uygulama s\u00fcreci boyunca i\u00e7 mimarlar, s\u00fcrekli olarak denetim yapar ve projenin her a\u015famas\u0131n\u0131n beklentilere uygun ilerlemesini sa\u011flar. Ayr\u0131ca, bu s\u00fcre\u00e7te l\u00fcks daire hizmeti ile birlikte, ki\u015fiye \u00f6zel detaylar da eklenerek, mekan\u0131n \u00f6zg\u00fcnl\u00fc\u011f\u00fc art\u0131r\u0131l\u0131r.<\/p><p>Genel olarak, l\u00fcks daire <a href=\"https:\/\/www.instagram.com\/move_mimarlik\/\" target=\"_blank\" rel=\"noopener\">i\u00e7 mimarl\u0131k<\/a> s\u00fcre\u00e7leri, profesyonel ekiplerin ve yenilik\u00e7i tasar\u0131m yakla\u015f\u0131mlar\u0131n\u0131n bir araya gelmesiyle ortaya \u00e7\u0131kan, \u00f6zen ve titizlikle dolu bir deneyim sunar.<\/p><h2 class=\"wp-block-heading\">L\u00fcks daire hizmeti ile ki\u015fiselle\u015ftirilmi\u015f tasar\u0131mlar<\/h2><p>Ki\u015fiselle\u015ftirilmi\u015f tasar\u0131mlar, ev sahiplerinin ya\u015fam alanlar\u0131n\u0131 kendi tarzlar\u0131na ve ihtiya\u00e7lar\u0131na uygun hale getirmelerini sa\u011flamak i\u00e7in hayati bir \u00f6nem ta\u015f\u0131maktad\u0131r. <strong>L\u00fcks daire hizmeti<\/strong> sundu\u011funuzda, her detay\u0131n ve her k\u00f6\u015fenin ev sahibinin zevkine g\u00f6re \u015fekillendirilmesi gerekti\u011fi ger\u00e7e\u011fi \u00f6n plana \u00e7\u0131kar. \u00d6zenle yap\u0131lan bu tasar\u0131m s\u00fcre\u00e7leri, sadece estetik bir g\u00f6r\u00fcn\u00fcm olu\u015fturmakla kalmaz; ayn\u0131 zamanda i\u015flevsellik ve konforu da beraberinde getirir.<\/p><p>Ki\u015fiselle\u015ftirmenin en b\u00fcy\u00fck avantajlar\u0131ndan biri, kullan\u0131c\u0131n\u0131n \u00f6zg\u00fcn isteklerinin tasar\u0131ma yans\u0131mas\u0131d\u0131r. \u00d6rne\u011fin, geni\u015f bir oturma odas\u0131 yaratmak isteyen biri i\u00e7in a\u00e7\u0131k bir alan plan\u0131 haz\u0131rlan\u0131rken, kitapl\u0131k ve \u00e7al\u0131\u015fma alan\u0131 isteyen bir di\u011fer birey i\u00e7in ise farkl\u0131 bir d\u00fczenleme yap\u0131labilir. Bu t\u00fcr ayr\u0131nt\u0131lar, kullan\u0131c\u0131lar\u0131n g\u00fcnl\u00fck ya\u015famlar\u0131n\u0131 daha keyifli hale getirir. Ayr\u0131ca, farkl\u0131 renk paletleri, kuma\u015f se\u00e7imleri ve mobilya stilleri aras\u0131ndan yap\u0131lan tercihlerle, her bireyin evinin kendine has bir karakter kazanmas\u0131n\u0131 sa\u011flamak m\u00fcmk\u00fcnd\u00fcr.<\/p><p>Ayn\u0131 zamanda, ki\u015fiselle\u015ftirilmi\u015f tasar\u0131mlar bireylerin hayat bi\u00e7imlerini ve al\u0131\u015fkanl\u0131klar\u0131n\u0131 yans\u0131t\u0131r. Bir ev sahibi, aile yap\u0131s\u0131na, hobilerine ve sosyal ya\u015fam\u0131na uygun tasar\u0131m unsurlar\u0131n\u0131 dahil etmeye \u00f6zen g\u00f6sterir. Bu noktada, i\u00e7 mimarlar\u0131n sa\u011flad\u0131\u011f\u0131 uzmanl\u0131k, istenen her detay\u0131n profesyonellikle bir araya gelmesine yard\u0131mc\u0131 olur. \u00d6rne\u011fin, ya\u015fam alanlar\u0131na modern dokunu\u015flar eklemek veya geleneksel \u00f6\u011feleri korumak gibi \u00e7e\u015fitli yakla\u015f\u0131mlar, her evin \u00f6zg\u00fcn hissini art\u0131r\u0131r.<\/p><p>Sonu\u00e7 olarak, <strong>l\u00fcks daire hizmeti<\/strong> ile ki\u015fiselle\u015ftirilmi\u015f tasar\u0131mlar, sadece estetik bir tercih de\u011fil, ayn\u0131 zamanda konfor ve i\u015flevsellik sunan bir hayat tarz\u0131 yaratma yoludur. Her detay\u0131n \u00f6zenle d\u00fc\u015f\u00fcn\u00fcld\u00fc\u011f\u00fc ve uyguland\u0131\u011f\u0131 bu s\u00fcre\u00e7te, ev sahipleri kendi ya\u015fam alanlar\u0131n\u0131n tam kontrol\u00fcn\u00fc ele al\u0131r ve hayallerindeki ya\u015fam alan\u0131n\u0131 yaratma f\u0131rsat\u0131na sahip olur.<\/p><h2 class=\"wp-block-heading\">S\u0131k\u00e7a Sorulan Sorular<\/h2><h3 class=\"wp-block-heading\">L\u00fcks daire i\u00e7 mimarl\u0131k hizmeti nedir?<\/h3><p>L\u00fcks daire i\u00e7 mimarl\u0131k hizmeti, y\u00fcksek kaliteli malzeme ve estetik tasar\u0131m unsurlar\u0131n\u0131 bir araya getirerek ferah ve \u015f\u0131k ya\u015fam alanlar\u0131 yaratmay\u0131 ama\u00e7layan profesyonel bir hizmettir. Bu hizmet, mekanlar\u0131n i\u00e7erik ve i\u015flevselli\u011fini g\u00f6z \u00f6n\u00fcnde bulundurarak, kullan\u0131c\u0131n\u0131n ihtiyac\u0131na ve tarz\u0131na uygun olarak ger\u00e7ekle\u015ftirilir. \u0130\u00e7 mimarlar, mimari detaydan ayd\u0131nlatmaya kadar her unsuru d\u00fc\u015f\u00fcnerek, ferah ve konforlu bir ya\u015fam alan\u0131 olu\u015fturur.<\/p><h3 class=\"wp-block-heading\">L\u00fcks daire i\u00e7 mimarl\u0131k hizmeti al\u0131rken nelere dikkat edilmelidir?<\/h3><p>L\u00fcks daire i\u00e7 mimarl\u0131k hizmeti al\u0131rken dikkat edilmesi gereken en \u00f6nemli unsurlardan biri, tasar\u0131m\u0131n ihtiya\u00e7 ve zevklerinize uyum sa\u011flamas\u0131d\u0131r. Ayr\u0131ca, se\u00e7ilecek i\u00e7 mimar\u0131n deneyimi, portf\u00f6y\u00fc ve daha \u00f6nce tamamlad\u0131\u011f\u0131 projeler de g\u00f6z \u00f6n\u00fcnde bulundurulmal\u0131d\u0131r. B\u00fct\u00e7e planlamas\u0131, malzeme kalitesi, zaman \u00e7er\u00e7evesinin belirlenmesi ve s\u00f6zle\u015fme \u015fartlar\u0131n\u0131n netle\u015ftirilmesi gibi unsurlar da dikkatlice de\u011ferlendirilmelidir.<\/p><h3 class=\"wp-block-heading\">\u0130\u00e7 mimar ile nas\u0131l ileti\u015fim kurabilirim?<\/h3><p>\u0130\u00e7 mimar ile ileti\u015fim kurman\u0131n en etkili yollar\u0131ndan biri, portf\u00f6y\u00fcne ve \u00e7al\u0131\u015fma tarz\u0131na uygun olup olmad\u0131\u011f\u0131n\u0131 \u00f6\u011frenerek ba\u015flamak olacakt\u0131r. E-posta veya telefonla ileti\u015fime ge\u00e7ebilir, randevu alarak y\u00fcz y\u00fcze g\u00f6r\u00fc\u015febilirsiniz. \u0130lk g\u00f6r\u00fc\u015fmede ihtiya\u00e7lar\u0131n\u0131z\u0131, beklentilerinizi ve b\u00fct\u00e7enizi net bir \u015fekilde ifade etmek, projeye dair daha sa\u011fl\u0131kl\u0131 bir ileti\u015fim kurman\u0131z\u0131 sa\u011flar. Ayr\u0131ca, sosyal medya \u00fczerinden veya profesyonel web sitelerindeki ileti\u015fim formlar\u0131n\u0131 kullanarak da rahatl\u0131kla ula\u015fabilirsiniz.<\/p><script type=\"application\/ld+json\">{\"@context\":\"https:\/\/schema.org\",\"@type\":\"FAQPage\",\"mainEntity\":[{\"@type\":\"Question\",\"name\":\"L\u00fcks daire i\u00e7 mimarl\u0131k hizmeti nedir?\",\"acceptedAnswer\":{\"@type\":\"Answer\",\"text\":\"L\u00fcks daire i\u00e7 mimarl\u0131k hizmeti, y\u00fcksek kaliteli malzeme ve estetik tasar\u0131m unsurlar\u0131n\u0131 bir araya getirerek ferah ve \u015f\u0131k ya\u015fam alanlar\u0131 yaratmay\u0131 ama\u00e7layan profesyonel bir hizmettir. Bu hizmet, mekanlar\u0131n i\u00e7erik ve i\u015flevselli\u011fini g\u00f6z \u00f6n\u00fcnde bulundurarak, kullan\u0131c\u0131n\u0131n ihtiyac\u0131na ve tarz\u0131na uygun olarak ger\u00e7ekle\u015ftirilir. \u0130\u00e7 mimarlar, mimari detaydan ayd\u0131nlatmaya kadar her unsuru d\u00fc\u015f\u00fcnerek, ferah ve konforlu bir ya\u015fam alan\u0131 olu\u015fturur.\"}},{\"@type\":\"Question\",\"name\":\"L\u00fcks daire i\u00e7 mimarl\u0131k hizmeti al\u0131rken nelere dikkat edilmelidir?\",\"acceptedAnswer\":{\"@type\":\"Answer\",\"text\":\"L\u00fcks daire i\u00e7 mimarl\u0131k hizmeti al\u0131rken dikkat edilmesi gereken en \u00f6nemli unsurlardan biri, tasar\u0131m\u0131n ihtiya\u00e7 ve zevklerinize uyum sa\u011flamas\u0131d\u0131r. Ayr\u0131ca, se\u00e7ilecek i\u00e7 mimar\u0131n deneyimi, portf\u00f6y\u00fc ve daha \u00f6nce tamamlad\u0131\u011f\u0131 projeler de g\u00f6z \u00f6n\u00fcnde bulundurulmal\u0131d\u0131r. B\u00fct\u00e7e planlamas\u0131, malzeme kalitesi, zaman \u00e7er\u00e7evesinin belirlenmesi ve s\u00f6zle\u015fme \u015fartlar\u0131n\u0131n netle\u015ftirilmesi gibi unsurlar da dikkatlice de\u011ferlendirilmelidir.\"}},{\"@type\":\"Question\",\"name\":\"\u0130\u00e7 mimar ile nas\u0131l ileti\u015fim kurabilirim?\",\"acceptedAnswer\":{\"@type\":\"Answer\",\"text\":\"\u0130\u00e7 mimar ile ileti\u015fim kurman\u0131n en etkili yollar\u0131ndan biri, portf\u00f6y\u00fcne ve \u00e7al\u0131\u015fma tarz\u0131na uygun olup olmad\u0131\u011f\u0131n\u0131 \u00f6\u011frenerek ba\u015flamak olacakt\u0131r. E-posta veya telefonla ileti\u015fime ge\u00e7ebilir, randevu alarak y\u00fcz y\u00fcze g\u00f6r\u00fc\u015febilirsiniz. \u0130lk g\u00f6r\u00fc\u015fmede ihtiya\u00e7lar\u0131n\u0131z\u0131, beklentilerinizi ve b\u00fct\u00e7enizi net bir \u015fekilde ifade etmek, projeye dair daha sa\u011fl\u0131kl\u0131 bir ileti\u015fim kurman\u0131z\u0131 sa\u011flar. Ayr\u0131ca, sosyal medya \u00fczerinden veya profesyonel web sitelerindeki ileti\u015fim formlar\u0131n\u0131 kullanarak da rahatl\u0131kla ula\u015fabilirsiniz.\"}}]}<\/script>","protected":false},"excerpt":{"rendered":"<p>L\u00fcks daire i\u00e7 mimarl\u0131k hizmeti, modern ya\u015fam alanlar\u0131n\u0131n vazge\u00e7ilmez bir par\u00e7as\u0131 haline gelmi\u015ftir. Bu hizmet, yaln\u0131zca estetik bir g\u00f6r\u00fcn\u00fcm sunmakla<\/p>\n","protected":false},"author":5,"featured_media":0,"comment_status":"closed","ping_status":"closed","sticky":false,"template":"","format":"standard","meta":[],"categories":[1],"tags":[],"aioseo_notices":[],"_links":{"self":[{"href":"https:\/\/www.ucicmimarlik.com\/ar\/wp-json\/wp\/v2\/posts\/11111"}],"collection":[{"href":"https:\/\/www.ucicmimarlik.com\/ar\/wp-json\/wp\/v2\/posts"}],"about":[{"href":"https:\/\/www.ucicmimarlik.com\/ar\/wp-json\/wp\/v2\/types\/post"}],"author":[{"embeddable":true,"href":"https:\/\/www.ucicmimarlik.com\/ar\/wp-json\/wp\/v2\/users\/5"}],"replies":[{"embeddable":true,"href":"https:\/\/www.ucicmimarlik.com\/ar\/wp-json\/wp\/v2\/comments?post=11111"}],"version-history":[{"count":2,"href":"https:\/\/www.ucicmimarlik.com\/ar\/wp-json\/wp\/v2\/posts\/11111\/revisions"}],"predecessor-version":[{"id":11429,"href":"https:\/\/www.ucicmimarlik.com\/ar\/wp-json\/wp\/v2\/posts\/11111\/revisions\/11429"}],"wp:attachment":[{"href":"https:\/\/www.ucicmimarlik.com\/ar\/wp-json\/wp\/v2\/media?parent=11111"}],"wp:term":[{"taxonomy":"category","embeddable":true,"href":"https:\/\/www.ucicmimarlik.com\/ar\/wp-json\/wp\/v2\/categories?post=11111"},{"taxonomy":"post_tag","embeddable":true,"href":"https:\/\/www.ucicmimarlik.com\/ar\/wp-json\/wp\/v2\/tags?post=11111"}],"curies":[{"name":"wp","href":"https:\/\/api.w.org\/{rel}","templated":true}]}}