{"id":11107,"date":"2026-02-23T14:54:55","date_gmt":"2026-02-23T11:54:55","guid":{"rendered":"https:\/\/www.ucicmimarlik.com\/modern-daire-ic-mimar-cozumleri\/"},"modified":"2026-02-28T12:17:40","modified_gmt":"2026-02-28T09:17:40","slug":"modern-daire-ic-mimar-cozumleri","status":"publish","type":"post","link":"https:\/\/www.ucicmimarlik.com\/ar\/modern-daire-ic-mimar-cozumleri\/","title":{"rendered":"Modern daire i\u00e7 mimar \u00e7\u00f6z\u00fcmleri"},"content":{"rendered":"<p>Modern ya\u015fam, alan\u0131n verimli kullan\u0131m\u0131 ve estetik kayg\u0131larla \u015fekillenen i\u00e7 mekan tasar\u0131m\u0131na yeni bir boyut kazand\u0131r\u0131yor. <strong>Modern daire \u00e7\u00f6z\u00fcmleri<\/strong> ile hem \u015f\u0131kl\u0131\u011f\u0131 hem de fonksiyonelli\u011fi bir araya getirerek, ya\u015fam alanlar\u0131m\u0131z\u0131 daha kullan\u0131\u015fl\u0131 hale getirmek m\u00fcmk\u00fcn. Bu yaz\u0131da, modern dairelerin i\u00e7 mimari \u00f6zelliklerini ke\u015ffedecek, renk ve ayd\u0131nlatma se\u00e7imlerinin \u00f6nemini vurgulayacak ve s\u00fcrd\u00fcr\u00fclebilirlik ile yenilik\u00e7ili\u011fin i\u00e7 mimarideki yans\u0131malar\u0131n\u0131 inceleyece\u011fiz. Haz\u0131rsan\u0131z, modern daire tasar\u0131m\u0131nda dikkate alman\u0131z gereken \u00f6nemli unsurlar\u0131 detaylar\u0131yla birlikte ele alal\u0131m.<\/p><h2 class=\"wp-block-heading\">Modern Daire \u00c7\u00f6z\u00fcmleri ile Alan Tasarrufu<\/h2><p>G\u00fcn\u00fcm\u00fczde, s\u0131n\u0131rl\u0131 alanlar i\u00e7inde ya\u015fam kalitesini art\u0131rmak ve i\u015flevsellik sa\u011flamak her zamankinden daha \u00f6nemli hale gelmi\u015ftir. Bu ba\u011flamda, alan tasarrufu sa\u011flayan uygulamalar, daire <a href=\"https:\/\/www.youtube.com\/watch?v=Rw_AhsqlGM8&amp;pp=0gcJCfcAhR29_xXO\" target=\"_blank\" rel=\"noopener\">i\u00e7 mimarisinin<\/a> en temel unsurlar\u0131ndan birini olu\u015fturur. <strong>Modern daire \u00e7\u00f6z\u00fcmleri<\/strong>, mekanlar\u0131 daha verimli kullanman\u0131n yan\u0131 s\u0131ra, ya\u015fam alanlar\u0131na estetik bir dokunu\u015f eklemeyi de hedefler.<\/p><p>\u0130lk olarak, <strong>mobilya se\u00e7imi<\/strong> alan tasarrufunda kritik bir rol oynar. \u00c7ok fonksiyonlu mobilyalar, \u00f6rne\u011fin, a\u00e7\u0131labilir masalar ya da \u00e7ekyatlar, hem g\u00fcnl\u00fck ya\u015fam\u0131 kolayla\u015ft\u0131r\u0131r hem de kullan\u0131lmad\u0131\u011f\u0131 zamanlarda yer kaplamaz. Bunun yan\u0131 s\u0131ra, <em>duvar raflar\u0131<\/em> veya <em>ask\u0131l\u0131 sistemler<\/em> ile yerden tasarruf sa\u011flanabilir, bu t\u00fcr \u00e7\u00f6z\u00fcmler odan\u0131n daha ferah g\u00f6r\u00fcnmesine yard\u0131mc\u0131 olur.<\/p><p>Bununla birlikte, <strong>depolama alanlar\u0131n\u0131n ak\u0131ll\u0131 d\u00fczenlemesi<\/strong> de olduk\u00e7a \u00f6nemlidir. Yerle\u015fim plan\u0131nda, gizli depolama alanlar\u0131 olu\u015fturarak, daha fazla e\u015fyay\u0131 derli toplu bir \u015fekilde saklamak m\u00fcmk\u00fcnd\u00fcr. \u00d6rne\u011fin, yatak alt\u0131 kutular\u0131 veya duvara entegre edilmi\u015f g\u00f6mme dolaplar, hem g\u00f6r\u00fcn\u00fcm a\u00e7\u0131s\u0131ndan \u015f\u0131kl\u0131k sunar hem de kullan\u0131\u015fl\u0131l\u0131k sa\u011flar.<\/p><p>Renk kullan\u0131m\u0131 da <em>alan hissini art\u0131rma<\/em> noktas\u0131nda etkilidir. A\u00e7\u0131k ve pastel tonlar, mekan\u0131n daha geni\u015f g\u00f6r\u00fcnmesine olanak tan\u0131rken, koyu renkler dar bir alg\u0131 yaratabilir. Ayr\u0131ca, <em>ayd\u0131nlatma<\/em>, alan\u0131n nas\u0131l alg\u0131land\u0131\u011f\u0131n\u0131 etkileyen di\u011fer bir unsurdur; iyi bir ayd\u0131nlatma, alan\u0131 daha geni\u015f ve ferah g\u00f6sterirken, karanl\u0131k k\u00f6\u015feleri de ortadan kald\u0131r\u0131r.<\/p><p>Sonu\u00e7 olarak, <strong>alan tasarrufu<\/strong> sa\u011flayan tasar\u0131m y\u00f6ntemleri, modern i\u00e7 mimaride b\u00fcy\u00fck bir yer tutar. Bu yakla\u015f\u0131mlar, sadece mekan\u0131n verimlili\u011fini art\u0131rmakla kalmaz, ayn\u0131 zamanda estetik bir ya\u015fam alan\u0131 olu\u015fturma hedefine de katk\u0131da bulunur. Bu \u00e7er\u00e7evede, fonksiyonellik ve \u015f\u0131kl\u0131k aras\u0131nda m\u00fckemmel bir denge sa\u011flamak, estetik zevkinizi tamamlar.<\/p><h2 class=\"wp-block-heading\">Estetik ve Fonksiyonellik: Modern Daire \u0130\u00e7 Mekanlar\u0131n\u0131n \u00d6zellikleri<\/h2><p>Modern daire i\u00e7 mekanlar\u0131, yaln\u0131zca g\u00f6rsel bir estetik sunmakla kalmaz, ayn\u0131 zamanda fonksiyonellik a\u00e7\u0131s\u0131ndan da b\u00fcy\u00fck bir \u00f6nem ta\u015f\u0131r. Bu t\u00fcr mekanlarda, tasar\u0131m\u0131n temel amac\u0131, kullan\u0131c\u0131lar\u0131n ya\u015fam kalitesini art\u0131rmak ve g\u00fcnl\u00fck ya\u015famlar\u0131n\u0131 kolayla\u015ft\u0131rmakt\u0131r. <em>Bu nedenle, modern dairelerin i\u00e7 mimari \u00e7\u00f6z\u00fcmleri<\/em> detayl\u0131 bir planlama ve zengin bir tasar\u0131m anlay\u0131\u015f\u0131 gerektirir.<\/p><p>\u00d6ncelikle, <strong>modern daire \u00e7\u00f6z\u00fcmleri<\/strong> geni\u015f ve a\u00e7\u0131k alanlar yaratma temas\u0131 etraf\u0131nda d\u00f6ner. Bu, mekan\u0131n ferah g\u00f6r\u00fcnmesini sa\u011flarken, ayn\u0131 zamanda sosyal etkile\u015fimi art\u0131r\u0131r. A\u00e7\u0131k plan anlay\u0131\u015f\u0131, oturma odas\u0131, mutfak ve yemek alanlar\u0131n\u0131n bir arada kullan\u0131lmas\u0131na olanak tan\u0131r. Bu sayede, aile \u00fcyeleri ve misafirler bir arada bulunarak ya\u015fam alan\u0131n\u0131 daha samimi hale getirir.<\/p><p>Renk ve malzeme se\u00e7imleri de bu estetik ve fonksiyonellik ili\u015fkisinde kilit rol oynar. Genellikle, n\u00f6tr tonlar ve do\u011fal malzemeler kullan\u0131larak huzurlu ve konforlu bir atmosfer yarat\u0131l\u0131r. Ah\u015fap, ta\u015f ve metal gibi unsurlar, birbirleriyle uyum i\u00e7inde kullan\u0131larak mekana derinlik ve karakter kazand\u0131r\u0131r. Ayr\u0131ca, bu malzemelerin do\u011fru kombinasyonu, dayan\u0131kl\u0131l\u0131\u011f\u0131 da beraberinde getirir, b\u00f6ylece i\u015flevselli\u011fi art\u0131r\u0131r.<\/p><p>Ayd\u0131nlatma ise modern daire i\u00e7 mekanlar\u0131n\u0131n bir di\u011fer \u00f6nemli \u00f6zelli\u011fidir. Do\u011fal \u0131\u015f\u0131k kaynaklar\u0131n\u0131n \u00f6n plana \u00e7\u0131kt\u0131\u011f\u0131 tasar\u0131mlar, enerjiyi verimli kullanmay\u0131 sa\u011flar. Tavanda yer alan ayd\u0131nlatma armat\u00fcrleri ve duvar lambalar\u0131, ortam\u0131n genel havas\u0131n\u0131 de\u011fi\u015ftirirken, ayn\u0131 zamanda belirli alanlar\u0131n vurgulanmas\u0131na yard\u0131mc\u0131 olur.<\/p><p>Sonu\u00e7 olarak, estetik ve fonksiyonellik, modern daire i\u00e7 mekanlar\u0131n\u0131n anahtar \u00f6zellikleridir. Bu unsurlar\u0131n birle\u015fimi, hem g\u00f6ze hitap eden hem de ya\u015fam\u0131 kolayla\u015ft\u0131ran bir ortam yaratmaktad\u0131r. Mekan\u0131n tasar\u0131m\u0131nda dikkate al\u0131nacak her detay, bu iki unsurun uyum i\u00e7inde ilerlemesi i\u00e7in hayati bir \u00f6neme sahiptir.<\/p><h2 class=\"wp-block-heading\">Modern Daire \u00c7\u00f6z\u00fcmleri: Renk ve Ayd\u0131nlatma Se\u00e7imleri<\/h2><p>Renk ve ayd\u0131nlatma, bir alan\u0131n atmosferini belirleyen en \u00f6nemli unsurlardan biridir. \u00d6zellikle <strong>modern daire \u00e7\u00f6z\u00fcmleri<\/strong> kapsam\u0131nda, bu iki fakt\u00f6r\u00fcn uyumu, mekan\u0131n hem estetik a\u00e7\u0131dan g\u00f6z al\u0131c\u0131 olmas\u0131n\u0131 sa\u011flar hem de kullan\u0131m konforunu art\u0131r\u0131r. Renk se\u00e7imi, genel bir tasar\u0131m stratejisinin par\u00e7as\u0131 olarak, mek\u00e2nlar\u0131n daha geni\u015f, ferah veya s\u0131cak bir his uyand\u0131rmas\u0131n\u0131 sa\u011flayabilir.<\/p><p>\u00d6rne\u011fin, a\u00e7\u0131k ve pastel tonlar\u0131, \u00f6zellikle k\u00fc\u00e7\u00fck alanlarda tercih edildi\u011finde, duvarlar\u0131 ve tavan\u0131 daha y\u00fcksek ve geni\u015f g\u00f6sterir. Beyaz, a\u00e7\u0131k gri veya soft mavi gibi renkler, do\u011fal \u0131\u015f\u0131\u011f\u0131n yans\u0131mas\u0131na yard\u0131mc\u0131 olarak alan\u0131 daha parlak hale getirir. Di\u011fer yandan, koyu tonlar; gece dinlendiren, sakinle\u015ftirici bir atmosfer yaratarak, yatak odas\u0131 gibi dinlenme alanlar\u0131nda s\u0131kl\u0131kla tercih edilmektedir. Bu noktada, do\u011fru renk kombinasyonlar\u0131 olu\u015fturmak, oday\u0131 daha \u00e7ekici hale getirmenin yan\u0131 s\u0131ra, kullan\u0131c\u0131lar\u0131n ruh haline de olumlu etkiler yapabilir.<\/p><p>Ayd\u0131nlatma ise, estetik ve fonksiyonel bir unsur olarak mekanlar\u0131n\u0131za derinlik ve s\u0131cakl\u0131k katar. Do\u011fru ayd\u0131nlatma uygulamalar\u0131, g\u00fcn boyunca do\u011fal \u0131\u015f\u0131\u011f\u0131n maksimum avantaj\u0131n\u0131 sa\u011flamaya yard\u0131mc\u0131 olur. Ayr\u0131ca, alan\u0131n farkl\u0131 b\u00f6l\u00fcmlerini vurgulamak i\u00e7in spot \u0131\u015f\u0131klar, sark\u0131t lambalar ve LED ayd\u0131nlatmalar gibi alternatifler kullan\u0131labilir. Ak\u015fam saatlerinde ise, s\u0131cak beyaz ve sar\u0131 tonlar, sakin bir atmosfer yarat\u0131rken, daha so\u011fuk tonlarda \u0131\u015f\u0131klar ise dinamizmi art\u0131r\u0131r. Mek\u00e2nlar\u0131n kullan\u0131m amac\u0131na g\u00f6re ayd\u0131nlatma seviyesini ayarlamak, kullan\u0131c\u0131 deneyimini \u00e7ok y\u00f6nl\u00fc hale getirir.<\/p><p>K\u0131sacas\u0131, <em>renk ve ayd\u0131nlatma, modern i\u00e7 mekan tasar\u0131m\u0131nda iki \u00f6nemli bile\u015fendir<\/em>. Bunlar bir araya geldi\u011finde, sade ve \u015f\u0131k bir ortam yaratman\u0131n kap\u0131s\u0131n\u0131 aralar. Hem g\u00f6z al\u0131c\u0131 hem de i\u015flevsel alanlar tasarlamak i\u00e7in, bu unsurlar \u00fczerinde titizlikle d\u00fc\u015f\u00fcnmek b\u00fcy\u00fck bir \u00f6nem ta\u015f\u0131r.<\/p><h2 class=\"wp-block-heading\">S\u00fcrd\u00fcr\u00fclebilirlik ve Yenilik\u00e7ilik: Modern Daire \u0130\u00e7 Mimari Trendleri<\/h2><p>G\u00fcn\u00fcm\u00fczde, modern daire i\u00e7 mekan tasar\u0131mlar\u0131nda s\u00fcrd\u00fcr\u00fclebilirlik ve yenilik\u00e7ilik, b\u00fcy\u00fck \u00f6nem ta\u015f\u0131yan iki ana unsur haline gelmi\u015ftir. Tasar\u0131mc\u0131lar, kullan\u0131c\u0131lar\u0131n hem estetik hem de \u00e7evresel a\u00e7\u0131dan tatmin edici ya\u015fam alanlar\u0131 yaratmalar\u0131n\u0131 sa\u011flamak amac\u0131yla \u00e7e\u015fitli stratejiler geli\u015ftirmektedir. Bu ba\u011flamda, <em>do\u011fal malzemelerin kullan\u0131m\u0131<\/em> ve <em>enerji verimlili\u011fi<\/em>, s\u00fcrd\u00fcr\u00fclebilir i\u00e7 mekanlar\u0131n temel yap\u0131 ta\u015flar\u0131n\u0131 olu\u015fturmaktad\u0131r.<\/p><p>\u00d6rne\u011fin, bambu, geri d\u00f6n\u00fc\u015ft\u00fcr\u00fclm\u00fc\u015f ah\u015fap ve do\u011fal ta\u015f gibi malzemeler, hem \u00e7evre dostu hem de estetik olarak \u00e7arp\u0131c\u0131 se\u00e7enekler sunar. Ayn\u0131 zamanda, bu malzemelerin kullan\u0131m\u0131, i\u00e7 mekan\u0131n s\u0131cak ve samimi bir atmosfere sahip olmas\u0131na katk\u0131 sa\u011flar. Bununla birlikte, enerji tasarruflu ayd\u0131nlatma \u00e7\u00f6z\u00fcmleri ve ak\u0131ll\u0131 ev sistemleri, modern dairelerin enerji t\u00fcketimini azaltarak \u00e7evresel etkilerini minimize eder.<\/p><p>Yeni nesil tasar\u0131mlar, do\u011fay\u0131 i\u00e7 mekanlara entegre ederek, insanlar\u0131n do\u011fayla olan ba\u011flant\u0131s\u0131n\u0131 g\u00fc\u00e7lendirir. <strong>Modern daire \u00e7\u00f6z\u00fcmleri<\/strong> baz\u0131nda, geni\u015f pencereler ve do\u011fal \u0131\u015f\u0131\u011f\u0131 maksimize eden alan tasar\u0131m\u0131 tercih edilmektedir. Bu yakla\u015f\u0131m, i\u00e7 mekanlar\u0131n daha ferah ve ayd\u0131nl\u0131k hissettirmesini sa\u011flar. Ayr\u0131ca, bitki kullan\u0131m\u0131n\u0131n te\u015fvik edilmesi de sa\u011fl\u0131kl\u0131 bir ya\u015fam alan\u0131 yaratmada \u00f6nemli bir rol oynar. Dikey bah\u00e7eler veya i\u00e7 mekan bitki d\u00fczenlemeleri, hem estetik hem de psikolojik faydalar sunarak ya\u015fam kalitesini art\u0131r\u0131r.<\/p><p>Son olarak, yenilik\u00e7i teknolojilerin i\u00e7 mekan tasar\u0131m\u0131na entegre edilmesi, s\u00fcrd\u00fcr\u00fclebilirli\u011fi daha da g\u00fc\u00e7lendirir. Ak\u0131ll\u0131 termostatlar, enerji t\u00fcketimini izleyen sistemler ve otomatik ayd\u0131nlatma \u00e7\u00f6z\u00fcmleri, kullan\u0131c\u0131lara enerji verimlili\u011fi sa\u011flarken ya\u015fam alanlar\u0131n\u0131n konforunu art\u0131r\u0131r. B\u00f6ylece, s\u00fcrd\u00fcr\u00fclebilirlik ve yenilik\u00e7ilik odakl\u0131 <strong>modern daire \u00e7\u00f6z\u00fcmleri<\/strong>, hem \u00e7evresel duyarl\u0131l\u0131\u011f\u0131 hem de estetik alg\u0131y\u0131 \u00fcst seviyeye ta\u015f\u0131maya yard\u0131mc\u0131 olur.<\/p><h2 class=\"wp-block-heading\">S\u0131k\u00e7a Sorulan Sorular<\/h2><h3 class=\"wp-block-heading\">Modern daire i\u00e7 mimar \u00e7\u00f6z\u00fcmleri nelerdir?<\/h3><p>Modern daire i\u00e7 mimar \u00e7\u00f6z\u00fcmleri, fonksiyonellik ve esteti\u011fi bir araya getiren \u00e7e\u015fitli tasar\u0131m yakla\u015f\u0131mlar\u0131n\u0131 i\u00e7erir. A\u00e7\u0131k alan d\u00fczenlemeleri, minimalist tasar\u0131mlar, ak\u0131ll\u0131 ev sistemleri ve do\u011fal \u0131\u015f\u0131k kullan\u0131m\u0131 gibi unsurlar, modern i\u00e7 mimarinin temel bile\u015fenleridir. Ayr\u0131ca, renk paletleri de \u00f6nemli bir rol oynar; a\u00e7\u0131k tonlar mek\u00e2n\u0131 ferahlat\u0131rken, koyu tonlar s\u0131cakl\u0131k ve derinlik hissi katabilir.<\/p><h3 class=\"wp-block-heading\">Modern dairelerde alan y\u00f6netimi nas\u0131l yap\u0131l\u0131r?<\/h3><p>Modern dairelerde alan y\u00f6netimi, ya\u015fam alan\u0131n\u0131n verimli kullan\u0131m\u0131 i\u00e7in kritik \u00f6neme sahiptir. Bu ba\u011flamda, \u00e7ok i\u015flevli mobilyalar tercih etmek, alan\u0131 en iyi \u015fekilde de\u011ferlendirmenin yollar\u0131ndan biridir. \u00d6rne\u011fin, yatak alt\u0131 depolama alanlar\u0131, a\u00e7\u0131l\u0131r-l kapan\u0131r masalar ve duvara monte raflar kullan\u0131labilir. Ayr\u0131ca, odan\u0131n do\u011fal ak\u0131\u015f\u0131n\u0131 sa\u011flayarak ve b\u00f6l\u00fcc\u00fc elemanlar kullanarak, a\u00e7\u0131k mekanlar olu\u015fturmakta faydal\u0131d\u0131r.<\/p><h3 class=\"wp-block-heading\">\u0130\u00e7 mimar ile \u00e7al\u0131\u015fman\u0131n avantajlar\u0131 nelerdir?<\/h3><p>\u0130\u00e7 mimar ile \u00e7al\u0131\u015fman\u0131n bir\u00e7ok avantaj\u0131 vard\u0131r. \u0130lk olarak, profesyonel i\u00e7 mimarlar, mek\u00e2n\u0131n i\u015flevselli\u011fini en \u00fcst d\u00fczeye \u00e7\u0131karmak i\u00e7in deneyim ve bilgi sunarlar. Ayr\u0131ca, b\u00fct\u00e7enize uygun tasar\u0131mlar olu\u015fturarak maliyet tasarrufu sa\u011flaman\u0131za yard\u0131mc\u0131 olurlar. Bunun yan\u0131 s\u0131ra, i\u00e7 mimarlar, do\u011fru malzeme se\u00e7iminde ve uygulama s\u00fcrecinde y\u00f6nlendirme yaparak estetik ve dayan\u0131kl\u0131 bir ya\u015fam alan\u0131 yaratman\u0131za destek olurlar.<\/p><script type=\"application\/ld+json\">{\"@context\":\"https:\/\/schema.org\",\"@type\":\"FAQPage\",\"mainEntity\":[{\"@type\":\"Question\",\"name\":\"Modern daire i\u00e7 mimar \u00e7\u00f6z\u00fcmleri nelerdir?\",\"acceptedAnswer\":{\"@type\":\"Answer\",\"text\":\"Modern daire i\u00e7 mimar \u00e7\u00f6z\u00fcmleri, fonksiyonellik ve esteti\u011fi bir araya getiren \u00e7e\u015fitli tasar\u0131m yakla\u015f\u0131mlar\u0131n\u0131 i\u00e7erir. A\u00e7\u0131k alan d\u00fczenlemeleri, minimalist tasar\u0131mlar, ak\u0131ll\u0131 ev sistemleri ve do\u011fal \u0131\u015f\u0131k kullan\u0131m\u0131 gibi unsurlar, modern i\u00e7 mimarinin temel bile\u015fenleridir. Ayr\u0131ca, renk paletleri de \u00f6nemli bir rol oynar; a\u00e7\u0131k tonlar mek\u00e2n\u0131 ferahlat\u0131rken, koyu tonlar s\u0131cakl\u0131k ve derinlik hissi katabilir.\"}},{\"@type\":\"Question\",\"name\":\"Modern dairelerde alan y\u00f6netimi nas\u0131l yap\u0131l\u0131r?\",\"acceptedAnswer\":{\"@type\":\"Answer\",\"text\":\"Modern dairelerde alan y\u00f6netimi, ya\u015fam alan\u0131n\u0131n verimli kullan\u0131m\u0131 i\u00e7in kritik \u00f6neme sahiptir. Bu ba\u011flamda, \u00e7ok i\u015flevli mobilyalar tercih etmek, alan\u0131 en iyi \u015fekilde de\u011ferlendirmenin yollar\u0131ndan biridir. \u00d6rne\u011fin, yatak alt\u0131 depolama alanlar\u0131, a\u00e7\u0131l\u0131r-l kapan\u0131r masalar ve duvara monte raflar kullan\u0131labilir. Ayr\u0131ca, odan\u0131n do\u011fal ak\u0131\u015f\u0131n\u0131 sa\u011flayarak ve b\u00f6l\u00fcc\u00fc elemanlar kullanarak, a\u00e7\u0131k mekanlar olu\u015fturmakta faydal\u0131d\u0131r.\"}},{\"@type\":\"Question\",\"name\":\"\u0130\u00e7 mimar ile \u00e7al\u0131\u015fman\u0131n avantajlar\u0131 nelerdir?\",\"acceptedAnswer\":{\"@type\":\"Answer\",\"text\":\"\u0130\u00e7 mimar ile \u00e7al\u0131\u015fman\u0131n bir\u00e7ok avantaj\u0131 vard\u0131r. \u0130lk olarak, profesyonel i\u00e7 mimarlar, mek\u00e2n\u0131n i\u015flevselli\u011fini en \u00fcst d\u00fczeye \u00e7\u0131karmak i\u00e7in deneyim ve bilgi sunarlar. Ayr\u0131ca, b\u00fct\u00e7enize uygun tasar\u0131mlar olu\u015fturarak maliyet tasarrufu sa\u011flaman\u0131za yard\u0131mc\u0131 olurlar. Bunun yan\u0131 s\u0131ra, i\u00e7 mimarlar, do\u011fru malzeme se\u00e7iminde ve uygulama s\u00fcrecinde y\u00f6nlendirme yaparak estetik ve dayan\u0131kl\u0131 bir ya\u015fam alan\u0131 yaratman\u0131za destek olurlar.\"}}]}<\/script>","protected":false},"excerpt":{"rendered":"<p>Modern ya\u015fam, alan\u0131n verimli kullan\u0131m\u0131 ve estetik kayg\u0131larla \u015fekillenen i\u00e7 mekan tasar\u0131m\u0131na yeni bir boyut kazand\u0131r\u0131yor. Modern daire \u00e7\u00f6z\u00fcmleri ile<\/p>\n","protected":false},"author":5,"featured_media":0,"comment_status":"closed","ping_status":"closed","sticky":false,"template":"","format":"standard","meta":[],"categories":[1],"tags":[],"aioseo_notices":[],"_links":{"self":[{"href":"https:\/\/www.ucicmimarlik.com\/ar\/wp-json\/wp\/v2\/posts\/11107"}],"collection":[{"href":"https:\/\/www.ucicmimarlik.com\/ar\/wp-json\/wp\/v2\/posts"}],"about":[{"href":"https:\/\/www.ucicmimarlik.com\/ar\/wp-json\/wp\/v2\/types\/post"}],"author":[{"embeddable":true,"href":"https:\/\/www.ucicmimarlik.com\/ar\/wp-json\/wp\/v2\/users\/5"}],"replies":[{"embeddable":true,"href":"https:\/\/www.ucicmimarlik.com\/ar\/wp-json\/wp\/v2\/comments?post=11107"}],"version-history":[{"count":2,"href":"https:\/\/www.ucicmimarlik.com\/ar\/wp-json\/wp\/v2\/posts\/11107\/revisions"}],"predecessor-version":[{"id":11407,"href":"https:\/\/www.ucicmimarlik.com\/ar\/wp-json\/wp\/v2\/posts\/11107\/revisions\/11407"}],"wp:attachment":[{"href":"https:\/\/www.ucicmimarlik.com\/ar\/wp-json\/wp\/v2\/media?parent=11107"}],"wp:term":[{"taxonomy":"category","embeddable":true,"href":"https:\/\/www.ucicmimarlik.com\/ar\/wp-json\/wp\/v2\/categories?post=11107"},{"taxonomy":"post_tag","embeddable":true,"href":"https:\/\/www.ucicmimarlik.com\/ar\/wp-json\/wp\/v2\/tags?post=11107"}],"curies":[{"name":"wp","href":"https:\/\/api.w.org\/{rel}","templated":true}]}}