{"id":11101,"date":"2026-02-23T14:54:49","date_gmt":"2026-02-23T11:54:49","guid":{"rendered":"https:\/\/www.ucicmimarlik.com\/ic-mimarlik-firmasi-ofis-dekorasyonu\/"},"modified":"2026-02-28T12:16:29","modified_gmt":"2026-02-28T09:16:29","slug":"ic-mimarlik-firmasi-ofis-dekorasyonu","status":"publish","type":"post","link":"https:\/\/www.ucicmimarlik.com\/ar\/ic-mimarlik-firmasi-ofis-dekorasyonu\/","title":{"rendered":"\u0130\u00e7 mimarl\u0131k firmas\u0131 ofis dekorasyonu"},"content":{"rendered":"<p>Ofis ortamlar\u0131, \u00e7al\u0131\u015fanlar\u0131n verimlili\u011fi ve yarat\u0131c\u0131l\u0131\u011f\u0131 \u00fczerinde \u00f6nemli bir etkiye sahiptir. Bu nedenle, i\u00e7 mimarl\u0131k firmalar\u0131 taraf\u0131ndan yap\u0131lan etkili <strong>ofis dekorasyonu<\/strong>, i\u015f alanlar\u0131n\u0131n fonksiyonelli\u011fini ve esteti\u011fini art\u0131rmada kritik bir rol oynar. Ayr\u0131ca, g\u00fcn\u00fcm\u00fczde s\u00fcrekli de\u011fi\u015fen trendler ve stiller, ofis tasar\u0131m\u0131n\u0131 zenginle\u015ftirirken, i\u015f yerlerinin kimli\u011fini de yans\u0131t\u0131r. Bu yaz\u0131m\u0131zda, i\u00e7 mimarl\u0131kta ofis dekorasyonunun \u00f6nemine, g\u00fcncel trendlere ve i\u00e7 mimarl\u0131k firmalar\u0131n\u0131n sa\u011flad\u0131\u011f\u0131 hizmetlere g\u00f6z atacak, ba\u015far\u0131l\u0131 bir ofis dekorasyonu i\u00e7in ipu\u00e7lar\u0131 sunaca\u011f\u0131z.<\/p><h2 class=\"wp-block-heading\">\u0130\u00e7 Mimarl\u0131kta Ofis Dekorasyonunun \u00d6nemi<\/h2><p>Ofis dekorasyonu, bir i\u015fletmenin genel ba\u015far\u0131s\u0131n\u0131 belirleyen kilit unsurlardan biridir. <strong>Ofis dekorasyonu<\/strong>, \u00e7al\u0131\u015fma ortam\u0131n\u0131n esteti\u011fi ile i\u015f verimlili\u011fi aras\u0131nda do\u011frudan bir ba\u011flant\u0131 sa\u011flar. Bu ba\u011flamda, i\u00e7 mimarl\u0131k uygulamalar\u0131, i\u015f yerlerinin hem g\u00f6rsel \u00e7ekicili\u011fini art\u0131rmakta hem de \u00e7al\u0131\u015fanlar\u0131n motivasyonunu y\u00fckseltmektedir. \u00c7al\u0131\u015fanlar\u0131n sa\u011fl\u0131kl\u0131 ve verimli bir ortamda \u00e7al\u0131\u015fabilmesi i\u00e7in, ofislerin do\u011fru bir \u015fekilde dekore edilmesi hayati \u00f6nem ta\u015f\u0131r.<\/p><p>\u0130\u00e7 mimarlar\u0131n ofis dekorasyonundaki rol\u00fc, yaln\u0131zca estetik kayg\u0131larla s\u0131n\u0131rl\u0131 de\u011fildir. <em>\u0130yi bir ofis tasar\u0131m\u0131<\/em>, \u00e7al\u0131\u015fanlar\u0131n i\u015f s\u00fcre\u00e7lerini kolayla\u015ft\u0131rarak, onlar\u0131n <em>verimlili\u011fini art\u0131racak \u015fekilde<\/em> kurgulanmal\u0131d\u0131r. \u00d6rne\u011fin, a\u00e7\u0131k alan ofis d\u00fczenlemeleri, ekip \u00e7al\u0131\u015fmas\u0131n\u0131 te\u015fvik ederken, \u00f6zel \u00e7al\u0131\u015fma panolar\u0131 ve sessiz odalar gibi alanlar\u0131n varl\u0131\u011f\u0131, bireysel odaklanmay\u0131 destekler. Bu a\u00e7\u0131dan, i\u00e7 mimarl\u0131k firmalar\u0131, ofislerin fonksiyonelli\u011fini art\u0131rmak i\u00e7in \u00e7e\u015fitli \u00e7\u00f6z\u00fcmler sunar.<\/p><p>Ayn\u0131 zamanda, bir ofisin dekorasyonu, m\u00fc\u015fteriler \u00fczerinde de \u00f6nemli bir izlenim b\u0131rak\u0131r. Ofisin i\u00e7 tasar\u0131m\u0131, markan\u0131n kimli\u011fini yans\u0131tarak, m\u00fcstakbel m\u00fc\u015fterilerin ve i\u015f ortaklar\u0131n\u0131n g\u00fcvenini kazanman\u0131za yard\u0131mc\u0131 olur. <em>Estetik ve fonksiyonelli\u011fi bir araya getiren bir tasar\u0131m<\/em>, ziyaret\u00e7ilerin ofisinizde kendilerini rahat hissetmelerini sa\u011flar ve b\u00f6ylece i\u015f ili\u015fkilerinin g\u00fc\u00e7lenmesine katk\u0131da bulunur.<\/p><p>Sonu\u00e7 olarak, i\u00e7 mimarl\u0131kta ofis dekorasyonunun \u00f6nemi, hem \u00e7al\u0131\u015fanlar\u0131n memnuniyeti hem de i\u015f ba\u015far\u0131s\u0131 a\u00e7\u0131s\u0131ndan g\u00f6z ard\u0131 edilemez. Do\u011fru bir ofis tasar\u0131m\u0131, i\u015f yerinde huzurlu bir atmosfer yarat\u0131rken, ayn\u0131 zamanda i\u015f hedeflerine ula\u015fmada da b\u00fcy\u00fck bir yard\u0131mc\u0131d\u0131r.<\/p><h2 class=\"wp-block-heading\">Ofis Dekorasyonunda Trendler ve Stiller<\/h2><p>Ofis dekorasyonu, g\u00fcn\u00fcm\u00fcz \u00e7al\u0131\u015fma ya\u015fam\u0131nda \u00f6nemli bir rol oynuyor. \u0130nsanlar\u0131n uzun saatler ge\u00e7irdi\u011fi bu alanlar\u0131n, hem estetik hem de i\u015flevsellik a\u00e7\u0131s\u0131ndan do\u011fru bir \u015fekilde tasarlanmas\u0131 gerekiyor. 2023 y\u0131l\u0131 itibar\u0131yla ofis dekorasyonunda belirgin baz\u0131 trendler ve stiller \u00f6ne \u00e7\u0131k\u0131yor. <strong>Ofis dekorasyonu<\/strong> alan\u0131nda \u00f6zellikle minimalist, end\u00fcstriyel ve biyofilik tasar\u0131m gibi farkl\u0131 yakla\u015f\u0131mlar dikkat \u00e7ekiyor.<\/p><p>Minimalist tasar\u0131m, sadelik ve i\u015flevselli\u011fin \u00f6n planda oldu\u011fu bir stil olarak kar\u015f\u0131m\u0131za \u00e7\u0131k\u0131yor. Bu tarzda, a\u00e7\u0131k alanlar daha fazla tercih edilirken, az say\u0131da ama kaliteli mobilya kullan\u0131m\u0131 \u00f6n planda. Beyaz ve pastel tonlar\u0131n hakim oldu\u011fu bu alanlarda, renk patlamalar\u0131, aksesuarlarla sa\u011flan\u0131yor. Minimalizm, \u00e7al\u0131\u015fanlar\u0131n dikkatini da\u011f\u0131tmadan, odaklanmas\u0131n\u0131 art\u0131rmak i\u00e7in etkili bir yol sunuyor.<\/p><p>End\u00fcstriyel stil ise \u00f6zellikle b\u00fcy\u00fck \u015fehirlerdeki ofislerde yayg\u0131n bir \u015fekilde kullan\u0131lmakta. Ahenkli bir \u015fekilde sergilenen tu\u011fla duvarlar, a\u00e7\u0131k borular ve metal detaylar, bu tarz\u0131n karakteristik \u00f6zelliklerini olu\u015fturuyor. Fonksiyonellik burada da \u00f6n planda; vintage mobilyalar ve retro aksesuarlar, modern \u00e7al\u0131\u015fma alanlar\u0131na ge\u00e7mi\u015fin ruhunu kat\u0131yor.<\/p><p>Biyofilik tasar\u0131m ise do\u011fayla b\u00fct\u00fcnle\u015fmeyi ama\u00e7layan bir yakla\u015f\u0131m. Bitki \u00f6rt\u00fcs\u00fcn\u00fcn yo\u011fun olarak kullan\u0131ld\u0131\u011f\u0131 bu tarz, hem estetik hem de \u00e7al\u0131\u015fan sa\u011fl\u0131\u011f\u0131na y\u00f6nelik faydalar sunuyor. \u0130\u00e7 mekan bitkileri, do\u011fal \u0131\u015f\u0131k ve su elemanlar\u0131 ofis ortam\u0131n\u0131 canland\u0131rarak, stresi azaltmaya yard\u0131mc\u0131 oluyor.<\/p><p>Son olarak, renk se\u00e7imleri de ofis dekorasyonunun vazge\u00e7ilmez bir par\u00e7as\u0131. Renk psikolojisinden faydalanarak, \u00e7evre d\u00fczenlemesi yap\u0131ld\u0131\u011f\u0131 takdirde, \u00e7al\u0131\u015fanlar\u0131n motivasyonu art\u0131r\u0131labiliyor. \u00d6rne\u011fin, ye\u015fil ve mavi tonlar\u0131, huzur ve ferahl\u0131k hissi yarat\u0131rken, k\u0131rm\u0131z\u0131 ve sar\u0131 gibi s\u0131cak renkler, enerjiyi art\u0131r\u0131yor.<\/p><p>T\u00fcm bu trendler ve stiller, <strong>ofis dekorasyonu<\/strong> uygulamalar\u0131nda bilin\u00e7li bir \u015fekilde kullan\u0131ld\u0131\u011f\u0131nda, i\u015f yerinin hem g\u00f6rsel \u00e7ekicili\u011fini hem de \u00e7al\u0131\u015fanlar\u0131n verimlili\u011fini art\u0131rma potansiyeline sahip.<\/p><h2 class=\"wp-block-heading\">\u0130\u00e7 Mimarl\u0131k Firmalar\u0131n\u0131n Rol\u00fc ve Hizmetleri<\/h2><p>\u0130\u00e7 mimarl\u0131k firmalar\u0131, bir i\u015fletmenin <strong>ofis dekorasyonu<\/strong> s\u00fcrecinde kritik bir rol oynamaktad\u0131r. Bu firmalar, yaln\u0131zca mekan\u0131n estetik a\u00e7\u0131dan g\u00fczel g\u00f6r\u00fcnmesini sa\u011flamakla kalmaz; ayn\u0131 zamanda i\u015flevselli\u011fi art\u0131rarak \u00e7al\u0131\u015fanlar\u0131n motivasyonunu ve verimlili\u011fini de y\u00fckseltir. Profesyonel i\u00e7 mimarlar, mekan\u0131n yap\u0131sal \u00f6zelliklerini g\u00f6z \u00f6n\u00fcnde bulundurarak, kullan\u0131labilir alanlar\u0131 en iyi \u015fekilde de\u011ferlendirme yetene\u011fine sahiptir. Bu nedenle, i\u00e7 mimarl\u0131k firmalar\u0131n\u0131n sundu\u011fu hizmetlerin ba\u015f\u0131nda mekan analizleri gelir. B\u00f6ylece, alan\u0131n potansiyeli en iyi \u015fekilde ortaya \u00e7\u0131kar\u0131labilir.<\/p><p>\u0130\u00e7 mimarl\u0131k firmalar\u0131, tasar\u0131m s\u00fcrecinde bir\u00e7ok farkl\u0131 a\u015fama ve hizmet sunar. \u0130lk olarak, m\u00fc\u015fterinin beklentilerini anlamak amac\u0131yla yap\u0131lan ke\u015fif ziyaretleri olduk\u00e7a \u00f6nemlidir. Bu a\u015famada m\u00fc\u015fterinin ihtiya\u00e7lar\u0131, b\u00fct\u00e7esi ve istekleri tespit edilir. Ard\u0131ndan, konsept geli\u015ftirme a\u015famas\u0131na ge\u00e7ilir. Burada, estetik unsurlar ile fonksiyonellik dengelenir. Renk paletlerinden mobilya se\u00e7imlerine kadar \u00e7e\u015fitli tasar\u0131m bile\u015fenleri detayl\u0131 bir \u015fekilde planlan\u0131r.<\/p><p>Ayr\u0131ca, i\u00e7 mimarl\u0131k firmalar\u0131, uygulama s\u00fcrecine de aktif \u015fekilde dahil olur. \u0130n\u015faat ve renovasyon a\u015famas\u0131nda, projelerin zaman\u0131nda ve uygun b\u00fct\u00e7eyle tamamlanmas\u0131 i\u00e7in gerekli olan koordinasyonu sa\u011flarlar. \u00d6zellikle in\u015faat s\u00fcrecinin y\u00f6netimi, uzmanl\u0131k gerektiren bir aland\u0131r ve i\u00e7 mimarl\u0131k firmalar\u0131n\u0131n bu a\u015famadaki deneyimi, projenin ba\u015far\u0131l\u0131 bir \u015fekilde sonu\u00e7lanmas\u0131nda belirleyici bir fakt\u00f6rd\u00fcr.<\/p><p>Son olarak, i\u00e7 mimarl\u0131k firmalar\u0131n\u0131n sundu\u011fu hizmetler sadece tasar\u0131m ile s\u0131n\u0131rl\u0131 kalmaz; ayn\u0131 zamanda s\u00fcrd\u00fcr\u00fclebilirlik ve \u00e7evresel etki gibi konulara da e\u011filim g\u00f6stermeye ba\u015flam\u0131\u015ft\u0131r. \u00c7evre dostu malzemelerin kullan\u0131m\u0131, enerji verimlili\u011fi ve ergonomi, modern <a href=\"https:\/\/osomimarlik.com\/ofis-ic-mimarlik\/\" target=\"_blank\" rel=\"noopener\">ofis tasar\u0131mlar\u0131n\u0131n<\/a> ayr\u0131lmaz par\u00e7alar\u0131 haline gelmi\u015ftir. Bu y\u00f6nleriyle i\u00e7 mimarl\u0131k firmalar\u0131, g\u00fcn\u00fcm\u00fcz i\u015f d\u00fcnyas\u0131nda yaln\u0131zca mekanlar\u0131n esteti\u011fini de\u011fil, \u00e7al\u0131\u015fanlar\u0131n ya\u015fam kalitesini de art\u0131rma hedefi ta\u015f\u0131maktad\u0131r. B\u00f6ylece, etkili bir <strong>ofis dekorasyonu<\/strong> s\u00fcreci, \u00e7al\u0131\u015fanlar\u0131n hem fiziksel hem de psikolojik a\u00e7\u0131dan daha iyi hissetmesine olanak tan\u0131r.<\/p><h2 class=\"wp-block-heading\">Ba\u015far\u0131l\u0131 Ofis Dekorasyonu \u0130\u00e7in \u0130pu\u00e7lar\u0131<\/h2><p>Ba\u015far\u0131l\u0131 bir <strong>ofis dekorasyonu<\/strong> olu\u015fturmak, i\u015f verimlili\u011fini art\u0131rman\u0131n yan\u0131 s\u0131ra \u00e7al\u0131\u015fan memnuniyetini de y\u00fckseltir. \u0130lk olarak, ofis alan\u0131n\u0131n i\u015flevselli\u011fini g\u00f6z \u00f6n\u00fcnde bulundurarak ba\u015flamal\u0131s\u0131n\u0131z. Alan\u0131 iyi de\u011ferlendirmek ve mekan i\u00e7inde gereken alanlar\u0131 belirlemek, karar s\u00fcrecinizde kritik \u00f6neme sahiptir. Bu ba\u011flamda, a\u00e7\u0131k alanlar ve \u00f6zel \u00e7al\u0131\u015fma alanlar\u0131 gibi farkl\u0131 b\u00f6l\u00fcmler yaratmak, \u00e7al\u0131\u015fanlar\u0131n bireysel ihtiya\u00e7lar\u0131n\u0131 kar\u015f\u0131lamada etkili olacakt\u0131r.<\/p><p>Renk se\u00e7imi, ofis atmosferini do\u011frudan etkileyen \u00f6nemli bir unsurdur. <em>\u0130\u015f verimlili\u011fini art\u0131rmak i\u00e7in<\/em> mavi, ye\u015fil veya sar\u0131 gibi basketbol renklerin kullan\u0131lmas\u0131 \u00f6nerilir. Bu renkler, zihinsel fonksiyonlar\u0131 desteklerken, ferah bir his yarat\u0131r. Ayn\u0131 zamanda, aksesuar ve mobilya se\u00e7iminde de dikkat edilmesi gereken di\u011fer bir \u00f6nemli konu ise b\u00fct\u00fcnsellik. Tek tip renk paletiyle dekore edilmi\u015f bir ofis, hem \u015f\u0131k hem de uyumlu bir g\u00f6r\u00fcnt\u00fc sunar.<\/p><p>Ayd\u0131nlatma, \u00e7al\u0131\u015fanlar\u0131n moral ve motivasyonunu olumlu y\u00f6nde etkileyen bir ba\u015fka \u00f6nemli fakt\u00f6rd\u00fcr. Do\u011fal \u0131\u015f\u0131k kayna\u011f\u0131ndan yararlanmak, enerji tasarrufu sa\u011flarken ayn\u0131 zamanda \u00e7al\u0131\u015fanlar\u0131n ruh halini de iyile\u015ftirir. Gerekirse, yumu\u015fak yapay ayd\u0131nlatmalarla desteklemek de etkili bir \u00e7\u00f6z\u00fcmd\u00fcr. Ayr\u0131ca, bitki kullan\u0131m\u0131 unutulmamal\u0131d\u0131r. Do\u011fal bitkiler, stressiz bir ortam olu\u015fturur ve hava kalitesini art\u0131rarak ofis dekorasyonuna canl\u0131l\u0131k katar.<\/p><p>Son olarak, ergonomiye dikkat etmek, sa\u011fl\u0131kl\u0131 bir \u00e7al\u0131\u015fma ortam\u0131 sa\u011flamak a\u00e7\u0131s\u0131ndan son derece \u00f6nemlidir. \u00c7al\u0131\u015fanlar\u0131n s\u0131rt ve boyun sa\u011fl\u0131\u011f\u0131n\u0131 korumak i\u00e7in uygun ofis mobilyalar\u0131 kullanmal\u0131s\u0131n\u0131z. Y\u00fcksekli\u011fi ayarlanabilir masalar, ergonomik sandalyeler ve destekleyici aksesuarlar, \u00e7al\u0131\u015fanlar\u0131n konforunu art\u0131rarak ofiste ge\u00e7irdikleri s\u00fcreyi daha verimli hale getirir. Bu ipu\u00e7lar\u0131n\u0131 uygulayarak, hem estetik hem de i\u015flevsel bir <strong>ofis dekorasyonu<\/strong> yaratmak m\u00fcmk\u00fcnd\u00fcr.<\/p><h2 class=\"wp-block-heading\">S\u0131k\u00e7a Sorulan Sorular<\/h2><h3 class=\"wp-block-heading\">\u0130\u00e7 mimarl\u0131k firmas\u0131 ofis dekorasyonu hizmetleri neleri kapsamaktad\u0131r?<\/h3><p>\u0130\u00e7 mimarl\u0131k firmas\u0131 ofis dekorasyonu hizmetleri, mek\u00e2n\u0131n estetik ve fonksiyonel a\u00e7\u0131dan d\u00fczenlenmesini sa\u011flamaktad\u0131r. Bu hizmetler aras\u0131nda yer alan alan analizi, tasar\u0131m konsepti geli\u015ftirme, i\u00e7 mekan planlamas\u0131, mobilya ve aksesuar se\u00e7imi, ayd\u0131nlatma d\u00fczeni olu\u015fturma ve renk paleti belirleme gibi s\u00fcre\u00e7ler, ofislerin verimli ve kullan\u0131\u015fl\u0131 hale getirilmesine y\u00f6nelik \u00f6nemli ad\u0131mlard\u0131r. Ayr\u0131ca, i\u00e7 mimarl\u0131k firmalar\u0131, i\u015fverenin marka kimli\u011fini yans\u0131tan \u00f6zg\u00fcn tasar\u0131m \u00e7\u00f6z\u00fcmleri de sunarak, \u00fcst d\u00fczey bir i\u015f ortam\u0131 olu\u015fturmaktad\u0131r.<\/p><h3 class=\"wp-block-heading\">Ofis dekorasyonunda nelere dikkat edilmelidir?<\/h3><p>Ofis dekorasyonunda dikkat edilmesi gereken birka\u00e7 \u00f6nemli unsur bulunmaktad\u0131r. \u00d6ncelikle, \u00e7al\u0131\u015fanlar\u0131n konforu ve verimlili\u011fi i\u00e7in ergonomik mobilyalar tercih edilmelidir. Ayr\u0131ca, mek\u00e2n\u0131n ruh halini etkileyen renk se\u00e7imi de b\u00fcy\u00fck bir \u00f6nem ta\u015f\u0131r; sakinle\u015ftirici tonlar \u00e7al\u0131\u015fanlar\u0131n stres seviyelerini azaltabilir. Ayd\u0131nlatma da \u00f6nemli bir fakt\u00f6rd\u00fcr; do\u011fal \u0131\u015f\u0131\u011f\u0131n en iyi \u015fekilde kullan\u0131lmas\u0131 ve yeterli yapay ayd\u0131nlatma sa\u011flanmas\u0131 gerekir. Son olarak, ofis dekorasyonunda estetik ve i\u015flevselli\u011fin dengelenmesi, genel atmosferin olumlu y\u00f6nde etkilenmesini sa\u011flayacakt\u0131r.<\/p><h3 class=\"wp-block-heading\">\u0130\u00e7 mimarl\u0131k firmas\u0131 se\u00e7erken nelere dikkat etmeliyim?<\/h3><p>\u0130\u00e7 mimarl\u0131k firmas\u0131 se\u00e7erken dikkate alman\u0131z gereken birka\u00e7 \u00f6nemli kriter vard\u0131r. \u0130lk olarak, firman\u0131n ge\u00e7mi\u015f projeleri ve m\u00fc\u015fteri referanslar\u0131 incelemek, hangi alanlarda uzmanla\u015ft\u0131\u011f\u0131n\u0131 ve sundu\u011fu hizmetlerin kalitesini g\u00f6rmenizde yard\u0131mc\u0131 olur. Ayr\u0131ca, firman\u0131n tasar\u0131m anlay\u0131\u015f\u0131 ve estetik yakla\u015f\u0131m\u0131 ile sizin zevklerinizin \u00f6rt\u00fc\u015ft\u00fc\u011f\u00fcnden emin olmal\u0131s\u0131n\u0131z. \u0130yi bir ileti\u015fim kurabilmek de olduk\u00e7a \u00f6nemlidir; projenizin her a\u015famas\u0131nda firman\u0131n sizinle ne kadar iyi ileti\u015fim kurabildi\u011fini de\u011ferlendirin. B\u00fct\u00e7enizin ve zaman \u00e7er\u00e7evenizin firman\u0131n uygulamalar\u0131yla uyumlu olup olmad\u0131\u011f\u0131n\u0131 kontrol etmek de \u00f6nemli bir ad\u0131md\u0131r.<\/p><script type=\"application\/ld+json\">{\"@context\":\"https:\/\/schema.org\",\"@type\":\"FAQPage\",\"mainEntity\":[{\"@type\":\"Question\",\"name\":\"\u0130\u00e7 mimarl\u0131k firmas\u0131 ofis dekorasyonu hizmetleri neleri kapsamaktad\u0131r?\",\"acceptedAnswer\":{\"@type\":\"Answer\",\"text\":\"\u0130\u00e7 mimarl\u0131k firmas\u0131 ofis dekorasyonu hizmetleri, mek\u00e2n\u0131n estetik ve fonksiyonel a\u00e7\u0131dan d\u00fczenlenmesini sa\u011flamaktad\u0131r. Bu hizmetler aras\u0131nda yer alan alan analizi, tasar\u0131m konsepti geli\u015ftirme, i\u00e7 mekan planlamas\u0131, mobilya ve aksesuar se\u00e7imi, ayd\u0131nlatma d\u00fczeni olu\u015fturma ve renk paleti belirleme gibi s\u00fcre\u00e7ler, ofislerin verimli ve kullan\u0131\u015fl\u0131 hale getirilmesine y\u00f6nelik \u00f6nemli ad\u0131mlard\u0131r. Ayr\u0131ca, i\u00e7 mimarl\u0131k firmalar\u0131, i\u015fverenin marka kimli\u011fini yans\u0131tan \u00f6zg\u00fcn tasar\u0131m \u00e7\u00f6z\u00fcmleri de sunarak, \u00fcst d\u00fczey bir i\u015f ortam\u0131 olu\u015fturmaktad\u0131r.\"}},{\"@type\":\"Question\",\"name\":\"Ofis dekorasyonunda nelere dikkat edilmelidir?\",\"acceptedAnswer\":{\"@type\":\"Answer\",\"text\":\"Ofis dekorasyonunda dikkat edilmesi gereken birka\u00e7 \u00f6nemli unsur bulunmaktad\u0131r. \u00d6ncelikle, \u00e7al\u0131\u015fanlar\u0131n konforu ve verimlili\u011fi i\u00e7in ergonomik mobilyalar tercih edilmelidir. Ayr\u0131ca, mek\u00e2n\u0131n ruh halini etkileyen renk se\u00e7imi de b\u00fcy\u00fck bir \u00f6nem ta\u015f\u0131r; sakinle\u015ftirici tonlar \u00e7al\u0131\u015fanlar\u0131n stres seviyelerini azaltabilir. Ayd\u0131nlatma da \u00f6nemli bir fakt\u00f6rd\u00fcr; do\u011fal \u0131\u015f\u0131\u011f\u0131n en iyi \u015fekilde kullan\u0131lmas\u0131 ve yeterli yapay ayd\u0131nlatma sa\u011flanmas\u0131 gerekir. Son olarak, ofis dekorasyonunda estetik ve i\u015flevselli\u011fin dengelenmesi, genel atmosferin olumlu y\u00f6nde etkilenmesini sa\u011flayacakt\u0131r.\"}},{\"@type\":\"Question\",\"name\":\"\u0130\u00e7 mimarl\u0131k firmas\u0131 se\u00e7erken nelere dikkat etmeliyim?\",\"acceptedAnswer\":{\"@type\":\"Answer\",\"text\":\"\u0130\u00e7 mimarl\u0131k firmas\u0131 se\u00e7erken dikkate alman\u0131z gereken birka\u00e7 \u00f6nemli kriter vard\u0131r. \u0130lk olarak, firman\u0131n ge\u00e7mi\u015f projeleri ve m\u00fc\u015fteri referanslar\u0131 incelemek, hangi alanlarda uzmanla\u015ft\u0131\u011f\u0131n\u0131 ve sundu\u011fu hizmetlerin kalitesini g\u00f6rmenizde yard\u0131mc\u0131 olur. Ayr\u0131ca, firman\u0131n tasar\u0131m anlay\u0131\u015f\u0131 ve estetik yakla\u015f\u0131m\u0131 ile sizin zevklerinizin \u00f6rt\u00fc\u015ft\u00fc\u011f\u00fcnden emin olmal\u0131s\u0131n\u0131z. \u0130yi bir ileti\u015fim kurabilmek de olduk\u00e7a \u00f6nemlidir; projenizin her a\u015famas\u0131nda firman\u0131n sizinle ne kadar iyi ileti\u015fim kurabildi\u011fini de\u011ferlendirin. B\u00fct\u00e7enizin ve zaman \u00e7er\u00e7evenizin firman\u0131n uygulamalar\u0131yla uyumlu olup olmad\u0131\u011f\u0131n\u0131 kontrol etmek de \u00f6nemli bir ad\u0131md\u0131r.\"}}]}<\/script>","protected":false},"excerpt":{"rendered":"<p>Ofis ortamlar\u0131, \u00e7al\u0131\u015fanlar\u0131n verimlili\u011fi ve yarat\u0131c\u0131l\u0131\u011f\u0131 \u00fczerinde \u00f6nemli bir etkiye sahiptir. Bu nedenle, i\u00e7 mimarl\u0131k firmalar\u0131 taraf\u0131ndan yap\u0131lan etkili ofis<\/p>\n","protected":false},"author":5,"featured_media":0,"comment_status":"closed","ping_status":"closed","sticky":false,"template":"","format":"standard","meta":[],"categories":[1],"tags":[],"aioseo_notices":[],"_links":{"self":[{"href":"https:\/\/www.ucicmimarlik.com\/ar\/wp-json\/wp\/v2\/posts\/11101"}],"collection":[{"href":"https:\/\/www.ucicmimarlik.com\/ar\/wp-json\/wp\/v2\/posts"}],"about":[{"href":"https:\/\/www.ucicmimarlik.com\/ar\/wp-json\/wp\/v2\/types\/post"}],"author":[{"embeddable":true,"href":"https:\/\/www.ucicmimarlik.com\/ar\/wp-json\/wp\/v2\/users\/5"}],"replies":[{"embeddable":true,"href":"https:\/\/www.ucicmimarlik.com\/ar\/wp-json\/wp\/v2\/comments?post=11101"}],"version-history":[{"count":2,"href":"https:\/\/www.ucicmimarlik.com\/ar\/wp-json\/wp\/v2\/posts\/11101\/revisions"}],"predecessor-version":[{"id":11401,"href":"https:\/\/www.ucicmimarlik.com\/ar\/wp-json\/wp\/v2\/posts\/11101\/revisions\/11401"}],"wp:attachment":[{"href":"https:\/\/www.ucicmimarlik.com\/ar\/wp-json\/wp\/v2\/media?parent=11101"}],"wp:term":[{"taxonomy":"category","embeddable":true,"href":"https:\/\/www.ucicmimarlik.com\/ar\/wp-json\/wp\/v2\/categories?post=11101"},{"taxonomy":"post_tag","embeddable":true,"href":"https:\/\/www.ucicmimarlik.com\/ar\/wp-json\/wp\/v2\/tags?post=11101"}],"curies":[{"name":"wp","href":"https:\/\/api.w.org\/{rel}","templated":true}]}}