{"id":11097,"date":"2026-02-23T14:54:45","date_gmt":"2026-02-23T11:54:45","guid":{"rendered":"https:\/\/www.ucicmimarlik.com\/yeni-baslayanlar-icin-ic-mimarlikta-trendler-nelerdir\/"},"modified":"2026-02-28T12:18:23","modified_gmt":"2026-02-28T09:18:23","slug":"yeni-baslayanlar-icin-ic-mimarlikta-trendler-nelerdir","status":"publish","type":"post","link":"https:\/\/www.ucicmimarlik.com\/ar\/yeni-baslayanlar-icin-ic-mimarlikta-trendler-nelerdir\/","title":{"rendered":"Yeni Ba\u015flayanlar \u0130\u00e7in \u0130\u00e7 Mimarl\u0131kta Trendler Nelerdir?"},"content":{"rendered":"<p>2024 y\u0131l\u0131na ad\u0131m atarken, i\u00e7 mimarl\u0131k d\u00fcnyas\u0131nda heyecan verici yenilikler ve <strong>\u0130\u00e7 mimarl\u0131k trendleri<\/strong> kar\u015f\u0131m\u0131za \u00e7\u0131k\u0131yor. S\u00fcrd\u00fcr\u00fclebilir tasar\u0131m\u0131n \u00f6neminin giderek artt\u0131\u011f\u0131 bu d\u00f6nemde, ya\u015fam alanlar\u0131m\u0131z\u0131 daha ki\u015fisel ve i\u015flevsel hale getirmek i\u00e7in s\u0131ra d\u0131\u015f\u0131 renk paletleri ve \u00f6zg\u00fcn tasar\u0131m dertlerini ke\u015ffediyoruz. Bu yaz\u0131da, yeni ba\u015flayanlar i\u00e7in 2024 y\u0131l\u0131n\u0131n en dikkat \u00e7ekici i\u00e7 mimarl\u0131k trendlerini ele alarak, ya\u015fam alanlar\u0131n\u0131z\u0131 nas\u0131l d\u00f6n\u00fc\u015ft\u00fcrebilece\u011finizi g\u00f6stermeyi ama\u00e7l\u0131yoruz. Hayalinizdeki mekanlar\u0131 yaratman\u0131n tam zaman\u0131!<\/p><h2 class=\"wp-block-heading\">2024 Y\u0131l\u0131nda \u00d6ne \u00c7\u0131kan \u0130\u00e7 Mimarl\u0131k Trendleri<\/h2><p>2024 y\u0131l\u0131, i\u00e7 mimarl\u0131kta yeniliklerin ve yarat\u0131c\u0131l\u0131\u011f\u0131n \u00f6n plana \u00e7\u0131kt\u0131\u011f\u0131 bir d\u00f6nem olarak dikkat \u00e7ekiyor. Bu y\u0131l, hem estetik hem de i\u015flevselli\u011fi bir arada bulu\u015fturarak ya\u015fam alanlar\u0131n\u0131 daha konforlu hale getirmeyi hedefleyen \u00e7e\u015fitli tasar\u0131m anlay\u0131\u015flar\u0131 \u00f6ne \u00e7\u0131k\u0131yor. \u0130lk olarak, <em>do\u011fa ile i\u00e7 i\u00e7e<\/em> bir ya\u015fam alan\u0131 yaratma arzusu, i\u00e7 mek\u00e2n tasar\u0131m\u0131nda b\u00fcy\u00fck bir etki yarat\u0131yor. Bitkiler ve do\u011fal materyaller, evlerin ve ofislerin ruhunu canland\u0131rmak i\u00e7in s\u0131k\u00e7a tercih ediliyor.<\/p><p>Ayr\u0131ca, minimalizm felsefesi, kullan\u0131c\u0131 dostu ve sade tasar\u0131mlar anlay\u0131\u015f\u0131nda \u00f6nemli bir yere sahip. Kullan\u0131c\u0131lar\u0131n ihtiya\u00e7lar\u0131na g\u00f6re \u015fekillenen alanlar, ferah bir atmosfer yaratmaya yard\u0131mc\u0131 oluyor. \u00d6zellikle a\u00e7\u0131k renk tonlar\u0131n\u0131n hakim oldu\u011fu paletler, alanlar\u0131 daha geni\u015f ve ayd\u0131nl\u0131k g\u00f6stermek amac\u0131yla kullan\u0131l\u0131yor. Bu y\u0131l dikkat \u00e7ekici bir di\u011fer trend ise <em>\u00e7ok ama\u00e7l\u0131 alanlar<\/em>. \u0130\u00e7 mekanlar\u0131n daha verimli kullan\u0131lmas\u0131 amac\u0131yla, farkl\u0131 alanlar\u0131n bir arada kullan\u0131lmas\u0131na olanak tan\u0131yan tasar\u0131m \u00e7\u00f6z\u00fcmleri \u00f6ne \u00e7\u0131k\u0131yor.<\/p><p>Teknolojinin etkisi de i\u00e7 mimarl\u0131kta g\u00f6zard\u0131 edilemeyecek bir unsur. Ak\u0131ll\u0131 ev sistemleri, tasar\u0131mlara entegre edilerek ya\u015fam alanlar\u0131n\u0131 daha fonksiyonel hale getiriyor. \u00d6rne\u011fin, sesle kontrol edilen ayd\u0131nlatmalar ve otomatik perdeler, kullan\u0131c\u0131n\u0131n hayat\u0131n\u0131 kolayla\u015ft\u0131rmak i\u00e7in tasarlan\u0131yor. Bu unsurlar, sadece pratiklik sunmakla kalm\u0131yor; ayn\u0131 zamanda i\u00e7 mekanlar\u0131n estetik y\u00f6n\u00fcn\u00fc de g\u00fc\u00e7lendiriyor.<\/p><p>Sonu\u00e7 olarak, 2024 y\u0131l\u0131nda i\u00e7 mekan tasar\u0131m\u0131nda g\u00f6zlemlenen bu yenilikler, s\u00fcrd\u00fcr\u00fclebilirlik, estetik ve teknolojik entegrasyonu bir arada sunarak, ya\u015fam alanlar\u0131m\u0131z\u0131 daha konforlu ve i\u015flevsel hale getiriyor. Bu de\u011fi\u015fim, hem bireysel tercihlere hitap ediyor hem de toplumsal ve \u00e7evresel sorumluluklar\u0131m\u0131z\u0131 g\u00f6z \u00f6n\u00fcnde bulunduruyor.<\/p><h2 class=\"wp-block-heading\">S\u00fcrd\u00fcr\u00fclebilir Tasar\u0131m\u0131n \u0130\u00e7 Mimarl\u0131k Trendleri \u00dczerindeki Etkisi<\/h2><p>S\u00fcrd\u00fcr\u00fclebilir tasar\u0131m, g\u00fcn\u00fcm\u00fczde i\u00e7 mimarl\u0131k alan\u0131nda b\u00fcy\u00fck bir \u00f6neme sahip bir kavram olarak \u00f6ne \u00e7\u0131k\u0131yor. Bu yakla\u015f\u0131m, sadece estetik kayg\u0131lar\u0131 de\u011fil, ayn\u0131 zamanda \u00e7evresel ve toplumsal sorumluluklar\u0131 da g\u00f6z \u00f6n\u00fcnde bulunduruyor. <strong>\u0130\u00e7 mimarl\u0131k trendleri<\/strong> i\u00e7erisinde s\u00fcrd\u00fcr\u00fclebilir tasar\u0131m\u0131n etkisi, yap\u0131sal malzemelerin se\u00e7iminden, tasar\u0131m s\u00fcre\u00e7lerine kadar geni\u015f bir yelpazeyi kaps\u0131yor.<\/p><p>Birincil olarak, binalar\u0131n enerji verimlili\u011fini art\u0131rmay\u0131 hedefleyen ak\u0131ll\u0131 sistemlerin kullan\u0131m\u0131 artmaktad\u0131r. <strong>Ak\u0131ll\u0131 ayd\u0131nlatma<\/strong> ve iklimlendirme sistemleri, enerji t\u00fcketimini minimize ederken, ayn\u0131 zamanda ya\u015fam alanlar\u0131n\u0131n konforunu da art\u0131rmaktad\u0131r. Bunun yan\u0131 s\u0131ra, do\u011fal malzemelerin kullan\u0131m\u0131, hem estetik bir g\u00f6r\u00fcn\u00fcm sunmakta hem de \u00e7evreye duyarl\u0131 bir yakla\u015f\u0131m benimsemektedir. \u00d6rne\u011fin, bambu gibi h\u0131zl\u0131 b\u00fcy\u00fcyen ve geri d\u00f6n\u00fc\u015ft\u00fcr\u00fclebilir malzemeler, i\u00e7 mekan tasar\u0131mlar\u0131nda s\u0131kl\u0131kla tercih ediliyor.<\/p><p>Ayr\u0131ca, s\u00fcrd\u00fcr\u00fclebilir tasar\u0131m anlay\u0131\u015f\u0131, <strong>at\u0131k y\u00f6netimi<\/strong> ve yeniden kullan\u0131m prensiplerine de b\u00fcy\u00fck bir vurgu yapmaktad\u0131r. Yenilenen ve geri d\u00f6n\u00fc\u015ft\u00fcr\u00fclen malzemeler, i\u00e7 mekanlarda hem benzersiz bir g\u00f6r\u00fcn\u00fcm sunarken hem de do\u011faya olan etkimizi azaltmam\u0131za yard\u0131mc\u0131 oluyor. Mobilyalar\u0131n yeniden i\u015flenmesi veya ikinci el tasar\u0131mlar, hem ekonomik bir se\u00e7enek sunuyor hem de ki\u015fisel bir dokunu\u015f kat\u0131yor.<\/p><p>Son olarak, bitkilerin i\u00e7 mekanlardaki rol\u00fc de bu ak\u0131m\u0131n \u00f6nemli bir par\u00e7as\u0131. Do\u011fan\u0131n unsurlar\u0131n\u0131 i\u00e7 mekana dahil etmek, sadece estetik de\u011fil, ayn\u0131 zamanda sa\u011fl\u0131kl\u0131 bir ya\u015fam alan\u0131 olu\u015fturma \u00fczerine de katk\u0131da bulunuyor. \u0130\u00e7 mekan bitkileri, hava kalitesini art\u0131rarak ya\u015fam standartlar\u0131n\u0131 y\u00fckseltiyor.<\/p><p>S\u00fcrd\u00fcr\u00fclebilir tasar\u0131m\u0131n i\u00e7 mimarl\u0131k \u00fczerindeki etkisi, estetik ve i\u015flevselli\u011fi bir araya getirirken, ayn\u0131 zamanda do\u011faya sayg\u0131l\u0131 bir yakla\u015f\u0131m sunarak gelecekte ya\u015fam alanlar\u0131m\u0131z\u0131 \u015fekillendirmeye devam edecektir.<\/p><h2 class=\"wp-block-heading\">Renk Paletlerinde De\u011fi\u015fim: <strong>\u0130\u00e7 mimarl\u0131k trendleri<\/strong> ve Renk Se\u00e7imleri<\/h2><p>2024 y\u0131l\u0131, i\u00e7 mimari tasar\u0131mlarda renk paletlerinde k\u00f6kl\u00fc de\u011fi\u015fimlerin ya\u015fand\u0131\u011f\u0131 bir d\u00f6nem olarak dikkat \u00e7ekiyor. Modern ya\u015fam alanlar\u0131n\u0131n daha s\u0131cak, samimi ve ki\u015fisel bir hava kazanmas\u0131n\u0131 sa\u011flamak amac\u0131yla, bu y\u0131l \u00f6ne \u00e7\u0131kan renkler ve kombinasyonlar dikkat \u00e7ekici bir \u015fekilde farkl\u0131l\u0131k g\u00f6steriyor. \u00d6ncelikle, n\u00f6tr tonlar\u0131n\u0131n yava\u015f yava\u015f yerini daha cesur ve karakteristik renklere b\u0131rakmas\u0131, bu y\u0131l\u0131n belirleyici bir \u00f6zelli\u011fi olarak \u00f6ne \u00e7\u0131k\u0131yor.<\/p><p><strong>Pastel tonlar\u0131n ve toprak renklerinin<\/strong> yan\u0131 s\u0131ra, derin ve koyu renklerle zenginle\u015ftirilmi\u015f paletler, i\u00e7 mekanlara g\u00f6rsel bir derinlik kat\u0131yor. \u00d6rne\u011fin, koyu ye\u015fil ve mavi tonlar\u0131, do\u011fadan esinlenerek mekanlara rahatlat\u0131c\u0131 bir atmosfer getiriyor. Bu ba\u011flamda, <strong>vurgulama rengi<\/strong> olarak turuncu, sar\u0131 ve k\u0131rm\u0131z\u0131 gibi canl\u0131 tonlar\u0131n da kullan\u0131lmas\u0131, mekanlar\u0131 canland\u0131r\u0131yor. B\u00f6ylece, g\u00f6rsel denge sa\u011flan\u0131rken, alanlar\u0131n enerjisi de art\u0131r\u0131l\u0131yor.<\/p><p>Yaln\u0131zca i\u00e7 mekan tasar\u0131mlar\u0131nda de\u011fil, ayn\u0131 zamanda mobilya ve aksesuar se\u00e7imlerinde de bu y\u0131l renklerin \u00f6nemi tart\u0131\u015f\u0131lmaz. Renk uyumunu sa\u011flamak i\u00e7in, farkl\u0131 dokular ve malzemelerle \u00e7al\u0131\u015fmak, estetik bir b\u00fct\u00fcnl\u00fck olu\u015fturuyor. \u00d6rne\u011fin, mat ve daha p\u00fcr\u00fczs\u00fcz y\u00fczeylerin bir arada kullan\u0131lmas\u0131, renk se\u00e7imini g\u00fc\u00e7lendirirken, mekanlar\u0131n zarif bir g\u00f6r\u00fcn\u00fcm kazanmas\u0131na yard\u0131mc\u0131 oluyor.<\/p><p>Ayr\u0131ca, <strong>ayd\u0131nlatma unsurlar\u0131<\/strong> da renklerin alg\u0131lan\u0131\u015f\u0131n\u0131 etkileyen kritik bir fakt\u00f6r. G\u00fcn \u0131\u015f\u0131\u011f\u0131 ve yapay ayd\u0131nlatma sayesinde, renklere derinlik katmak m\u00fcmk\u00fcnken, bu kombine etkiler mekan i\u00e7indeki her unsuru \u00f6ne \u00e7\u0131kar\u0131yor. Dolay\u0131s\u0131yla, tasar\u0131m a\u015famas\u0131nda dikkatli bir \u00e7al\u0131\u015fma gerektiriyor.<\/p><p>Sonu\u00e7 olarak, 2024 y\u0131l\u0131nda i\u00e7 mekan tasar\u0131mlar\u0131nda renk se\u00e7imleri, yaln\u0131zca estetik bir unsur olmaktan \u00e7\u0131k\u0131p, duygusal bir ifade arac\u0131 haline geliyor. Kullan\u0131c\u0131lar\u0131n ki\u015fisel tercihlerine hitap eden renk paletlerinin varl\u0131\u011f\u0131, i\u00e7 mekanlar\u0131n ruhunu ve atmosferini zenginle\u015ftiriyor.<\/p><h2 class=\"wp-block-heading\">Ki\u015fiselle\u015ftirilmi\u015f Alanlar: Yeni \u0130\u00e7 Mimarl\u0131k Trendleri ile Ya\u015fam Alanlar\u0131n\u0131z\u0131 \u015eekillendirin<\/h2><p>G\u00fcn\u00fcm\u00fczde <strong><a href=\"https:\/\/www.allrender.net\/post\/2024-yili-ic-mimarlik-trendleri\" target=\"_blank\" rel=\"noopener\">i\u00e7 mimarl\u0131k trendleri<\/a><\/strong> aras\u0131nda ki\u015fiselle\u015ftirilmi\u015f alanlar olu\u015fturmak, bireylerin ya\u015fam tarzlar\u0131na ve zevklerine uygun mekanlar tasarlamak \u00f6n plana \u00e7\u0131k\u0131yor. Her birimizin farkl\u0131 ihtiya\u00e7lar\u0131 ve tarzlar\u0131 oldu\u011fundan, yaln\u0131zca estetik de\u011fil ayn\u0131 zamanda i\u015flevsel olan ya\u015fam alanlar\u0131 tasarlamak da \u00f6nem ta\u015f\u0131yor. Ki\u015fiselle\u015ftirme s\u00fcrecinde bireylerin ge\u00e7mi\u015f deneyimlerinden, k\u00fclt\u00fcrel miraslar\u0131ndan veya hobilerinden ilham almak, mek\u00e2nlar\u0131 daha anlaml\u0131 hale getiriyor.<\/p><p>\u00d6rne\u011fin, bir bireyin giri\u015f b\u00f6l\u00fcm\u00fcne ait duvarlar\u0131n\u0131, seyahat etti\u011fi yerlere ait foto\u011fraflarla dekore etmesi, hem s\u0131cak bir kar\u015f\u0131lama sa\u011flarken hem de ziyaret\u00e7ileri hikayelerle bulu\u015fturuyor. Bunun yan\u0131 s\u0131ra, ki\u015fisel dokunu\u015flar, bir\u00e7ok ki\u015fi i\u00e7in tasar\u0131m\u0131n kalbini olu\u015fturuyor gibi g\u00f6r\u00fcn\u00fcyor; \u00f6zel el yap\u0131m\u0131 e\u015fyalar, sadece estetik de\u011fil ayn\u0131 zamanda duygusal de\u011ferler de ta\u015f\u0131yor.<\/p><p>Yaln\u0131zca dekoratif unsurlar de\u011fil, ayn\u0131 zamanda fonksiyonellik de ki\u015fiselle\u015ftirmede \u00f6nemlidir. Mesela, ev ofisi olan bir birey, \u00e7al\u0131\u015fma alan\u0131n\u0131 odaklanmay\u0131 art\u0131racak \u015fekilde d\u00fczenleyerek kendi verimlili\u011fini art\u0131rabilir. Ak\u0131ll\u0131 ev sistemlerinin entegrasyonu ile bireyler, kendi ya\u015famlar\u0131n\u0131 kolayla\u015ft\u0131racak sistemler kurarak ki\u015fisel rahatl\u0131klar\u0131n\u0131 y\u00fckseltiyorlar. Yine de tasar\u0131m s\u00fcrecinde dikkat edilmesi gereken bir di\u011fer \u00f6nemli unsur, alan\u0131n konforunu art\u0131racak oturma d\u00fczenleri ve ayd\u0131nlatma se\u00e7imleridir.<\/p><p>Sonu\u00e7 olarak, ya\u015fam alanlar\u0131n\u0131n ki\u015fiselle\u015ftirilmesi sadece g\u00f6rsellik de\u011fil, ayn\u0131 zamanda bireyin ya\u015fam kalitesine \u00f6nemli katk\u0131larda bulunuyor. Kendi stilinizi ve ihtiya\u00e7lar\u0131n\u0131z\u0131 yans\u0131tarak mek\u00e2nlar\u0131n\u0131z\u0131 d\u00f6n\u00fc\u015ft\u00fcrmek; sizi daha mutlu, huzurlu bir ya\u015fam alan\u0131na ula\u015ft\u0131racak bir yolculuktur. Bu nedenle, i\u00e7 mimarl\u0131k tasar\u0131m anlay\u0131\u015f\u0131nda ki\u015fiselle\u015ftirme, her zamankinden daha fazla \u00f6nem kazan\u0131yor ve dikkatle ele al\u0131nmas\u0131 gereken bir konu haline geliyor.<\/p><h2 class=\"wp-block-heading\">S\u0131k\u00e7a Sorulan Sorular<\/h2><h3 class=\"wp-block-heading\">\u0130\u00e7 mimarl\u0131kta 2023 trendleri nelerdir?<\/h3><p>2023 y\u0131l\u0131 i\u00e7 mimarl\u0131kta do\u011fal ve s\u00fcrd\u00fcr\u00fclebilir materyallerin kullan\u0131m\u0131 \u00f6n planda. Ah\u015fap, bambu gibi do\u011fal malzemeler tercih edilmekte ve bu materyallerin estetik tasar\u0131mlarla birle\u015ftirilmesi yayg\u0131nla\u015fmaktad\u0131r. Ayr\u0131ca a\u00e7\u0131k alanlar\u0131 i\u00e7 mekanla birle\u015ftiren tasar\u0131mlar, ferah ve konforlu ya\u015fam alanlar\u0131 yaratmakta. Daha minimal ve fonksiyonel yakla\u015f\u0131mlar da trendler aras\u0131nda, b\u00f6ylece mekanlardaki karma\u015fadan ka\u00e7\u0131n\u0131larak huzurlu ortamlar olu\u015fturuluyor.<\/p><h3 class=\"wp-block-heading\">\u0130\u00e7 mimar se\u00e7erken dikkat edilmesi gerekenler nelerdir?<\/h3><p>\u0130\u00e7 mimar se\u00e7erken \u00f6ncelikle portf\u00f6ylerini ve daha \u00f6nceki projelerini incelemek \u00f6nemlidir. Tasar\u0131m tarzlar\u0131n\u0131n sizinle uyumlu olmas\u0131 gerekmektedir. Ayr\u0131ca, m\u00fc\u015fteri geri bildirimleri ve referanslar, i\u00e7 mimar\u0131n profesyonelli\u011fi hakk\u0131nda bilgi verir. Proje b\u00fct\u00e7enizi ve s\u00fcrelerinizi net bir \u015fekilde belirlemeniz, mimar\u0131n bu yay\u0131nlara ne kadar uyum sa\u011flad\u0131\u011f\u0131n\u0131 g\u00f6rmek a\u00e7\u0131s\u0131ndan faydal\u0131 olacakt\u0131r.<\/p><h3 class=\"wp-block-heading\">Yeni ba\u015flayanlar i\u00e7in i\u00e7 mimarl\u0131k e\u011fitimi nereden al\u0131nabilir?<\/h3><p>Yeni ba\u015flayanlar i\u00e7in i\u00e7 mimarl\u0131k e\u011fitimi \u00e7e\u015fitli \u00fcniversitelerin mimarl\u0131k fak\u00fclteleri ve \u00f6zel i\u00e7 mimarl\u0131k okullar\u0131nda al\u0131nabilir. T\u00fcrkiye&#8217;de bu alanda y\u00fcksek kaliteli e\u011fitim veren bir\u00e7ok \u00fcniversite bulunmaktad\u0131r. E\u011fitiminiz s\u00fcresince tasar\u0131m temelleri, malzeme bilgisi, ayd\u0131nlatma teknikleri gibi konulara hakim olman\u0131z sa\u011flan\u0131r. Ayr\u0131ca, staj imkanlar\u0131 ile pratik deneyim kazanmak da olduk\u00e7a \u00f6nemli.<\/p><script type=\"application\/ld+json\">{\"@context\":\"https:\/\/schema.org\",\"@type\":\"FAQPage\",\"mainEntity\":[{\"@type\":\"Question\",\"name\":\"\u0130\u00e7 mimarl\u0131kta 2023 trendleri nelerdir?\",\"acceptedAnswer\":{\"@type\":\"Answer\",\"text\":\"2023 y\u0131l\u0131 i\u00e7 mimarl\u0131kta do\u011fal ve s\u00fcrd\u00fcr\u00fclebilir materyallerin kullan\u0131m\u0131 \u00f6n planda. Ah\u015fap, bambu gibi do\u011fal malzemeler tercih edilmekte ve bu materyallerin estetik tasar\u0131mlarla birle\u015ftirilmesi yayg\u0131nla\u015fmaktad\u0131r. Ayr\u0131ca a\u00e7\u0131k alanlar\u0131 i\u00e7 mekanla birle\u015ftiren tasar\u0131mlar, ferah ve konforlu ya\u015fam alanlar\u0131 yaratmakta. Daha minimal ve fonksiyonel yakla\u015f\u0131mlar da trendler aras\u0131nda, b\u00f6ylece mekanlardaki karma\u015fadan ka\u00e7\u0131n\u0131larak huzurlu ortamlar olu\u015fturuluyor.\"}},{\"@type\":\"Question\",\"name\":\"\u0130\u00e7 mimar se\u00e7erken dikkat edilmesi gerekenler nelerdir?\",\"acceptedAnswer\":{\"@type\":\"Answer\",\"text\":\"\u0130\u00e7 mimar se\u00e7erken \u00f6ncelikle portf\u00f6ylerini ve daha \u00f6nceki projelerini incelemek \u00f6nemlidir. Tasar\u0131m tarzlar\u0131n\u0131n sizinle uyumlu olmas\u0131 gerekmektedir. Ayr\u0131ca, m\u00fc\u015fteri geri bildirimleri ve referanslar, i\u00e7 mimar\u0131n profesyonelli\u011fi hakk\u0131nda bilgi verir. Proje b\u00fct\u00e7enizi ve s\u00fcrelerinizi net bir \u015fekilde belirlemeniz, mimar\u0131n bu yay\u0131nlara ne kadar uyum sa\u011flad\u0131\u011f\u0131n\u0131 g\u00f6rmek a\u00e7\u0131s\u0131ndan faydal\u0131 olacakt\u0131r.\"}},{\"@type\":\"Question\",\"name\":\"Yeni ba\u015flayanlar i\u00e7in i\u00e7 mimarl\u0131k e\u011fitimi nereden al\u0131nabilir?\",\"acceptedAnswer\":{\"@type\":\"Answer\",\"text\":\"Yeni ba\u015flayanlar i\u00e7in i\u00e7 mimarl\u0131k e\u011fitimi \u00e7e\u015fitli \u00fcniversitelerin mimarl\u0131k fak\u00fclteleri ve \u00f6zel i\u00e7 mimarl\u0131k okullar\u0131nda al\u0131nabilir. T\u00fcrkiye'de bu alanda y\u00fcksek kaliteli e\u011fitim veren bir\u00e7ok \u00fcniversite bulunmaktad\u0131r. E\u011fitiminiz s\u00fcresince tasar\u0131m temelleri, malzeme bilgisi, ayd\u0131nlatma teknikleri gibi konulara hakim olman\u0131z sa\u011flan\u0131r. Ayr\u0131ca, staj imkanlar\u0131 ile pratik deneyim kazanmak da olduk\u00e7a \u00f6nemli.\"}}]}<\/script>","protected":false},"excerpt":{"rendered":"<p>2024 y\u0131l\u0131na ad\u0131m atarken, i\u00e7 mimarl\u0131k d\u00fcnyas\u0131nda heyecan verici yenilikler ve \u0130\u00e7 mimarl\u0131k trendleri kar\u015f\u0131m\u0131za \u00e7\u0131k\u0131yor. S\u00fcrd\u00fcr\u00fclebilir tasar\u0131m\u0131n \u00f6neminin giderek<\/p>\n","protected":false},"author":5,"featured_media":0,"comment_status":"closed","ping_status":"closed","sticky":false,"template":"","format":"standard","meta":[],"categories":[1],"tags":[],"aioseo_notices":[],"_links":{"self":[{"href":"https:\/\/www.ucicmimarlik.com\/ar\/wp-json\/wp\/v2\/posts\/11097"}],"collection":[{"href":"https:\/\/www.ucicmimarlik.com\/ar\/wp-json\/wp\/v2\/posts"}],"about":[{"href":"https:\/\/www.ucicmimarlik.com\/ar\/wp-json\/wp\/v2\/types\/post"}],"author":[{"embeddable":true,"href":"https:\/\/www.ucicmimarlik.com\/ar\/wp-json\/wp\/v2\/users\/5"}],"replies":[{"embeddable":true,"href":"https:\/\/www.ucicmimarlik.com\/ar\/wp-json\/wp\/v2\/comments?post=11097"}],"version-history":[{"count":2,"href":"https:\/\/www.ucicmimarlik.com\/ar\/wp-json\/wp\/v2\/posts\/11097\/revisions"}],"predecessor-version":[{"id":11411,"href":"https:\/\/www.ucicmimarlik.com\/ar\/wp-json\/wp\/v2\/posts\/11097\/revisions\/11411"}],"wp:attachment":[{"href":"https:\/\/www.ucicmimarlik.com\/ar\/wp-json\/wp\/v2\/media?parent=11097"}],"wp:term":[{"taxonomy":"category","embeddable":true,"href":"https:\/\/www.ucicmimarlik.com\/ar\/wp-json\/wp\/v2\/categories?post=11097"},{"taxonomy":"post_tag","embeddable":true,"href":"https:\/\/www.ucicmimarlik.com\/ar\/wp-json\/wp\/v2\/tags?post=11097"}],"curies":[{"name":"wp","href":"https:\/\/api.w.org\/{rel}","templated":true}]}}