{"id":11093,"date":"2026-02-23T14:54:42","date_gmt":"2026-02-23T11:54:42","guid":{"rendered":"https:\/\/www.ucicmimarlik.com\/kucuk-ofisler-nasil-daha-genis-gosterilir\/"},"modified":"2026-02-28T12:19:11","modified_gmt":"2026-02-28T09:19:11","slug":"kucuk-ofisler-nasil-daha-genis-gosterilir","status":"publish","type":"post","link":"https:\/\/www.ucicmimarlik.com\/ar\/kucuk-ofisler-nasil-daha-genis-gosterilir\/","title":{"rendered":"K\u00fc\u00e7\u00fck Ofisler Nas\u0131l Daha Geni\u015f G\u00f6sterilir?"},"content":{"rendered":"<p>K\u00fc\u00e7\u00fck ofisler, zaman zaman dar bir alanda \u00e7al\u0131\u015fmak zorunda kalan bir\u00e7ok ki\u015fi i\u00e7in zorlu bir deneyim olabilir. Ancak, alan\u0131n etkili bir \u015fekilde kullan\u0131lmas\u0131yla bu s\u0131k\u0131\u015f\u0131k ortamlar geni\u015f ve ferah hissedilebilir. Bu yaz\u0131m\u0131zda, <strong>k\u00fc\u00e7\u00fck ofis geni\u015fletme<\/strong> taktiklerine odaklanarak, a\u00e7\u0131k renklerin g\u00fcc\u00fcnden ayd\u0131nlatma se\u00e7eneklerine, fonksiyonel mobilya se\u00e7iminden duvarlarda yans\u0131malar olu\u015fturmaya kadar pek \u00e7ok ipucunu payla\u015faca\u011f\u0131z. B\u00f6ylece, \u00e7al\u0131\u015fma alan\u0131n\u0131z\u0131 sadece g\u00f6rsel olarak de\u011fil, ayn\u0131 zamanda i\u015flevsel olarak da geni\u015fletme yollar\u0131n\u0131 ke\u015ffedeceksiniz. Haz\u0131rsan\u0131z, k\u00fc\u00e7\u00fck ofisinizin potansiyelini en \u00fcst d\u00fczeye \u00e7\u0131karmak i\u00e7in ad\u0131m ad\u0131m ilerleyelim!<\/p><h2 class=\"wp-block-heading\">A\u00e7\u0131k Renklerin G\u00fcc\u00fc: K\u00fc\u00e7\u00fck Ofis Geni\u015fletme Taktikleri<\/h2><p>A\u00e7\u0131k renkler, \u00f6zellikle k\u00fc\u00e7\u00fck ofislerde mekan\u0131 daha geni\u015f ve ferah g\u00f6stermek i\u00e7in etkili bir ara\u00e7t\u0131r. Bu renk paleti, optik ill\u00fczyonlar yaratarak alan\u0131n derinli\u011fini art\u0131r\u0131r ve g\u00f6z yan\u0131lmas\u0131 ile geni\u015f bir g\u00f6r\u00fcn\u00fcm sa\u011flar. Nas\u0131l m\u0131? \u0130\u015fte bu konuda dikkate alman\u0131z gereken baz\u0131 detaylar:<\/p><p>\u00d6ncelikle, <strong>beyaz, a\u00e7\u0131k gri, pastel tonlar\u0131<\/strong> gibi n\u00f6tr renkler, duvarlar\u0131 boyamak i\u00e7in m\u00fckemmel bir se\u00e7imdir. Bu tonlar, do\u011fal \u0131\u015f\u0131\u011f\u0131 yans\u0131tarak odan\u0131n daha ayd\u0131nl\u0131k ve ferah g\u00f6r\u00fcnmesini sa\u011flar. \u00d6rne\u011fin, duvarlar\u0131n\u0131z\u0131 a\u00e7\u0131k bir beyaz veya s\u0131cak bir krem rengiyle boyamak, mekan\u0131n daha geni\u015f alg\u0131lanmas\u0131na yard\u0131mc\u0131 olur. Ayr\u0131ca, bu t\u00fcr renkler ile di\u011fer renklerin kombinasyonu da kullan\u0131labilir. \u00d6rne\u011fin, mobilyalar\u0131n\u0131zda a\u00e7\u0131k renk tonlar\u0131 kullanarak b\u00fct\u00fcnl\u00fck olu\u015fturabilirsiniz.<\/p><p>Bunun yan\u0131 s\u0131ra, a\u00e7\u0131k renklerin sadece duvarlarda de\u011fil, mobilyalarda da tercih edilmesi gerekti\u011fini unutmay\u0131n. <em>A\u00e7\u0131k renkli masalar ve sandalyeler<\/em>, genel g\u00f6r\u00fcn\u00fcm\u00fc hafifleterek alan\u0131n daha a\u00e7\u0131k ve geni\u015f hissettirmesine katk\u0131 sa\u011flar. Bunun yan\u0131nda, ikili ofis masalar\u0131 veya yerden tasarruf sa\u011flayan raf sistemleri gibi ak\u0131ll\u0131 tasar\u0131mlar tercih edilmelidir.<\/p><p>Duvarda yer alan a\u00e7\u0131k tonlardaki sanat eserleri ve dekor \u00fcr\u00fcnleri de mekana derinlik ve karakter katacakt\u0131r. <em>Asimetrik yerle\u015ftirmeler<\/em> ile de farkl\u0131l\u0131k yaratabilir, b\u00f6ylece g\u00f6r\u00fcn\u00fcm\u00fc daha dinamik hale getirebilirsiniz. Unutmay\u0131n ki, a\u00e7\u0131k tonlardaki alanlar, sadece g\u00f6z al\u0131c\u0131 de\u011fil, ayn\u0131 zamanda \u00e7al\u0131\u015fanlar i\u00e7in huzurlu bir atmosfer yaratmak a\u00e7\u0131s\u0131ndan da \u00f6nemlidir.<\/p><p>Sonu\u00e7 olarak, a\u00e7\u0131k renklerin g\u00fcc\u00fcnden yararlanarak <strong>k\u00fc\u00e7\u00fck ofis geni\u015fletme<\/strong> taktiklerinizi etkili bir \u015fekilde uygulayabilir ve i\u015f ortam\u0131n\u0131z\u0131 daha ferah bir hale getirebilirsiniz.<\/p><h2 class=\"wp-block-heading\">Ayd\u0131nlatma Se\u00e7enekleri ile Alan\u0131 B\u00fcy\u00fctmek<\/h2><p>K\u00fc\u00e7\u00fck ofisler genellikle s\u0131n\u0131rl\u0131 alanlara sahiptir; bu nedenle, do\u011fru ayd\u0131nlatma se\u00e7imleri ile mekan\u0131n daha geni\u015f ve ferah hissettirilmesi m\u00fcmk\u00fcnd\u00fcr. Ayd\u0131nlatma, bir ofisin atmosferini belirleyen en kritik unsurlardan biridir ve etkili bi\u00e7imde kullan\u0131ld\u0131\u011f\u0131nda, alan\u0131 tamamen d\u00f6n\u00fc\u015ft\u00fcrebilir. \u00d6ncelikle, <em>do\u011fal \u0131\u015f\u0131k<\/em> kullan\u0131m\u0131n\u0131 maksimize etmek \u00f6nemlidir. Pencereleri b\u00fcy\u00fck bir yans\u0131ma ile dahi yans\u0131tma se\u00e7ene\u011fi, g\u00fcn \u0131\u015f\u0131\u011f\u0131n\u0131n i\u00e7eri girmesine ve alan\u0131n daha ayd\u0131nl\u0131k g\u00f6r\u00fcnmesine yard\u0131mc\u0131 olur. Koltuklar\u0131n\u0131z\u0131 pencerelere yak\u0131n konumland\u0131rarak, do\u011fal \u0131\u015f\u0131\u011f\u0131n faydalar\u0131ndan azami \u015fekilde yararlanabilirsiniz.<\/p><p>Budan sonra, <em>katmanl\u0131 ayd\u0131nlatma<\/em> y\u00f6ntemlerini uygulamak yerinde olacakt\u0131r. Bu teknik, mek\u00e2n i\u00e7erisine farkl\u0131 \u0131\u015f\u0131k kaynaklar\u0131n\u0131n yerle\u015ftirilmesini kapsar. Tavan lambalar\u0131, masa lambalar\u0131 ve duvar aplikleri ile \u00e7ok katmanl\u0131 bir ayd\u0131nlatma tasar\u0131m\u0131 olu\u015fturabilirsiniz. Bu sayede, alan\u0131 yaln\u0131zca daha ayd\u0131nl\u0131k yapmakla kalmaz, ayn\u0131 zamanda derinlik hissi yaratm\u0131\u015f olursunuz. Tavan lambalar\u0131n\u0131 se\u00e7erken, \u00f6zellikle geni\u015f a\u00e7\u0131l\u0131 ve beyaz \u0131\u015f\u0131k veren modeller tercih edilmelidir. Bu t\u00fcr lambalar, yukar\u0131dan yayd\u0131klar\u0131 \u0131\u015f\u0131k sayesinde tavan\u0131 daha y\u00fcksek g\u00f6stermeye yard\u0131mc\u0131 olur.<\/p><p>Ek olarak, <em>ayna kullan\u0131m\u0131<\/em> da ayd\u0131nlatman\u0131n etkisini art\u0131rmada son derece etkilidir. Ofisinizde ayna yerle\u015ftirmek, \u0131\u015f\u0131\u011f\u0131n yans\u0131mas\u0131n\u0131 sa\u011flayarak alan\u0131n daha geni\u015f g\u00f6r\u00fcnmesine katk\u0131 sa\u011flar. Duvarlarda veya masa \u00fcst\u00fcnde yer alacak aynalar, hem g\u00f6rsel ilginizi art\u0131r\u0131r hem de mekan\u0131 daha ferah hale getirir. Bu t\u00fcr basit ama etkili taktikler sayesinde, <strong>k\u00fc\u00e7\u00fck ofis geni\u015fletme<\/strong> hedefini daha kolay bir \u015fekilde ger\u00e7ekle\u015ftirilebilir hale getirebilirsiniz.<\/p><p>Bunun yan\u0131 s\u0131ra, ak\u0131ll\u0131 ayd\u0131nlatma sistemleri kullanarak, ofisinizdeki atmosferi anl\u0131k olarak de\u011fi\u015ftirme olana\u011f\u0131na da sahip olursunuz. \u00d6rne\u011fin, farkl\u0131 ayd\u0131nlatma senaryolar\u0131 olu\u015fturup, i\u015f durumuna g\u00f6re \u0131\u015f\u0131k yo\u011funlu\u011funu ayarlayabilirsiniz. Sonu\u00e7 olarak, iyi bir ayd\u0131nlatma tasar\u0131m\u0131, <strong>k\u00fc\u00e7\u00fck ofis geni\u015fletme<\/strong> s\u00fcre\u00e7lerinde en \u00f6nemli bile\u015fenlerden biridir ve yarat\u0131c\u0131 yakla\u015f\u0131mlar ile ba\u015far\u0131s\u0131n\u0131 art\u0131rabilirsiniz.<\/p><h2 class=\"wp-block-heading\">Fonksiyonel Mobilya Se\u00e7imi: K\u00fc\u00e7\u00fck Ofis Geni\u015fletme Y\u00f6ntemleri<\/h2><p>K\u00fc\u00e7\u00fck \u00e7al\u0131\u015fma alanlar\u0131n\u0131z\u0131 daha i\u015flevsel ve geni\u015f hissettirmek i\u00e7in do\u011fru mobilya se\u00e7iminde bulunmak son derece \u00f6nemlidir. <strong>K\u00fc\u00e7\u00fck ofis geni\u015fletme<\/strong> stratejilerinin en etkin yollar\u0131n\u0131n ba\u015f\u0131nda, fonksiyonel mobilyalar\u0131n kullan\u0131m\u0131 gelmektedir. Bu t\u00fcr mobilyalar, hem estetik a\u00e7\u0131dan ho\u015f g\u00f6r\u00fcnmeli hem de pratik i\u015flevler sunmal\u0131d\u0131r.<\/p><p>\u00d6ncelikle, <em>yerden tasarruf sa\u011flamak<\/em> ad\u0131na duvara monte edilebilen \u00e7al\u0131\u015fma masalar\u0131n\u0131 tercih edebilirsiniz. B\u00f6ylece zemin alan\u0131n\u0131zda fazladan yer a\u00e7arak hareket \u00f6zg\u00fcrl\u00fc\u011f\u00fcn\u00fcz\u00fc art\u0131r\u0131rs\u0131n\u0131z. Ayr\u0131ca, a\u00e7\u0131l\u0131r kapan\u0131r t\u00fcrdeki masalar, gerekti\u011finde ek alan yarat\u0131rken, kullan\u0131lmad\u0131\u011f\u0131nda yer kaplamadan kolayca saklanabilir.<\/p><p>Fonksiyonel depolama \u00e7\u00f6z\u00fcmleri de dikkate al\u0131nmal\u0131d\u0131r. \u00d6rne\u011fin, \u015fifreli dosyalar\u0131n\u0131z\u0131 ve ofis malzemelerinizi yerden tasarruf sa\u011flayan raflar veya gizli dolapl\u0131 masalar i\u00e7erisinde d\u00fczenleyebilirsiniz. B\u00f6ylece gereksiz kalabal\u0131ktan ka\u00e7\u0131narak, ofiste ferah bir g\u00f6r\u00fcn\u00fcm elde edersiniz. Bu t\u00fcr mobilyalar, hem pratiklik sa\u011flayarak i\u015f verimlili\u011finizi art\u0131r\u0131r hem de g\u00f6z yormayan bir d\u00fczen sunar.<\/p><p>Ayr\u0131ca, <em>\u00e7ok i\u015flevli mobilyalar<\/em> tercih etmek, alan kullan\u0131mlar\u0131n\u0131 optimize etmenin bir ba\u015fka yoludur. \u00d6rne\u011fin, oturum alan\u0131 olarak kullan\u0131labilen bir puf, ayn\u0131 zamanda depolama alan\u0131 da sunabilir. B\u00f6ylece, hem oturum alan\u0131n\u0131z\u0131 hem de depolama alan\u0131n\u0131z\u0131 tek bir par\u00e7ayla \u00e7\u00f6z\u00fcmlemi\u015f olursunuz.<\/p><p>Sonu\u00e7 olarak, k\u00fc\u00e7\u00fck ofislerde alan\u0131 etkili bir \u015fekilde kullanmak i\u00e7in fonksiyonel mobilyalar\u0131n se\u00e7imi olduk\u00e7a kritik bir rol oynar. Do\u011fru mobilya kombinasyonlar\u0131 ile hem \u015f\u0131k bir g\u00f6r\u00fcn\u00fcm olu\u015fturabilir hem de i\u015flevselli\u011fi art\u0131rarak verimli bir \u00e7al\u0131\u015fma ortam\u0131 sa\u011flayabilirsiniz.<\/p><h2 class=\"wp-block-heading\">Duvarda Yans\u0131malar: K\u00fc\u00e7\u00fck Ofislerde Derinlik A\u00e7ma \u0130pu\u00e7lar\u0131<\/h2><p>K\u00fc\u00e7\u00fck ofisler, s\u0131n\u0131rl\u0131 <a href=\"https:\/\/www.bellona.com.tr\/blog\/icerik\/kucuk-alanlari-buyuk-gostermenin-puf-noktalari\" target=\"_blank\" rel=\"noopener\">alanlar\u0131<\/a> en iyi \u015fekilde kullanmak i\u00e7in \u00e7e\u015fitli stratejiler gerektirir. <strong>K\u00fc\u00e7\u00fck ofis geni\u015fletme<\/strong> tekniklerinden biri de duvarlarda yans\u0131malar\u0131n yarat\u0131lmas\u0131d\u0131r. Duvardaki yans\u0131malar, mek\u00e2n\u0131n derinli\u011fini ve geni\u015fli\u011fini hissettirmek i\u00e7in etkili bir y\u00f6ntemdir. \u0130\u015fte bu konuda dikkate alman\u0131z gereken baz\u0131 ipu\u00e7lar\u0131:<\/p><p>\u0130lk olarak, <strong>ayna kullan\u0131m\u0131<\/strong> en yayg\u0131n ve etkili y\u00f6ntemlerden biridir. Duvar\u0131n\u0131za yerle\u015ftirece\u011finiz b\u00fcy\u00fck bir ayna, \u0131\u015f\u0131\u011f\u0131 yans\u0131tarak alan\u0131n daha geni\u015f g\u00f6r\u00fcnmesine yard\u0131mc\u0131 olur. Aynan\u0131n yerle\u015fimini dikkatlice planlayarak, odan\u0131n hangi b\u00f6l\u00fcmlerini yans\u0131tmas\u0131n\u0131 istedi\u011finize karar verebilirsiniz. Aynal\u0131 mobilyalar da ayn\u0131 etkiyi yarat\u0131r; \u00f6rne\u011fin, <strong>ayna y\u00fczeyli raflar<\/strong>, g\u00f6rsel derinlik katarken, \u015f\u0131kl\u0131\u011f\u0131 da art\u0131r\u0131r.<\/p><p>Ayr\u0131ca, <strong>duvar renkleri ve dokular\u0131<\/strong> da \u00f6nemli bir rol oynamaktad\u0131r. Parlak ve a\u00e7\u0131k renk tonlar\u0131, mekan\u0131n daha ferah g\u00f6r\u00fcnmesini sa\u011flar. Farkl\u0131 duvar dokular\u0131yla oynamak, d\u00fcz y\u00fczeylerin monotonlu\u011funu k\u0131rar ve odan\u0131n \u00fc\u00e7 boyutlu alg\u0131lanmas\u0131na yard\u0131mc\u0131 olur. \u00d6rne\u011fin, bir duvarda a\u00e7\u0131k mavi tonlar\u0131 kullan\u0131rken, di\u011fer bir duvarda daha koyu bir renk uygulayarak derinlik hissi yaratabilirsiniz.<\/p><p>Duvarda kullan\u0131lacak grafiklerle de ilgin\u00e7 sonu\u00e7lar elde edilebilir. \u00d6zellikle, <em>hat veya geometrik desenlerle olu\u015fturulmu\u015f duvar ka\u011f\u0131tlar\u0131<\/em>, duvar\u0131n boyutlar\u0131n\u0131 geni\u015fletmeye yard\u0131mc\u0131 olabilir. Simetrik desenler alan\u0131 daha d\u00fczenli g\u00f6sterirken, asimetrik desenler dinamik bir g\u00f6r\u00fcn\u00fcm sa\u011flar ve mek\u00e2nda hareket hissi olu\u015fturur.<\/p><p>Son olarak, duvarda yer alan sanat eserleri veya raflar da mekan derinli\u011fini art\u0131ran etkenlerden biridir. Kullan\u0131lan objelerin asimetri\u011fi, y\u00fcksekli\u011fi ve hacmi, ofis alan\u0131nda g\u00f6rsel bir hareket yarat\u0131r. Dolay\u0131s\u0131yla, do\u011fru yerle\u015ftirilmi\u015f sanat eserleri ve i\u015flevsel raf sistemleri, ofisinizin geni\u015flemesine olanak tan\u0131yacakt\u0131r. Duvardaki yans\u0131malar\u0131 ve objelerin uyumunu g\u00f6z \u00f6n\u00fcnde bulundurarak <strong>k\u00fc\u00e7\u00fck ofis geni\u015fletme<\/strong> s\u00fcrecinizde yarat\u0131c\u0131l\u0131\u011f\u0131n\u0131z\u0131 kullanmaktan \u00e7ekinmeyin.<\/p><h2 class=\"wp-block-heading\">S\u0131k\u00e7a Sorulan Sorular<\/h2><h3 class=\"wp-block-heading\">K\u00fc\u00e7\u00fck bir ofis alan\u0131n\u0131 nas\u0131l daha geni\u015f g\u00f6sterebilirim?<\/h3><p>K\u00fc\u00e7\u00fck bir ofis alan\u0131n\u0131 daha geni\u015f g\u00f6stermek i\u00e7in a\u00e7\u0131k renk paletleri kullanmak \u00f6nemlidir. Duvarlar\u0131 ve mobilyalar\u0131 a\u00e7\u0131k tonlarla boyamak, alan\u0131n ferah g\u00f6r\u00fcnmesine yard\u0131mc\u0131 olur. Aynalar kullanmak da etkili bir y\u00f6ntemdir; duvarda bir ayna, derinlik hissi yaratarak oday\u0131 geni\u015fletir. Ayr\u0131ca, mobilyalar\u0131n yerle\u015fimini dikkatlice planlamak, gereksiz da\u011f\u0131n\u0131kl\u0131\u011f\u0131 \u00f6nleyerek ferah bir alan yarat\u0131r.<\/p><h3 class=\"wp-block-heading\">Ayd\u0131nlatman\u0131n ofis alan\u0131n\u0131 geni\u015f g\u00f6stermeye etkisi nedir?<\/h3><p>Ayd\u0131nlatma, ofis alan\u0131n\u0131n atmosferini b\u00fcy\u00fck \u00f6l\u00e7\u00fcde etkiler. Geni\u015f bir alan havas\u0131 yaratmak i\u00e7in do\u011fal \u0131\u015f\u0131\u011f\u0131 maksimize etmek ve yapay \u0131\u015f\u0131klar\u0131 iyi bir \u015fekilde yerle\u015ftirmek gerekir. Do\u011fal \u0131\u015f\u0131\u011f\u0131n girmesini sa\u011flamak i\u00e7in perdeleri a\u00e7\u0131k tutup, a\u00e7\u0131k tonlarda lambalarla alan\u0131 ayd\u0131nlatmak \u00f6nemlidir. I\u015f\u0131k, mekan\u0131 hem ayd\u0131nl\u0131k hem de geni\u015f g\u00f6stererek \u00e7al\u0131\u015fanlar\u0131n ruh halini de olumlu etkiler.<\/p><h3 class=\"wp-block-heading\">Mobilya se\u00e7iminde dikkat edilmesi gerekenler nelerdir?<\/h3><p>K\u00fc\u00e7\u00fck ofislerde mobilya se\u00e7imi, alan\u0131n fonksiyonelli\u011fi ve g\u00f6rselli\u011fi a\u00e7\u0131s\u0131ndan kritik \u00f6neme sahiptir. G\u00fcnl\u00fck i\u015f ak\u0131\u015f\u0131na uygun, \u00e7ok ama\u00e7l\u0131 ve ta\u015f\u0131nmas\u0131 kolay mobilyalar tercih edilmelidir. A\u00e7\u0131k renk ve minimalist tasar\u0131mlar, mekanda yo\u011funluk hissini azaltarak ferah bir g\u00f6r\u00fcn\u00fcm sa\u011flar. Ayr\u0131ca, duvara monte edilebilen raflar gibi alan tasarrufu sa\u011flayan \u00e7\u00f6z\u00fcmler de kullanarak ofisinizi daha ferah hale getirebilirsiniz.<\/p><script type=\"application\/ld+json\">{\"@context\":\"https:\/\/schema.org\",\"@type\":\"FAQPage\",\"mainEntity\":[{\"@type\":\"Question\",\"name\":\"K\u00fc\u00e7\u00fck bir ofis alan\u0131n\u0131 nas\u0131l daha geni\u015f g\u00f6sterebilirim?\",\"acceptedAnswer\":{\"@type\":\"Answer\",\"text\":\"K\u00fc\u00e7\u00fck bir ofis alan\u0131n\u0131 daha geni\u015f g\u00f6stermek i\u00e7in a\u00e7\u0131k renk paletleri kullanmak \u00f6nemlidir. Duvarlar\u0131 ve mobilyalar\u0131 a\u00e7\u0131k tonlarla boyamak, alan\u0131n ferah g\u00f6r\u00fcnmesine yard\u0131mc\u0131 olur. Aynalar kullanmak da etkili bir y\u00f6ntemdir; duvarda bir ayna, derinlik hissi yaratarak oday\u0131 geni\u015fletir. Ayr\u0131ca, mobilyalar\u0131n yerle\u015fimini dikkatlice planlamak, gereksiz da\u011f\u0131n\u0131kl\u0131\u011f\u0131 \u00f6nleyerek ferah bir alan yarat\u0131r.\"}},{\"@type\":\"Question\",\"name\":\"Ayd\u0131nlatman\u0131n ofis alan\u0131n\u0131 geni\u015f g\u00f6stermeye etkisi nedir?\",\"acceptedAnswer\":{\"@type\":\"Answer\",\"text\":\"Ayd\u0131nlatma, ofis alan\u0131n\u0131n atmosferini b\u00fcy\u00fck \u00f6l\u00e7\u00fcde etkiler. Geni\u015f bir alan havas\u0131 yaratmak i\u00e7in do\u011fal \u0131\u015f\u0131\u011f\u0131 maksimize etmek ve yapay \u0131\u015f\u0131klar\u0131 iyi bir \u015fekilde yerle\u015ftirmek gerekir. Do\u011fal \u0131\u015f\u0131\u011f\u0131n girmesini sa\u011flamak i\u00e7in perdeleri a\u00e7\u0131k tutup, a\u00e7\u0131k tonlarda lambalarla alan\u0131 ayd\u0131nlatmak \u00f6nemlidir. I\u015f\u0131k, mekan\u0131 hem ayd\u0131nl\u0131k hem de geni\u015f g\u00f6stererek \u00e7al\u0131\u015fanlar\u0131n ruh halini de olumlu etkiler.\"}},{\"@type\":\"Question\",\"name\":\"Mobilya se\u00e7iminde dikkat edilmesi gerekenler nelerdir?\",\"acceptedAnswer\":{\"@type\":\"Answer\",\"text\":\"K\u00fc\u00e7\u00fck ofislerde mobilya se\u00e7imi, alan\u0131n fonksiyonelli\u011fi ve g\u00f6rselli\u011fi a\u00e7\u0131s\u0131ndan kritik \u00f6neme sahiptir. G\u00fcnl\u00fck i\u015f ak\u0131\u015f\u0131na uygun, \u00e7ok ama\u00e7l\u0131 ve ta\u015f\u0131nmas\u0131 kolay mobilyalar tercih edilmelidir. A\u00e7\u0131k renk ve minimalist tasar\u0131mlar, mekanda yo\u011funluk hissini azaltarak ferah bir g\u00f6r\u00fcn\u00fcm sa\u011flar. Ayr\u0131ca, duvara monte edilebilen raflar gibi alan tasarrufu sa\u011flayan \u00e7\u00f6z\u00fcmler de kullanarak ofisinizi daha ferah hale getirebilirsiniz.\"}}]}<\/script>","protected":false},"excerpt":{"rendered":"<p>K\u00fc\u00e7\u00fck ofisler, zaman zaman dar bir alanda \u00e7al\u0131\u015fmak zorunda kalan bir\u00e7ok ki\u015fi i\u00e7in zorlu bir deneyim olabilir. Ancak, alan\u0131n etkili<\/p>\n","protected":false},"author":5,"featured_media":0,"comment_status":"closed","ping_status":"closed","sticky":false,"template":"","format":"standard","meta":[],"categories":[1],"tags":[],"aioseo_notices":[],"_links":{"self":[{"href":"https:\/\/www.ucicmimarlik.com\/ar\/wp-json\/wp\/v2\/posts\/11093"}],"collection":[{"href":"https:\/\/www.ucicmimarlik.com\/ar\/wp-json\/wp\/v2\/posts"}],"about":[{"href":"https:\/\/www.ucicmimarlik.com\/ar\/wp-json\/wp\/v2\/types\/post"}],"author":[{"embeddable":true,"href":"https:\/\/www.ucicmimarlik.com\/ar\/wp-json\/wp\/v2\/users\/5"}],"replies":[{"embeddable":true,"href":"https:\/\/www.ucicmimarlik.com\/ar\/wp-json\/wp\/v2\/comments?post=11093"}],"version-history":[{"count":2,"href":"https:\/\/www.ucicmimarlik.com\/ar\/wp-json\/wp\/v2\/posts\/11093\/revisions"}],"predecessor-version":[{"id":11416,"href":"https:\/\/www.ucicmimarlik.com\/ar\/wp-json\/wp\/v2\/posts\/11093\/revisions\/11416"}],"wp:attachment":[{"href":"https:\/\/www.ucicmimarlik.com\/ar\/wp-json\/wp\/v2\/media?parent=11093"}],"wp:term":[{"taxonomy":"category","embeddable":true,"href":"https:\/\/www.ucicmimarlik.com\/ar\/wp-json\/wp\/v2\/categories?post=11093"},{"taxonomy":"post_tag","embeddable":true,"href":"https:\/\/www.ucicmimarlik.com\/ar\/wp-json\/wp\/v2\/tags?post=11093"}],"curies":[{"name":"wp","href":"https:\/\/api.w.org\/{rel}","templated":true}]}}