{"id":11088,"date":"2026-02-23T14:54:37","date_gmt":"2026-02-23T11:54:37","guid":{"rendered":"https:\/\/www.ucicmimarlik.com\/konut-dekorasyonunda-fonksiyonellik-nasil-saglanir\/"},"modified":"2026-02-28T12:00:58","modified_gmt":"2026-02-28T09:00:58","slug":"konut-dekorasyonunda-fonksiyonellik-nasil-saglanir","status":"publish","type":"post","link":"https:\/\/www.ucicmimarlik.com\/ar\/konut-dekorasyonunda-fonksiyonellik-nasil-saglanir\/","title":{"rendered":"Konut Dekorasyonunda Fonksiyonellik Nas\u0131l Sa\u011flan\u0131r?"},"content":{"rendered":"<p>Konut dekorasyonunda estetik ve i\u015flevselli\u011fi bir araya getirmek, her evin kalitesini art\u0131rman\u0131n anahtar\u0131d\u0131r. <strong>Konut dekorasyon fonksiyonelli\u011fi<\/strong>, ya\u015fam alanlar\u0131n\u0131n ihtiya\u00e7lar\u0131n\u0131 en iyi \u015fekilde kar\u015f\u0131lamay\u0131 sa\u011flamakla kalmaz, ayn\u0131 zamanda dekoratif unsurlar\u0131n da uyum i\u00e7inde yer almas\u0131na olanak tan\u0131r. Bu yaz\u0131da, fonksiyonel alan tasar\u0131m\u0131n\u0131n estetikle nas\u0131l dengelenece\u011fini, mobilya se\u00e7imlerinin fonksiyonellik \u00fczerindeki etkilerini ve k\u00fc\u00e7\u00fck alanlarda pratik \u00e7\u00f6z\u00fcmler geli\u015ftirme yollar\u0131n\u0131 ke\u015ffedece\u011fiz. B\u00f6ylece, dekorasyon yaparken hem g\u00f6z zevkinizi hem de pratik ihtiya\u00e7lar\u0131n\u0131z\u0131 dikkate alarak en iyi sonu\u00e7lar\u0131 alabilirsiniz.<\/p><h2 class=\"wp-block-heading\">Konut Dekorasyon Fonksiyonelli\u011fi Nedir?<\/h2><p><strong>Konut dekorasyon fonksiyonelli\u011fi<\/strong>, bir ya\u015fam alan\u0131n\u0131n sadece estetik a\u00e7\u0131dan de\u011fil, ayn\u0131 zamanda kullan\u0131m a\u00e7\u0131s\u0131ndan da verimli olmas\u0131n\u0131 ifade eder. Bu kavram, evin farkl\u0131 b\u00f6l\u00fcmlerinin, bireylerin ihtiya\u00e7lar\u0131na g\u00f6re tasarland\u0131\u011f\u0131 ve her alan\u0131n belirli bir amaca hizmet etti\u011fi anlam\u0131na gelir. \u00d6rne\u011fin; bir oturma odas\u0131nda sadece \u015f\u0131k bir g\u00f6r\u00fcn\u00fcm de\u011fil, ayn\u0131 zamanda rahat oturma, ayd\u0131nlatma ve sosyalle\u015fme alanlar\u0131 da d\u00fc\u015f\u00fcn\u00fclmelidir.<\/p><p>Fonksiyonellik, ya\u015fam alanlar\u0131n\u0131n tasar\u0131m\u0131nda \u00f6ncelikli bir fakt\u00f6rd\u00fcr \u00e7\u00fcnk\u00fc insanlar, geldikleri evde hem konfor ararlar hem de i\u015flevsellik beklerler. Modern hayat\u0131n getirdi\u011fi h\u0131zl\u0131 de\u011fi\u015fimlerle birlikte, bireyler daha s\u0131n\u0131rl\u0131 alanlarda ya\u015famakta ve bu alanlar\u0131n maksimum verimle kullan\u0131lmas\u0131 gerekti\u011fini hissetmektedirler. Bu ba\u011flamda, <strong>konut dekorasyon fonksiyonelli\u011fi<\/strong>, alan\u0131n b\u00fcy\u00fckl\u00fc\u011f\u00fc ve sahip olunan e\u015fyalar aras\u0131nda bir denge kurarak hem pratik hem de g\u00f6rsel bir toplam olu\u015fturmay\u0131 ama\u00e7lar.<\/p><p>Konut <a href=\"https:\/\/www.kelebek.com\/blog-minimalist-ev-dekorasyonu-nasil-yapilir-ipuclari\" target=\"_blank\" rel=\"noopener\">dekorasyonunda<\/a> fonksiyonellik, yaln\u0131zca mobilyalar\u0131n yerle\u015ftirilmesiyle ilgili de\u011fildir. \u00d6rne\u011fin, yerden tasarruf sa\u011flayacak mobilyalar, \u00e7ok i\u015flevli e\u015fyalar ya da alan\u0131 daha iyi kullanmaya y\u00f6nelik depolama sistemleri tasarlamak, bu kavram\u0131n temellerini olu\u015fturur. Evin \u00e7e\u015fitli b\u00f6l\u00fcmlerinin i\u015flevselli\u011fi, ayn\u0131 zamanda evin genel atmosferini de etkileyerek; ferahl\u0131k, sakinlik ve huzur havas\u0131 yarat\u0131r. B\u00f6ylece, ya\u015fayanlar\u0131n psikolojik ve fiziksel konforunu art\u0131r\u0131r.<\/p><p>Sonu\u00e7 olarak, yap\u0131lacak olan her dekorasyon \u00e7al\u0131\u015fmas\u0131nda fonksiyonelli\u011fin g\u00f6z \u00f6n\u00fcnde bulundurulmas\u0131, ya\u015fam alanlar\u0131n\u0131z\u0131 daha kullan\u0131\u015fl\u0131, estetik ve konforlu hale getirecektir.<\/p><h2 class=\"wp-block-heading\">Fonksiyonel Alan Tasar\u0131m\u0131 ile Estetik Denge<\/h2><p>Konut dekorasyonunda <strong>fonksiyonel alan tasar\u0131m\u0131<\/strong>, estetik ve pratikli\u011fin m\u00fckemmel bir \u015fekilde harmanland\u0131\u011f\u0131 bir yakla\u015f\u0131m\u0131 ifade eder. Bu tasar\u0131m felsefesi, mekan\u0131n sadece g\u00f6rsel olarak \u00e7ekici olmas\u0131 de\u011fil, ayn\u0131 zamanda kullan\u0131\u015fl\u0131 ve ama\u00e7lar\u0131na hizmet etmesi gerekti\u011fini vurgular. Dolay\u0131s\u0131yla, evlerimize hayat katarken i\u015flevselli\u011fi g\u00f6z ard\u0131 etmemek \u00f6nemlidir.<\/p><p><strong>Estetik denge<\/strong> sa\u011flamak i\u00e7in \u00f6ncelikle alan\u0131n kullan\u0131m amac\u0131n\u0131 net bir \u015fekilde belirlemek gerekir. Bu ba\u011flamda, farkl\u0131 i\u015flevleri yerine getiren alanlar aras\u0131nda do\u011fru bir denge kurmak, kullan\u0131c\u0131lar\u0131n hayat kalitesini art\u0131r\u0131r. \u00d6rne\u011fin, oturma odas\u0131ndaki koltuk d\u00fczeni, hem rahatl\u0131k sunmal\u0131 hem de sosyalle\u015fmek i\u00e7in uygun bir ortam sa\u011flamal\u0131d\u0131r. Bu t\u00fcr d\u00fczenlemeler, evdeki sosyal etkile\u015fimleri destekleyerek hem estetik a\u00e7\u0131dan ho\u015f hem de fonksiyonel bir alan olu\u015fturur.<\/p><p>Ayr\u0131ca, yerle\u015ftirilen her bir mobilyan\u0131n \u00f6l\u00e7\u00fcleri ve konumu da \u00f6nemli bir rol oynamaktad\u0131r. Sayfan\u0131zda yer alan yere uygun, \u00e7ok i\u015flevli ve hafif ta\u015f\u0131nabilir mobilyalar se\u00e7ilmesi durumunda, alan\u0131n genel g\u00f6r\u00fcn\u00fcm\u00fc betimleyici bir denge kurar. \u00d6rne\u011fin; depolama i\u015flevi g\u00f6ren puflar ya da d\u00f6n\u00fc\u015ft\u00fcr\u00fclebilir masalar, hem estetik hem de <strong>fonksiyonel alan tasar\u0131m\u0131<\/strong> a\u00e7\u0131s\u0131ndan avantaj sa\u011flar.<\/p><p>Kullan\u0131lan renk ve dokular da mekan\u0131n alg\u0131lanmas\u0131nda b\u00fcy\u00fck rol oynar. A\u00e7\u0131k tonlar, alan\u0131n ferah g\u00f6r\u00fcnmesini sa\u011flarken, z\u0131t renkler kullan\u0131larak dikkat \u00e7ekici noktalar olu\u015fturulabilir. B\u00f6ylece, alan \u00fczerinde estetik bir zenginlik yarat\u0131l\u0131rken, mekan\u0131n i\u015flevselli\u011fi de korunmu\u015f olur.<\/p><p>Sonu\u00e7 olarak, fonksiyonel alan tasar\u0131m\u0131 ile estetik denge, ya\u015fam alanlar\u0131m\u0131z\u0131n daha kaliteli ve i\u015flevsel hale gelmesine olanak tan\u0131r. Bu sayede hem g\u00f6z zevki hem de pratik kullan\u0131m a\u00e7\u0131s\u0131ndan tatmin edici bir ortam yaratmak m\u00fcmk\u00fcn olur.<\/p><h2 class=\"wp-block-heading\">Mobilya Se\u00e7iminin Fonksiyonellik \u00dczerindeki Etkisi<\/h2><p>Konut dekorasyonunda ba\u015far\u0131l\u0131 bir \u015fekilde <strong>fonksiyonelli\u011fi<\/strong> sa\u011flamak, do\u011fru mobilya se\u00e7imi ile do\u011frudan ili\u015fkilidir. Mobilyalar, yaln\u0131zca g\u00f6rsellik sunmakla kalmaz, ayn\u0131 zamanda ya\u015fam alan\u0131m\u0131z\u0131n i\u015flevselli\u011fini de belirler. Bu nedenle, her mobilya par\u00e7as\u0131n\u0131n hem estetik hem de pratik a\u00e7\u0131dan d\u00fc\u015f\u00fcn\u00fclerek se\u00e7ilmesi gerekir.<\/p><p>Mobilya se\u00e7erken dikkat edilmesi gereken en \u00f6nemli unsurlardan biri, alan\u0131n b\u00fcy\u00fckl\u00fc\u011f\u00fcd\u00fcr. <em>K\u00fc\u00e7\u00fck alanlarda<\/em> ya\u015famaya \u00e7al\u0131\u015fan bireyler i\u00e7in \u00e7ok i\u015flevli mobilyalar ideal birer tercihtir. \u00d6rne\u011fin, a\u00e7\u0131l\u0131r-kapan\u0131r masa ya da depolama alan\u0131 bar\u0131nd\u0131ran oturma gruplar\u0131, alan\u0131 daha etkili kullanmay\u0131 sa\u011flar. Bu t\u00fcr mobilyalar, yerden tasarruf etmenin yan\u0131 s\u0131ra i\u015flevselli\u011fi art\u0131r\u0131rken estetik kayg\u0131lar\u0131 da g\u00f6z \u00f6n\u00fcnde bulundurur.<\/p><p>Ayr\u0131ca, mobilyan\u0131n hangi malzemeden yap\u0131ld\u0131\u011f\u0131 ve tasar\u0131m\u0131n\u0131n ne kadar ergonomik oldu\u011fu da \u00f6nemlidir. Ergonomik tasar\u0131mlar, konforun yan\u0131nda kullan\u0131m kolayl\u0131\u011f\u0131 sunarak g\u00fcnl\u00fck ya\u015fant\u0131y\u0131 daha pratik hale getirir. \u00d6rne\u011fin, ayarlanabilir y\u00fckseklikteki bir sandalye veya fonksiyonel bir sehpa, kullan\u0131c\u0131n\u0131n ihtiya\u00e7lar\u0131na g\u00f6re \u015fekillenir.<\/p><p>Mobilya se\u00e7iminde di\u011fer bir dikkat edilmesi gereken nokta ise renk ve doku uyumudur. A\u00e7\u0131k tonlar, alan\u0131 daha geni\u015f g\u00f6sterirken, koyu tonlar ise s\u0131cak bir atmosfer yarat\u0131r. Doku \u00e7e\u015fitlili\u011fi ile de mek\u00e2n\u0131n\u0131za derinlik katabilirsiniz. Bu nedenle, se\u00e7ti\u011finiz mobilyalar\u0131n yaln\u0131zca fonksiyonel olmas\u0131 de\u011fil, ayn\u0131 zamanda i\u00e7 mekan tasar\u0131m\u0131n\u0131za uyum sa\u011flamas\u0131 da \u00f6nemlidir.<\/p><p>Sonu\u00e7 olarak, mobilya se\u00e7iminiz, <strong>konut dekorasyon fonksiyonelli\u011fi<\/strong> \u00fczerinde belirleyici bir etkiye sahiptir. \u0130\u015flevselli\u011fi art\u0131ran, \u00e7e\u015fitli kullan\u0131m alanlar\u0131 sunan ve estetik fakt\u00f6rleri de g\u00f6z \u00f6n\u00fcnde bulunduran mobilyalar, ya\u015fam alanlar\u0131n\u0131zda hem g\u00fczellik hem de pratiklik yaratacakt\u0131r.<\/p><h2 class=\"wp-block-heading\">K\u00fc\u00e7\u00fck Alanlarda Fonksiyonellik Sa\u011flaman\u0131n Yollar\u0131<\/h2><p>K\u00fc\u00e7\u00fck alanlarda ya\u015fam, genellikle zorluklarla doludur. Ancak do\u011fru tasar\u0131m ve stratejilerle bu alanlar hem i\u015flevsel hem de estetik hale getirilebilir. \u0130lk ad\u0131m olarak, <strong>konut dekorasyon fonksiyonelli\u011fi<\/strong> i\u00e7in ak\u0131ll\u0131ca bir alan planlamas\u0131 yapmal\u0131y\u0131z. Bu, alan\u0131n her k\u00f6\u015fesini de\u011ferlendirmek ve kullan\u0131lmayan alanlar\u0131 i\u015flevsel hale getirmek anlam\u0131na geliyor.<\/p><p>Mobilya se\u00e7iminde ise \u00e7ok y\u00f6nl\u00fc par\u00e7alar tercih etmek \u00f6nemlidir. \u00d6rne\u011fin, bir kanepe yatak olabiliyorsa veya sehpa depolama alan\u0131 sunuyorsa, bu gibi tasar\u0131mlar k\u00fc\u00e7\u00fck alanlarda b\u00fcy\u00fck avantaj sa\u011flar. Ayr\u0131ca, mod\u00fcler mobilyalar, gerekti\u011finde farkl\u0131 \u015fekillerde kullan\u0131labilme \u00f6zelli\u011fi ile yer tasarrufu sa\u011flar.<\/p><p>Duvarda yer alan raf sistemleri, kitaplar\u0131n\u0131z\u0131, dekoratif e\u015fyalar\u0131n\u0131z\u0131 veya di\u011fer g\u00fcnl\u00fck e\u015fyalar\u0131n\u0131z\u0131 sergilemek i\u00e7in m\u00fckemmel bir \u00e7\u00f6z\u00fcmd\u00fcr. B\u00f6ylece d\u00f6\u015fenmi\u015f bir alan yarat\u0131rken, yerden tasarruf etmi\u015f olursunuz. Ayr\u0131ca, duvarlar\u0131 ayna ile kaplamak, alan\u0131n daha geni\u015f g\u00f6r\u00fcnmesini sa\u011flayarak, ferahl\u0131k hissi yarat\u0131r.<\/p><p>K\u00fc\u00e7\u00fck mutfaklarda ise, kayar kapakl\u0131 dolaplar ve a\u00e7\u0131l\u0131r kapan\u0131r masalar gibi ak\u0131ll\u0131 \u00e7\u00f6z\u00fcmler kullanmak, alan\u0131n kullan\u0131\u015fl\u0131l\u0131\u011f\u0131n\u0131 art\u0131r\u0131r. Her e\u015fya yerli yerinde konumland\u0131\u011f\u0131nda, mutfa\u011f\u0131n\u0131zda i\u015flevsellik sa\u011flan\u0131r. Mobilya kombini yaparken ise, a\u00e7\u0131k renk tonlar\u0131 kullanmak, mekan\u0131n ferah g\u00f6r\u00fcnmesine yard\u0131mc\u0131 olur.<\/p><p>Son olarak, dekoratif unsurlar\u0131 minimumda tutarak, g\u00f6z yormayan bir atmosfer yaratmak da \u00f6nemlidir. Renk paletlerini sadelikte tutmak, g\u00f6rsel karma\u015fay\u0131 azaltarak, bu k\u00fc\u00e7\u00fck alanlar\u0131n daha derli toplu g\u00f6r\u00fcnmesini sa\u011flar. Bu y\u00f6ntemler, k\u00fc\u00e7\u00fck alanlarda <strong>konut dekorasyon fonksiyonelli\u011fi<\/strong> sa\u011flaman\u0131n anahtar noktalar\u0131d\u0131r.<\/p><h2 class=\"wp-block-heading\">S\u0131k\u00e7a Sorulan Sorular<\/h2><h3 class=\"wp-block-heading\">Konut dekorasyonunda fonksiyonellik neden \u00f6nemlidir?<\/h3><p>Konut dekorasyonunda fonksiyonellik, ya\u015fam alanlar\u0131n\u0131n daha kullan\u0131\u015fl\u0131 ve verimli hale gelmesini sa\u011flar. Fonksiyonel alanlar, bireylerin g\u00fcnl\u00fck hayatlar\u0131n\u0131 kolayla\u015ft\u0131r\u0131r, mekan\u0131 daha d\u00fczenli ve rahat bir hale getirir. \u00d6rne\u011fin, \u00e7ok ama\u00e7l\u0131 mobilyalar kullanarak bir oday\u0131 \u00e7e\u015fitli \u015fekillerde de\u011ferlendirmek m\u00fcmk\u00fcnd\u00fcr. B\u00f6ylece, hem estetik hem de pratik bir ya\u015fam alan\u0131 olu\u015fturmak hedeflenir.<\/p><h3 class=\"wp-block-heading\">Fonksiyonel dekorasyon i\u00e7in hangi mobilyalar tercih edilmelidir?<\/h3><p>Fonksiyonel dekorasyon i\u00e7in genellikle \u00e7ok ama\u00e7l\u0131, katlanabilir veya depolama alan\u0131 sunan mobilyalar tercih edilmelidir. \u00d6rne\u011fin, canap\u00e9 yataklar, geni\u015f depolama alan\u0131 sunan sehpalar ya da katlanabilir yemek masalar\u0131, hem \u015f\u0131k g\u00f6r\u00fcn\u00fcm sa\u011flar hem de alan\u0131n verimli kullan\u0131lmas\u0131na katk\u0131da bulunur. Se\u00e7ilecek mobilyalar, mekan\u0131n boyutuna ve kullan\u0131m amac\u0131na g\u00f6re uyumlu olmal\u0131d\u0131r.<\/p><h3 class=\"wp-block-heading\">K\u00fc\u00e7\u00fck alanlarda fonksiyonellik nas\u0131l art\u0131r\u0131labilir?<\/h3><p>K\u00fc\u00e7\u00fck alanlarda fonksiyonelli\u011fi art\u0131rmak i\u00e7in baz\u0131 stratejiler izlenebilir. \u00d6ncelikle, a\u00e7\u0131k renkli duvar boyalar\u0131 ve ayd\u0131nlatmalar se\u00e7mek alan\u0131n daha geni\u015f g\u00f6r\u00fcnmesini sa\u011flar. \u0130kinci olarak, duvara monte raflar ve yerden tasarruf sa\u011flayan mobilyalar ile yer kazan\u0131m\u0131 yap\u0131labilir. Ayr\u0131ca, alan\u0131 b\u00f6lmek i\u00e7in \u015feffaf paravanlar veya ince perdeler kullanmak, g\u00f6rsel bir ayr\u0131cal\u0131k yaratarak alan\u0131n fonksiyonelli\u011fini art\u0131r\u0131r.<\/p><script type=\"application\/ld+json\">{\"@context\":\"https:\/\/schema.org\",\"@type\":\"FAQPage\",\"mainEntity\":[{\"@type\":\"Question\",\"name\":\"Konut dekorasyonunda fonksiyonellik neden \u00f6nemlidir?\",\"acceptedAnswer\":{\"@type\":\"Answer\",\"text\":\"Konut dekorasyonunda fonksiyonellik, ya\u015fam alanlar\u0131n\u0131n daha kullan\u0131\u015fl\u0131 ve verimli hale gelmesini sa\u011flar. Fonksiyonel alanlar, bireylerin g\u00fcnl\u00fck hayatlar\u0131n\u0131 kolayla\u015ft\u0131r\u0131r, mekan\u0131 daha d\u00fczenli ve rahat bir hale getirir. \u00d6rne\u011fin, \u00e7ok ama\u00e7l\u0131 mobilyalar kullanarak bir oday\u0131 \u00e7e\u015fitli \u015fekillerde de\u011ferlendirmek m\u00fcmk\u00fcnd\u00fcr. B\u00f6ylece, hem estetik hem de pratik bir ya\u015fam alan\u0131 olu\u015fturmak hedeflenir.\"}},{\"@type\":\"Question\",\"name\":\"Fonksiyonel dekorasyon i\u00e7in hangi mobilyalar tercih edilmelidir?\",\"acceptedAnswer\":{\"@type\":\"Answer\",\"text\":\"Fonksiyonel dekorasyon i\u00e7in genellikle \u00e7ok ama\u00e7l\u0131, katlanabilir veya depolama alan\u0131 sunan mobilyalar tercih edilmelidir. \u00d6rne\u011fin, canap\u00e9 yataklar, geni\u015f depolama alan\u0131 sunan sehpalar ya da katlanabilir yemek masalar\u0131, hem \u015f\u0131k g\u00f6r\u00fcn\u00fcm sa\u011flar hem de alan\u0131n verimli kullan\u0131lmas\u0131na katk\u0131da bulunur. Se\u00e7ilecek mobilyalar, mekan\u0131n boyutuna ve kullan\u0131m amac\u0131na g\u00f6re uyumlu olmal\u0131d\u0131r.\"}},{\"@type\":\"Question\",\"name\":\"K\u00fc\u00e7\u00fck alanlarda fonksiyonellik nas\u0131l art\u0131r\u0131labilir?\",\"acceptedAnswer\":{\"@type\":\"Answer\",\"text\":\"K\u00fc\u00e7\u00fck alanlarda fonksiyonelli\u011fi art\u0131rmak i\u00e7in baz\u0131 stratejiler izlenebilir. \u00d6ncelikle, a\u00e7\u0131k renkli duvar boyalar\u0131 ve ayd\u0131nlatmalar se\u00e7mek alan\u0131n daha geni\u015f g\u00f6r\u00fcnmesini sa\u011flar. \u0130kinci olarak, duvara monte raflar ve yerden tasarruf sa\u011flayan mobilyalar ile yer kazan\u0131m\u0131 yap\u0131labilir. Ayr\u0131ca, alan\u0131 b\u00f6lmek i\u00e7in \u015feffaf paravanlar veya ince perdeler kullanmak, g\u00f6rsel bir ayr\u0131cal\u0131k yaratarak alan\u0131n fonksiyonelli\u011fini art\u0131r\u0131r.\"}}]}<\/script>","protected":false},"excerpt":{"rendered":"<p>Konut dekorasyonunda estetik ve i\u015flevselli\u011fi bir araya getirmek, her evin kalitesini art\u0131rman\u0131n anahtar\u0131d\u0131r. Konut dekorasyon fonksiyonelli\u011fi, ya\u015fam alanlar\u0131n\u0131n ihtiya\u00e7lar\u0131n\u0131 en<\/p>\n","protected":false},"author":5,"featured_media":0,"comment_status":"closed","ping_status":"closed","sticky":false,"template":"","format":"standard","meta":[],"categories":[1],"tags":[],"aioseo_notices":[],"_links":{"self":[{"href":"https:\/\/www.ucicmimarlik.com\/ar\/wp-json\/wp\/v2\/posts\/11088"}],"collection":[{"href":"https:\/\/www.ucicmimarlik.com\/ar\/wp-json\/wp\/v2\/posts"}],"about":[{"href":"https:\/\/www.ucicmimarlik.com\/ar\/wp-json\/wp\/v2\/types\/post"}],"author":[{"embeddable":true,"href":"https:\/\/www.ucicmimarlik.com\/ar\/wp-json\/wp\/v2\/users\/5"}],"replies":[{"embeddable":true,"href":"https:\/\/www.ucicmimarlik.com\/ar\/wp-json\/wp\/v2\/comments?post=11088"}],"version-history":[{"count":2,"href":"https:\/\/www.ucicmimarlik.com\/ar\/wp-json\/wp\/v2\/posts\/11088\/revisions"}],"predecessor-version":[{"id":11359,"href":"https:\/\/www.ucicmimarlik.com\/ar\/wp-json\/wp\/v2\/posts\/11088\/revisions\/11359"}],"wp:attachment":[{"href":"https:\/\/www.ucicmimarlik.com\/ar\/wp-json\/wp\/v2\/media?parent=11088"}],"wp:term":[{"taxonomy":"category","embeddable":true,"href":"https:\/\/www.ucicmimarlik.com\/ar\/wp-json\/wp\/v2\/categories?post=11088"},{"taxonomy":"post_tag","embeddable":true,"href":"https:\/\/www.ucicmimarlik.com\/ar\/wp-json\/wp\/v2\/tags?post=11088"}],"curies":[{"name":"wp","href":"https:\/\/api.w.org\/{rel}","templated":true}]}}