{"id":11047,"date":"2026-02-23T14:53:44","date_gmt":"2026-02-23T11:53:44","guid":{"rendered":"https:\/\/www.ucicmimarlik.com\/kucuk-banyolar-nasil-daha-kullanisli-hale-getirilir\/"},"modified":"2026-02-28T12:02:36","modified_gmt":"2026-02-28T09:02:36","slug":"kucuk-banyolar-nasil-daha-kullanisli-hale-getirilir","status":"publish","type":"post","link":"https:\/\/www.ucicmimarlik.com\/ar\/kucuk-banyolar-nasil-daha-kullanisli-hale-getirilir\/","title":{"rendered":"K\u00fc\u00e7\u00fck banyolar nas\u0131l daha kullan\u0131\u015fl\u0131 hale getirilir?"},"content":{"rendered":"<p>K\u00fc\u00e7\u00fck banyolar, evlerimizin en \u00f6nemli alanlar\u0131ndan biri olmas\u0131na ra\u011fmen, s\u0131n\u0131rl\u0131 alana sahip olmalar\u0131 nedeniyle genellikle kullan\u0131m a\u00e7\u0131s\u0131ndan zorluklar yarat\u0131r. Ancak, do\u011fru depolama \u00e7\u00f6z\u00fcmleri ve \u015f\u0131k tasar\u0131m yakla\u015f\u0131mlar\u0131 ile bu alanlar\u0131 \u00e7ok daha i\u015flevsel hale getirmek m\u00fcmk\u00fcnd\u00fcr. Bu yaz\u0131da, <strong>K\u00fc\u00e7\u00fck banyo kullan\u0131\u015fl\u0131 hale getirme<\/strong> konusunda ihtiyac\u0131n\u0131z olan pratik ipu\u00e7lar\u0131n\u0131 ve \u00f6nerileri bulacaks\u0131n\u0131z. Hem estetik hem de i\u015flevsellik arayanlar i\u00e7in ideal \u00e7\u00f6z\u00fcmleri ke\u015ffetmeye haz\u0131r m\u0131s\u0131n\u0131z? Haydi, banyolar\u0131m\u0131z\u0131 ferah ve d\u00fczenli hale getirecek fikirleri birlikte inceleyelim!<\/p><h2 class=\"wp-block-heading\">K\u00fc\u00e7\u00fck banyo kullan\u0131\u015fl\u0131 hale getirme i\u00e7in pratik depolama \u00e7\u00f6z\u00fcmleri<\/h2><p>K\u00fc\u00e7\u00fck banyolar, s\u0131n\u0131rl\u0131 alanlar\u0131 nedeniyle d\u00fczenleme konusunda zorluklar \u00e7\u0131karabilir. Ancak, pratik depolama \u00e7\u00f6z\u00fcmleri ile bu alanlar\u0131 daha kullan\u0131\u015fl\u0131 hale getirmek m\u00fcmk\u00fcnd\u00fcr. \u00d6ncelikle, <em>duvara monte raflar<\/em> kullanarak yerden tasarruf edebilirsiniz. Bu raflar, g\u00fcnl\u00fck ihtiya\u00e7 duyulan e\u015fyalar\u0131 d\u00fczenli bir \u015fekilde saklamak i\u00e7in idealdir.<\/p><p>Ayr\u0131ca, <em>\u00e7ok ama\u00e7l\u0131 dolaplar<\/em> kullanarak banyodaki her e\u015fyay\u0131 yerli yerine koyabilirsiniz. Bu dolaplar\u0131n kapaklar\u0131, da\u011f\u0131n\u0131kl\u0131\u011f\u0131 gizleyerek g\u00f6ze ho\u015f gelen bir g\u00f6r\u00fcn\u00fcm sa\u011flar. <em>Banyo aksesuarlar\u0131<\/em> i\u00e7in sepetler veya kutular tercih etmek de faydal\u0131 olacakt\u0131r. Bu t\u00fcr saklama \u00e7\u00f6z\u00fcmleri, hem i\u015flevsel hem de dekoratif bir hava katar.<\/p><p>Bununla birlikte, banyonuzun k\u00f6\u015fe alanlar\u0131n\u0131 de\u011ferlendirmek i\u00e7in k\u00f6\u015fe raflar\u0131 veya k\u00f6\u015fe dolaplar\u0131 tercih edebilirsiniz. <em>Ayr\u0131ca, ayakl\u0131 ve yerden y\u00fcksek banyo dolaplar\u0131<\/em> da kullan\u0131m alan\u0131n\u0131 geni\u015fletir. T\u00fcm bu y\u00f6ntemler, alan\u0131 verimli kullanarak banyonuzun daha d\u00fczenli g\u00f6r\u00fcnmesine yard\u0131mc\u0131 olur.<\/p><p>Son olarak, t\u00fcm depolama \u00e7\u00f6z\u00fcmlerini uyumlu bir beyaz e\u015fya ve banyo renginde se\u00e7mek, alan\u0131 daha geni\u015f g\u00f6sterirken g\u00f6z yormayan bir estetik sunar. Bu \u015fekilde, k\u00fc\u00e7\u00fck banyo kullan\u0131\u015fl\u0131 hale getirme s\u00fcrecinde \u00f6nemli ad\u0131mlar atm\u0131\u015f olursunuz.<\/p><figure class=\"wp-block-image\"><img decoding=\"async\" data-src=\"https:\/\/www.ucicmimarlik.com\/wp-content\/uploads\/2026\/02\/kucuk-banyolar-nasil-daha-kullanisli-hale-getirilir-1.jpg\" alt=\"K\u00fc\u00e7\u00fck banyo kullan\u0131\u015fl\u0131 hale getirme\" title=\"K\u00fc\u00e7\u00fck banyo kullan\u0131\u015fl\u0131 hale getirme\" src=\"data:image\/gif;base64,R0lGODlhAQABAAAAACH5BAEKAAEALAAAAAABAAEAAAICTAEAOw==\" class=\"lazyload\"><noscript><img decoding=\"async\" src=\"https:\/\/www.ucicmimarlik.com\/wp-content\/uploads\/2026\/02\/kucuk-banyolar-nasil-daha-kullanisli-hale-getirilir-1.jpg\" alt=\"K\u00fc\u00e7\u00fck banyo kullan\u0131\u015fl\u0131 hale getirme\" title=\"K\u00fc\u00e7\u00fck banyo kullan\u0131\u015fl\u0131 hale getirme\"><\/noscript><\/figure><h2 class=\"wp-block-heading\">Fonksiyonel ve \u015f\u0131k tasar\u0131m yakla\u015f\u0131mlar\u0131<\/h2><p>K\u00fc\u00e7\u00fck banyo alanlar\u0131, do\u011fru tasar\u0131m yakla\u015f\u0131m\u0131yla hem <strong>\u015f\u0131k<\/strong> hem de <strong>fonksiyonel<\/strong> hale getirilebilir. Bu s\u00fcre\u00e7te baz\u0131 temel unsurlar\u0131 g\u00f6z \u00f6n\u00fcnde bulundurmak \u00f6nemlidir. \u00d6ncelikle, renk se\u00e7imi b\u00fcy\u00fck bir etki olu\u015fturur. A\u00e7\u0131k tonlar, mekan\u0131n daha geni\u015f g\u00f6r\u00fcnmesini sa\u011flarken, koyu renkler ise derinlik hissi olu\u015fturabilir. Bu nedenle, banyonuzda a\u00e7\u0131k tonlar\u0131n tercih edilmesi, ferah bir alan yaratman\u0131za yard\u0131mc\u0131 olacakt\u0131r.<\/p><p>Ayr\u0131ca, <strong>minimalist tasar\u0131m<\/strong> anlay\u0131\u015f\u0131n\u0131 benimsemek, karma\u015fadan uzak bir g\u00f6r\u00fcn\u00fcm sa\u011flar. Az e\u015fya ile \u015f\u0131k bir d\u00fczen kurarak, banyoyu daha kullan\u0131\u015fl\u0131 hale getirmek m\u00fcmk\u00fcnd\u00fcr. \u00d6rne\u011fin, duvara monte raflar kullanarak yerden tasarruf ederken, gerekli e\u015fyalar\u0131n d\u00fczenli bir \u015fekilde yer almas\u0131n\u0131 sa\u011flayabilirsiniz. Bu raflar\u0131n \u00fczerine koyaca\u011f\u0131n\u0131z dekoratif kutular hem depolama i\u00e7in i\u015flevsel hem de estetik bir g\u00f6r\u00fcn\u00fcm sunar.<\/p><p>Farkl\u0131 dokular ve malzemeler kullanarak bunu zenginle\u015ftirebilirsiniz. Seramik, ah\u015fap ve metal gibi \u00e7e\u015fitli malzemeleri bir arada kullanmak, banyonuza karakter katar. Ayr\u0131ca, aynan\u0131n do\u011fru yerle\u015ftirilmesi ve \u0131\u015f\u0131kland\u0131rma ile birlikte banyonuza derinlik katmak, fonksiyonel ve stil sahibi bir tasar\u0131m olu\u015fturman\u0131z\u0131 sa\u011flar.<\/p><p>Son olarak, ak\u0131ll\u0131 depolama \u00e7\u00f6z\u00fcmleriyle birlikte entegre edilen du\u015fakabin veya k\u00fcvet gibi unsurlar, <strong>k\u00fc\u00e7\u00fck banyo kullan\u0131\u015fl\u0131 hale getirme<\/strong> ad\u0131na \u00f6nemli birer katk\u0131 sunar. Tasar\u0131m\u0131n hem estetik hem de i\u015flevselli\u011fi g\u00f6z \u00f6n\u00fcnde bulundurularak, her k\u00f6\u015fe en iyi \u015fekilde de\u011ferlendirilebilir. Bu \u015fekilde, banyolar\u0131n\u0131zda hem konforlu hem de g\u00f6z al\u0131c\u0131 bir alan yaratabilirsiniz.<\/p><h2 class=\"wp-block-heading\">K\u00fc\u00e7\u00fck banyo kullan\u0131\u015fl\u0131 hale getirme ipu\u00e7lar\u0131 ve \u00f6neriler<\/h2><p>K\u00fc\u00e7\u00fck banyolar, s\u0131n\u0131rl\u0131 alanlar\u0131yla kullan\u0131\u015fl\u0131 ve estetik bir g\u00f6r\u00fcn\u00fcm kazand\u0131rmak i\u00e7in baz\u0131 stratejiler gerektirir. \u0130lk olarak, <em>renk se\u00e7imi<\/em> b\u00fcy\u00fck bir etki yarat\u0131r. A\u00e7\u0131k tonlarda boyalar ve fayanslar, alan\u0131n daha geni\u015f g\u00f6r\u00fcnmesine yard\u0131mc\u0131 olur. \u00d6zellikle beyaz, bej ve pastel tonlar\u0131 gibi renkler tercih edilmelidir.<\/p><p>Ayr\u0131ca, <strong>kullan\u0131\u015fl\u0131 hale getirme<\/strong> i\u015flemi i\u00e7in ayd\u0131nlatma olduk\u00e7a \u00f6nemlidir. \u0130yi bir ayd\u0131nlatma, hem i\u015flevselli\u011fi art\u0131r\u0131r hem de mek\u00e2n\u0131n ruh halini de\u011fi\u015ftirir. Duvara monte ayd\u0131nlatmalar ve ayna \u00f6n\u00fc lambalar\u0131, banyoyu daha ayd\u0131nl\u0131k hale getirebilir.<\/p><p>Depolama \u00e7\u00f6z\u00fcmleri de bir ba\u015fka \u00f6nemli noktad\u0131r. Duvar raflar\u0131 ve ask\u0131 sistemleri kullanarak alan\u0131 verimli bir \u015fekilde de\u011ferlendirebilirsiniz. Bu sayede, gerekli olan malzemeleri g\u00f6z \u00f6n\u00fcnde bulundurarak, hem ula\u015f\u0131m kolayl\u0131\u011f\u0131 sa\u011flan\u0131r hem de bo\u015f alan olu\u015fur. Banyo alt\u0131 dolaplar\u0131 ve sepetler, <em>da\u011f\u0131n\u0131kl\u0131\u011f\u0131 azaltarak<\/em> alan\u0131 d\u00fczenli tutman\u0131za yard\u0131mc\u0131 olacakt\u0131r.<\/p><p>Son olarak, \u00e7ok fonksiyonlu alanlar yaratmak g\u00fcnl\u00fck ya\u015fam\u0131n\u0131z\u0131 kolayla\u015ft\u0131rabilir. \u00d6rne\u011fin, k\u00fcvetin \u00fcst\u00fcn\u00fc d\u00fczenleyerek bir yerle\u015ftirme alan\u0131 olu\u015fturabilir veya katlanabilir bir tabure ile ekstra oturma alan\u0131 sa\u011flayabilirsiniz. Bu k\u00fc\u00e7\u00fck ipu\u00e7lar\u0131, <strong>k\u00fc\u00e7\u00fck banyo kullan\u0131\u015fl\u0131 hale getirme<\/strong> konusunda \u00f6nemli rol oynar ve g\u00fcnl\u00fck hayat\u0131n\u0131z\u0131 daha konforlu hale getirir.<\/p><h2 class=\"wp-block-heading\">S\u0131k\u00e7a Sorulan Sorular<\/h2><h3 class=\"wp-block-heading\">K\u00fc\u00e7\u00fck banyolar\u0131 daha kullan\u0131\u015fl\u0131 hale getirmek i\u00e7in en etkili y\u00f6ntemler nelerdir?<\/h3><p>K\u00fc\u00e7\u00fck banyolar\u0131 daha kullan\u0131\u015fl\u0131 hale getirmek i\u00e7in birka\u00e7 etkili y\u00f6ntem bulunmaktad\u0131r. \u00d6ncelikle, i\u015flevsel mobilyalar ve raflar kullanmak \u00f6nemlidir. Duvara monte raflar, yerden tasarruf sa\u011flar ve s\u0131k s\u0131k kullan\u0131lan e\u015fyalar\u0131n\u0131z\u0131 d\u00fczenli bir \u015fekilde saklaman\u0131za yard\u0131mc\u0131 olur. Ayr\u0131ca, ayna kullan\u0131m\u0131 alan\u0131 geni\u015f g\u00f6sterir. Ayd\u0131nlatmay\u0131 iyi ayarlamak, mekan\u0131n ferah g\u00f6r\u00fcnmesine katk\u0131da bulunur. D\u00f6n\u00fc\u015febilir e\u015fyalar tercih etmek de alan\u0131n verimli kullan\u0131m\u0131n\u0131 sa\u011flar.<\/p><h3 class=\"wp-block-heading\">Banyo depolama alanlar\u0131n\u0131 en iyi \u015fekilde nas\u0131l de\u011ferlendirebilirim?<\/h3><p>Banyo depolama alanlar\u0131n\u0131 de\u011ferlendirmek i\u00e7in dikey alanlar\u0131 kullanmak olduk\u00e7a etkilidir. Y\u00fcksek raflar ve dolaplar, yatay alandan tasarruf etmenizi sa\u011flar. K\u00fc\u00e7\u00fck kutular ve sepetler, e\u015fyalar\u0131n\u0131z\u0131 d\u00fczenli tutman\u0131n yan\u0131 s\u0131ra estetik bir g\u00f6r\u00fcn\u00fcm de kazand\u0131r\u0131r. Ayr\u0131ca, kap\u0131 arkas\u0131na as\u0131labilen ask\u0131lar veya raflar ekleyerek ekstra alan yaratabilirsiniz. Banyodaki bo\u015f k\u00f6\u015feleri de\u011ferlendirerek k\u00fc\u00e7\u00fck depolama \u00e7\u00f6z\u00fcmleri olu\u015fturmak da iyi bir fikir olabilir.<\/p><h3 class=\"wp-block-heading\">K\u00fc\u00e7\u00fck banyoda hangi renkler tercih edilmelidir?<\/h3><p>K\u00fc\u00e7\u00fck banyolarda genellikle a\u00e7\u0131k ve n\u00f6tr renkler tercih etmek alan\u0131n daha geni\u015f ve ferah g\u00f6r\u00fcnmesine yard\u0131mc\u0131 olur. Beyaz, a\u00e7\u0131k gri, pastel tonlar\u0131 gibi renkler, \u0131\u015f\u0131\u011f\u0131 yans\u0131tarak mekan\u0131 ayd\u0131nlat\u0131r. Ayr\u0131ca, tek bir duvarda canl\u0131 bir renk kullanarak odan\u0131n odak noktas\u0131n\u0131 yaratmak da etkili olabilir. Ancak, yer karolar\u0131nda ya da banyo aksesuarlar\u0131nda farkl\u0131 renkler ve desenler kullanmak, banyonun havas\u0131n\u0131 zenginle\u015ftirmek i\u00e7in iyi bir alternatif sunar.<\/p><script type=\"application\/ld+json\">{\"@context\":\"https:\/\/schema.org\",\"@type\":\"FAQPage\",\"mainEntity\":[{\"@type\":\"Question\",\"name\":\"K\u00fc\u00e7\u00fck banyolar\u0131 daha kullan\u0131\u015fl\u0131 hale getirmek i\u00e7in en etkili y\u00f6ntemler nelerdir?\",\"acceptedAnswer\":{\"@type\":\"Answer\",\"text\":\"K\u00fc\u00e7\u00fck banyolar\u0131 daha kullan\u0131\u015fl\u0131 hale getirmek i\u00e7in birka\u00e7 etkili y\u00f6ntem bulunmaktad\u0131r. \u00d6ncelikle, i\u015flevsel mobilyalar ve raflar kullanmak \u00f6nemlidir. Duvara monte raflar, yerden tasarruf sa\u011flar ve s\u0131k s\u0131k kullan\u0131lan e\u015fyalar\u0131n\u0131z\u0131 d\u00fczenli bir \u015fekilde saklaman\u0131za yard\u0131mc\u0131 olur. Ayr\u0131ca, ayna kullan\u0131m\u0131 alan\u0131 geni\u015f g\u00f6sterir. Ayd\u0131nlatmay\u0131 iyi ayarlamak, mekan\u0131n ferah g\u00f6r\u00fcnmesine katk\u0131da bulunur. D\u00f6n\u00fc\u015febilir e\u015fyalar tercih etmek de alan\u0131n verimli kullan\u0131m\u0131n\u0131 sa\u011flar.\"}},{\"@type\":\"Question\",\"name\":\"Banyo depolama alanlar\u0131n\u0131 en iyi \u015fekilde nas\u0131l de\u011ferlendirebilirim?\",\"acceptedAnswer\":{\"@type\":\"Answer\",\"text\":\"Banyo depolama alanlar\u0131n\u0131 de\u011ferlendirmek i\u00e7in dikey alanlar\u0131 kullanmak olduk\u00e7a etkilidir. Y\u00fcksek raflar ve dolaplar, yatay alandan tasarruf etmenizi sa\u011flar. K\u00fc\u00e7\u00fck kutular ve sepetler, e\u015fyalar\u0131n\u0131z\u0131 d\u00fczenli tutman\u0131n yan\u0131 s\u0131ra estetik bir g\u00f6r\u00fcn\u00fcm de kazand\u0131r\u0131r. Ayr\u0131ca, kap\u0131 arkas\u0131na as\u0131labilen ask\u0131lar veya raflar ekleyerek ekstra alan yaratabilirsiniz. Banyodaki bo\u015f k\u00f6\u015feleri de\u011ferlendirerek k\u00fc\u00e7\u00fck depolama \u00e7\u00f6z\u00fcmleri olu\u015fturmak da iyi bir fikir olabilir.\"}},{\"@type\":\"Question\",\"name\":\"K\u00fc\u00e7\u00fck banyoda hangi renkler tercih edilmelidir?\",\"acceptedAnswer\":{\"@type\":\"Answer\",\"text\":\"K\u00fc\u00e7\u00fck banyolarda genellikle a\u00e7\u0131k ve n\u00f6tr renkler tercih etmek alan\u0131n daha geni\u015f ve ferah g\u00f6r\u00fcnmesine yard\u0131mc\u0131 olur. Beyaz, a\u00e7\u0131k gri, pastel tonlar\u0131 gibi renkler, \u0131\u015f\u0131\u011f\u0131 yans\u0131tarak mekan\u0131 ayd\u0131nlat\u0131r. Ayr\u0131ca, tek bir duvarda canl\u0131 bir renk kullanarak odan\u0131n odak noktas\u0131n\u0131 yaratmak da etkili olabilir. Ancak, yer karolar\u0131nda ya da banyo aksesuarlar\u0131nda farkl\u0131 renkler ve desenler kullanmak, banyonun havas\u0131n\u0131 zenginle\u015ftirmek i\u00e7in iyi bir alternatif sunar.\"}}]}<\/script>","protected":false},"excerpt":{"rendered":"<p>K\u00fc\u00e7\u00fck banyolar, evlerimizin en \u00f6nemli alanlar\u0131ndan biri olmas\u0131na ra\u011fmen, s\u0131n\u0131rl\u0131 alana sahip olmalar\u0131 nedeniyle genellikle kullan\u0131m a\u00e7\u0131s\u0131ndan zorluklar yarat\u0131r. Ancak,<\/p>\n","protected":false},"author":5,"featured_media":0,"comment_status":"closed","ping_status":"closed","sticky":false,"template":"","format":"standard","meta":[],"categories":[1],"tags":[],"aioseo_notices":[],"_links":{"self":[{"href":"https:\/\/www.ucicmimarlik.com\/ar\/wp-json\/wp\/v2\/posts\/11047"}],"collection":[{"href":"https:\/\/www.ucicmimarlik.com\/ar\/wp-json\/wp\/v2\/posts"}],"about":[{"href":"https:\/\/www.ucicmimarlik.com\/ar\/wp-json\/wp\/v2\/types\/post"}],"author":[{"embeddable":true,"href":"https:\/\/www.ucicmimarlik.com\/ar\/wp-json\/wp\/v2\/users\/5"}],"replies":[{"embeddable":true,"href":"https:\/\/www.ucicmimarlik.com\/ar\/wp-json\/wp\/v2\/comments?post=11047"}],"version-history":[{"count":2,"href":"https:\/\/www.ucicmimarlik.com\/ar\/wp-json\/wp\/v2\/posts\/11047\/revisions"}],"predecessor-version":[{"id":11367,"href":"https:\/\/www.ucicmimarlik.com\/ar\/wp-json\/wp\/v2\/posts\/11047\/revisions\/11367"}],"wp:attachment":[{"href":"https:\/\/www.ucicmimarlik.com\/ar\/wp-json\/wp\/v2\/media?parent=11047"}],"wp:term":[{"taxonomy":"category","embeddable":true,"href":"https:\/\/www.ucicmimarlik.com\/ar\/wp-json\/wp\/v2\/categories?post=11047"},{"taxonomy":"post_tag","embeddable":true,"href":"https:\/\/www.ucicmimarlik.com\/ar\/wp-json\/wp\/v2\/tags?post=11047"}],"curies":[{"name":"wp","href":"https:\/\/api.w.org\/{rel}","templated":true}]}}