{"id":11015,"date":"2026-02-23T14:53:04","date_gmt":"2026-02-23T11:53:04","guid":{"rendered":"https:\/\/www.ucicmimarlik.com\/ic-mimarlik-hizmeti-almak-neden-onemlidir\/"},"modified":"2026-02-28T11:58:18","modified_gmt":"2026-02-28T08:58:18","slug":"ic-mimarlik-hizmeti-almak-neden-onemlidir","status":"publish","type":"post","link":"https:\/\/www.ucicmimarlik.com\/ar\/ic-mimarlik-hizmeti-almak-neden-onemlidir\/","title":{"rendered":"\u0130\u00e7 mimarl\u0131k hizmeti almak neden \u00f6nemlidir?"},"content":{"rendered":"<p>\u0130\u00e7 mekanlar\u0131n hem estetik hem de fonksiyonel a\u00e7\u0131dan optimum \u015fekilde tasarlanmas\u0131, ya\u015fam alanlar\u0131m\u0131z\u0131n kalitesini do\u011frudan etkiler. Bu ba\u011flamda, <strong>\u0130\u00e7 mimarl\u0131k hizmeti<\/strong> almak, bir\u00e7ok avantaj\u0131 beraberinde getirir. \u00d6zellikle profesyonel bir i\u00e7 mimarla \u00e7al\u0131\u015fmak, tasar\u0131m s\u00fcrecinde sundu\u011fu uzmanl\u0131kla \u00f6nemli bir fark yarat\u0131r. Ayr\u0131ca, i\u00e7 mekan tasar\u0131m\u0131nda dikkat edilmesi gereken unsurlar, sadece g\u00f6rselli\u011fi de\u011fil, ayn\u0131 zamanda mek\u00e2n\u0131n kullan\u0131m verimlili\u011fini de art\u0131r\u0131r. Bu yaz\u0131da, i\u00e7 mimarl\u0131k hizmetlerinin avantajlar\u0131n\u0131 derinlemesine inceleyecek ve profesyonel bir i\u00e7 mimarla \u00e7al\u0131\u015fman\u0131n neden bu kadar \u00f6nemli oldu\u011funu sizlerle payla\u015faca\u011f\u0131z.<\/p><h2 class=\"wp-block-heading\">\u0130\u00e7 Mimarl\u0131k Hizmetlerinin Avantajlar\u0131<\/h2><p><strong>\u0130\u00e7 mimarl\u0131k hizmeti<\/strong> almak, bireylerin hayat\u0131n\u0131 \u00f6nemli \u00f6l\u00e7\u00fcde etkileyen bir\u00e7ok avantaja sahiptir. \u00d6ncelikle, profesyonel bir i\u00e7 mimar, estetik ve i\u015flevselli\u011fi bir araya getirerek ya\u015fam alanlar\u0131n\u0131z\u0131 daha kullan\u0131\u015fl\u0131 hale getirir. G\u00fcn\u00fcm\u00fczde, s\u0131radan kalmaktan uzakla\u015fmak ve mekanlar\u0131n de\u011ferini artt\u0131rmak amac\u0131yla i\u00e7 mek\u00e2n tasar\u0131m\u0131nda uzmanl\u0131k ka\u00e7\u0131n\u0131lmaz bir gereklilik haline gelmi\u015ftir.<\/p><p>Bir di\u011fer avantaj\u0131 ise, <strong><a href=\"https:\/\/www.erdemlimimarlik.com\/ic-mimar-ile-calismak-icin-6-neden\" target=\"_blank\" rel=\"noopener\">i\u00e7 mimarl\u0131k<\/a> hizmeti<\/strong> sayesinde projelerin daha h\u0131zl\u0131 ve verimli bir \u015fekilde tamamlanabilmesidir. Uzmanlar\u0131n deneyimi, projelerde olu\u015fabilecek sorunlar\u0131 \u00f6nceden \u00f6ng\u00f6r\u00fcp \u00e7\u00f6z\u00fcm \u00fcretmeleri konusunda b\u00fcy\u00fck kolayl\u0131k sa\u011flar. Bunun yan\u0131 s\u0131ra, i\u00e7 mimarlar, kaynaklar\u0131 en iyi \u015fekilde de\u011ferlendirecek stratejiler geli\u015ftirebilir; bu da b\u00fct\u00e7enizi kontrol alt\u0131nda tutman\u0131za olanak tan\u0131r. Gereksiz harcamalar\u0131 \u00f6nleyerek tasar\u0131m\u0131n kalitesini art\u0131rmak, profesyonel bir i\u00e7 mimar\u0131n sundu\u011fu en \u00f6nemli faydalardan biridir.<\/p><p>Ayr\u0131ca, i\u00e7 mimarl\u0131k hizmetleri, bireylerin ki\u015fisel zevklerini ve ya\u015fam tarzlar\u0131n\u0131 yans\u0131tan mekanlar olu\u015fturmaya yard\u0131mc\u0131 olur. \u0130\u00e7 mimarlar, sizinle birebir \u00e7al\u0131\u015farak, ihtiya\u00e7lar\u0131n\u0131za ve isteklerinize uygun \u00f6zel \u00e7\u00f6z\u00fcmler sunar. Bu bireysel yakla\u015f\u0131m, ya\u015fam alanlar\u0131n\u0131z\u0131n yaln\u0131zca estetik de\u011fil, ayn\u0131 zamanda ruhsal ve duygusal bir tatmin sa\u011flamas\u0131na katk\u0131da bulunur.<\/p><p>Son olarak, i\u00e7 mimarl\u0131k hizmetleri, mek\u00e2nlar\u0131n de\u011ferini art\u0131r\u0131r. \u0130yi tasarlanm\u0131\u015f bir i\u00e7 mekan, sadece g\u00fcnl\u00fck ya\u015fam kalitesini y\u00fckseltmekle kalmaz; ayn\u0131 zamanda gayrimenkul de\u011ferini de \u00f6nemli \u00f6l\u00e7\u00fcde art\u0131rabiliyor. Dolay\u0131s\u0131yla, i\u00e7 mek\u00e2n tasar\u0131m\u0131na yap\u0131lacak yat\u0131r\u0131m, uzun vadede fayda sa\u011flayacak bir harcama olarak de\u011ferlendirilebilir.<\/p><figure class=\"wp-block-image\"><img decoding=\"async\" data-src=\"https:\/\/www.ucicmimarlik.com\/wp-content\/uploads\/2026\/02\/ic-mimarlik-hizmeti-almak-neden-onemlidir-1.jpg\" alt=\"\u0130\u00e7 mimarl\u0131k hizmeti\" title=\"\u0130\u00e7 mimarl\u0131k hizmeti\" src=\"data:image\/gif;base64,R0lGODlhAQABAAAAACH5BAEKAAEALAAAAAABAAEAAAICTAEAOw==\" class=\"lazyload\"><noscript><img decoding=\"async\" src=\"https:\/\/www.ucicmimarlik.com\/wp-content\/uploads\/2026\/02\/ic-mimarlik-hizmeti-almak-neden-onemlidir-1.jpg\" alt=\"\u0130\u00e7 mimarl\u0131k hizmeti\" title=\"\u0130\u00e7 mimarl\u0131k hizmeti\"><\/noscript><\/figure><h2 class=\"wp-block-heading\">Profesyonel \u0130\u00e7 Mimar ile \u00c7al\u0131\u015fman\u0131n \u00d6nemi<\/h2><p>\u0130\u00e7 mekan tasar\u0131m\u0131, bir alan\u0131n yaln\u0131zca estetik a\u00e7\u0131dan g\u00fczel g\u00f6r\u00fcnmesi de\u011fil, ayn\u0131 zamanda i\u015flevsellik, konfor ve kullan\u0131m kolayl\u0131\u011f\u0131 da sa\u011flamas\u0131 anlam\u0131na gelir. Bu nedenle, <strong>i\u00e7 mimarl\u0131k hizmeti<\/strong> almak isteyen bireylerin veya \u015firketlerin mutlaka bir profesyonel ile \u00e7al\u0131\u015fmas\u0131 olduk\u00e7a \u00f6nemlidir. Profesyonel bir i\u00e7 mimar, mekan\u0131n ruhunu ve g\u00fczelli\u011fini yans\u0131tan \u00e7e\u015fitli unsurlar\u0131 bir araya getirerek, hayalinizi ger\u00e7e\u011fe d\u00f6n\u00fc\u015ft\u00fcrme konusunda sizi destekler.<\/p><p>\u00d6ncelikle, profesyonel i\u00e7 mimarlar, alan\u0131n mimari yap\u0131s\u0131n\u0131, \u0131\u015f\u0131kland\u0131rma, renk uyumu ve malzeme se\u00e7imi gibi unsurlar\u0131 dikkate alarak tasar\u0131m yaparlar. Bu uzmanl\u0131k sayesinde, mekan\u0131n en iyi \u015fekilde de\u011ferlendirilmesi i\u00e7in gereken deneyime sahip olurlar. \u00d6rne\u011fin, k\u00fc\u00e7\u00fck alanlar\u0131n nas\u0131l daha ferah g\u00f6r\u00fcnebilece\u011fi ya da b\u00fcy\u00fck mekanlar\u0131n nas\u0131l b\u00f6l\u00fcnerek daha i\u015flevsel kullan\u0131laca\u011f\u0131 konusundaki bilgileri, alan\u0131n\u0131zda maksimum verimlilik sa\u011flaman\u0131z\u0131 destekler.<\/p><p>Ayr\u0131ca, i\u00e7 mimarlar\u0131n s\u00fcre\u00e7 boyunca sa\u011flad\u0131\u011f\u0131 profesyonel y\u00f6nlendirme, zaman ve maddi tasarruf sa\u011flar. Uzun s\u00fcreli s\u00fcre\u00e7ler ve bir\u00e7ok ayr\u0131nt\u0131 gerektiren projeler i\u00e7in, kendi ba\u015f\u0131n\u0131za karar vermek zorlu bir s\u00fcre\u00e7 olabilir. Profesyoneller, do\u011fru se\u00e7imler yapman\u0131z i\u00e7in size yard\u0131mc\u0131 olurken, hedeflerinizi g\u00f6z \u00f6n\u00fcnde bulundurarak tasar\u0131m\u0131 optimize eder. Bu sayede, hem israf\u0131 \u00f6nler hem de b\u00fct\u00e7enizi daha verimli kullanman\u0131za yard\u0131mc\u0131 olur.<\/p><p>Sonu\u00e7 olarak, <strong>i\u00e7 mimarl\u0131k hizmeti<\/strong> almak, yaln\u0131zca dekoratif unsurlar\u0131n bir araya getirilmesinden ibaret de\u011fil, ayn\u0131 zamanda i\u015flevselli\u011fin de \u00f6n planda oldu\u011fu bir s\u00fcre\u00e7tir. Profesyonel i\u00e7 mimarlarla \u00e7al\u0131\u015farak, hayalinizdeki mekana ula\u015fman\u0131n yan\u0131 s\u0131ra, mekan\u0131n\u0131z\u0131n potansiyelini a\u00e7\u0131\u011fa \u00e7\u0131karm\u0131\u015f olursunuz. Bu ise, ya\u015fam kalitenizi art\u0131racak ve mekan\u0131n\u0131z\u0131 daha huzurlu bir ya\u015fam alan\u0131 haline getirecektir.<\/p><h2 class=\"wp-block-heading\">\u0130\u00e7 Mek\u00e2n Tasar\u0131m\u0131nda Dikkat Edilmesi Gereken Unsurlar<\/h2><p>\u0130\u00e7 mek\u00e2n tasar\u0131m\u0131, ya\u015fam alanlar\u0131n\u0131z\u0131 sadece estetik a\u00e7\u0131dan de\u011fil, ayn\u0131 zamanda i\u015flevsellik a\u00e7\u0131s\u0131ndan da \u015fekillendirir. Bu nedenle, i\u00e7 mek\u00e2n tasar\u0131m\u0131nda dikkat edilmesi gereken baz\u0131 kritik unsurlar bulunmaktad\u0131r. \u00d6ncelikle, <em>mek\u00e2n\u0131n boyutu ve yap\u0131s\u0131<\/em> bu s\u00fcre\u00e7te ba\u015fl\u0131ca belirleyicilerdir. Her alan, farkl\u0131 bir tasar\u0131m yakla\u015f\u0131m\u0131 gerektirir; bu nedenle, mekan\u0131 en iyi \u015fekilde de\u011ferlendirmek b\u00fcy\u00fck \u00f6nem ta\u015f\u0131r. \u00d6rne\u011fin, k\u00fc\u00e7\u00fck bir alan i\u00e7in a\u00e7\u0131k renk paletleri ve minimal mobilyalar kullanarak ferah bir atmosfer yaratmak m\u00fcmk\u00fcnken, geni\u015f alanlar daha cesur tasar\u0131m unsurlar\u0131n\u0131 bar\u0131nd\u0131rabilir.<\/p><p>Bir di\u011fer \u00f6nemli unsur, <em>\u0131\u015f\u0131kland\u0131rma<\/em>d\u0131r. Do\u011fru \u0131\u015f\u0131kland\u0131rma, mek\u00e2n\u0131n ambiyans\u0131n\u0131 de\u011fi\u015ftirebilir ve i\u015flevselli\u011fini art\u0131rabilir. Hem do\u011fal hem de yapay ayd\u0131nlatman\u0131n birle\u015fimi, mek\u00e2n\u0131n ruhunu yans\u0131tan en \u00f6nemli unsurlardan biridir. Ayr\u0131ca, <em>mobilya se\u00e7imi<\/em> de tasar\u0131m s\u00fcrecinde dikkatlice ele al\u0131nmas\u0131 gereken bir konudur. Kullan\u0131lan mobilyalar\u0131n hem estetik hem de ergonomik a\u00e7\u0131dan uygun olmas\u0131 gerekti\u011fi unutulmamal\u0131d\u0131r.<\/p><p>Saklama \u00e7\u00f6z\u00fcmleri, <em>dekorasyon unsurlar\u0131<\/em> ve <em>renk uyumu<\/em> gibi detaylar da i\u00e7 mek\u00e2n tasar\u0131m\u0131nda g\u00f6z \u00f6n\u00fcnde bulundurulmal\u0131d\u0131r. Kapsay\u0131c\u0131 bir tasar\u0131m s\u00fcreci, mek\u00e2n\u0131n hem i\u015flevsel hem de g\u00f6rsel a\u00e7\u0131dan tatmin edici olmas\u0131n\u0131 sa\u011flar. Nitelikli bir <strong>i\u00e7 mimarl\u0131k hizmeti<\/strong>, t\u00fcm bu unsurlar\u0131 bir araya getirerek, ya\u015fam alanlar\u0131n\u0131z\u0131 \u00f6zg\u00fcn bir hale d\u00f6n\u00fc\u015ft\u00fcrmenizde size rehberlik eder.<\/p><p>Son olarak, tasar\u0131m s\u00fcrecinin en ba\u015f\u0131nda, <em>kullan\u0131c\u0131 ihtiya\u00e7lar\u0131n\u0131n analizi<\/em> yapmak gerekmektedir. Mekan\u0131n nas\u0131l kullan\u0131laca\u011f\u0131 ve hangi aktivitelerin ger\u00e7ekle\u015ftirilece\u011fi gibi sorular, ba\u015far\u0131l\u0131 bir i\u00e7 mek\u00e2n tasar\u0131m\u0131n\u0131n temelini olu\u015fturur. T\u00fcm bu unsurlar dikkate al\u0131nd\u0131\u011f\u0131nda, i\u00e7 mek\u00e2n tasar\u0131m\u0131n\u0131n ne denli \u00f6nemli bir s\u00fcre\u00e7 oldu\u011fu ortaya \u00e7\u0131kmaktad\u0131r.<\/p><h2 class=\"wp-block-heading\">S\u0131k\u00e7a Sorulan Sorular<\/h2><h3 class=\"wp-block-heading\">\u0130\u00e7 mimarl\u0131k hizmeti almak ne gibi avantajlar sa\u011flar?<\/h3><p>\u0130\u00e7 mimarl\u0131k hizmeti almak, mekan\u0131n\u0131z\u0131n daha i\u015flevsel ve estetik olmas\u0131n\u0131 sa\u011flaman\u0131n yan\u0131 s\u0131ra, ya\u015fam alanlar\u0131n\u0131z\u0131 ki\u015fisel ihtiya\u00e7 ve zevklerinize uygun hale getirmeye yard\u0131mc\u0131 olur. \u0130\u00e7 mimarlar, alan\u0131n en verimli \u015fekilde kullan\u0131lmas\u0131n\u0131 ve estetik yap\u0131lar\u0131n yarat\u0131lmas\u0131n\u0131 sa\u011flarken, ayn\u0131 zamanda malzeme se\u00e7imi, ayd\u0131nlatma \u00e7\u00f6z\u00fcmleri ve renk uyumu gibi karma\u015f\u0131k detaylarla da ilgilenir. B\u00f6ylece, sadece g\u00f6rsel a\u00e7\u0131dan de\u011fil, ayn\u0131 zamanda fonksiyonel a\u00e7\u0131dan da tatmin edici bir sonu\u00e7 elde edilir.<\/p><h3 class=\"wp-block-heading\">Bir i\u00e7 mimar ile \u00e7al\u0131\u015f\u0131rken nelere dikkat etmeliyim?<\/h3><p>Bir i\u00e7 mimar ile \u00e7al\u0131\u015f\u0131rken \u00f6ncelikle tarz\u0131n\u0131z\u0131, ihtiya\u00e7lar\u0131n\u0131z\u0131 ve b\u00fct\u00e7enizi a\u00e7\u0131k\u00e7a belirlemeniz \u00f6nemlidir. Se\u00e7ti\u011finiz mimar\u0131n daha \u00f6nceki projelerini inceleyerek stilini ve i\u015f kalitesini de\u011ferlendirebilirsiniz. Ayr\u0131ca, ileti\u015fim becerileri \u00fczerine de \u00f6nem vermek gerekir, \u00e7\u00fcnk\u00fc projede s\u00fcreklilik ve uyum sa\u011flamak i\u00e7in etkili bir ileti\u015fim \u015fartt\u0131r. Tasar\u0131m s\u00fcreci boyunca beklentilerinizi net bir \u015fekilde ifade etmek, projenizin hedeflerine ula\u015fmas\u0131n\u0131 kolayla\u015ft\u0131racakt\u0131r.<\/p><h3 class=\"wp-block-heading\">\u0130\u00e7 mimarl\u0131k hizmetleri sadece ticari alanlar i\u00e7in mi ge\u00e7erlidir?<\/h3><p>Hay\u0131r, i\u00e7 mimarl\u0131k hizmetleri hem ticari alanlar hem de konutlar i\u00e7in ge\u00e7erlidir. Ofis, ma\u011faza, restoran gibi ticari mekanlar i\u00e7in i\u015flevsellik, marka imaj\u0131 ve m\u00fc\u015fteri deneyimi gibi unsurlar vurgulan\u0131rken, konut projelerinde ise ya\u015fam alan\u0131n\u0131n konforu, esteti\u011fi ve ki\u015fisel zevklere hitap etmesi \u00f6n plandad\u0131r. Her iki alanda da i\u00e7 mimarlar, mekan\u0131n \u00f6zelliklerine uygun \u00e7\u00f6z\u00fcmler sunarak, alan\u0131n kullan\u0131m\u0131n\u0131 optimize eder ve estetik bir g\u00f6r\u00fcn\u00fcm kazand\u0131r\u0131r.<\/p><script type=\"application\/ld+json\">{\"@context\":\"https:\/\/schema.org\",\"@type\":\"FAQPage\",\"mainEntity\":[{\"@type\":\"Question\",\"name\":\"\u0130\u00e7 mimarl\u0131k hizmeti almak ne gibi avantajlar sa\u011flar?\",\"acceptedAnswer\":{\"@type\":\"Answer\",\"text\":\"\u0130\u00e7 mimarl\u0131k hizmeti almak, mekan\u0131n\u0131z\u0131n daha i\u015flevsel ve estetik olmas\u0131n\u0131 sa\u011flaman\u0131n yan\u0131 s\u0131ra, ya\u015fam alanlar\u0131n\u0131z\u0131 ki\u015fisel ihtiya\u00e7 ve zevklerinize uygun hale getirmeye yard\u0131mc\u0131 olur. \u0130\u00e7 mimarlar, alan\u0131n en verimli \u015fekilde kullan\u0131lmas\u0131n\u0131 ve estetik yap\u0131lar\u0131n yarat\u0131lmas\u0131n\u0131 sa\u011flarken, ayn\u0131 zamanda malzeme se\u00e7imi, ayd\u0131nlatma \u00e7\u00f6z\u00fcmleri ve renk uyumu gibi karma\u015f\u0131k detaylarla da ilgilenir. B\u00f6ylece, sadece g\u00f6rsel a\u00e7\u0131dan de\u011fil, ayn\u0131 zamanda fonksiyonel a\u00e7\u0131dan da tatmin edici bir sonu\u00e7 elde edilir.\"}},{\"@type\":\"Question\",\"name\":\"Bir i\u00e7 mimar ile \u00e7al\u0131\u015f\u0131rken nelere dikkat etmeliyim?\",\"acceptedAnswer\":{\"@type\":\"Answer\",\"text\":\"Bir i\u00e7 mimar ile \u00e7al\u0131\u015f\u0131rken \u00f6ncelikle tarz\u0131n\u0131z\u0131, ihtiya\u00e7lar\u0131n\u0131z\u0131 ve b\u00fct\u00e7enizi a\u00e7\u0131k\u00e7a belirlemeniz \u00f6nemlidir. Se\u00e7ti\u011finiz mimar\u0131n daha \u00f6nceki projelerini inceleyerek stilini ve i\u015f kalitesini de\u011ferlendirebilirsiniz. Ayr\u0131ca, ileti\u015fim becerileri \u00fczerine de \u00f6nem vermek gerekir, \u00e7\u00fcnk\u00fc projede s\u00fcreklilik ve uyum sa\u011flamak i\u00e7in etkili bir ileti\u015fim \u015fartt\u0131r. Tasar\u0131m s\u00fcreci boyunca beklentilerinizi net bir \u015fekilde ifade etmek, projenizin hedeflerine ula\u015fmas\u0131n\u0131 kolayla\u015ft\u0131racakt\u0131r.\"}},{\"@type\":\"Question\",\"name\":\"\u0130\u00e7 mimarl\u0131k hizmetleri sadece ticari alanlar i\u00e7in mi ge\u00e7erlidir?\",\"acceptedAnswer\":{\"@type\":\"Answer\",\"text\":\"Hay\u0131r, i\u00e7 mimarl\u0131k hizmetleri hem ticari alanlar hem de konutlar i\u00e7in ge\u00e7erlidir. Ofis, ma\u011faza, restoran gibi ticari mekanlar i\u00e7in i\u015flevsellik, marka imaj\u0131 ve m\u00fc\u015fteri deneyimi gibi unsurlar vurgulan\u0131rken, konut projelerinde ise ya\u015fam alan\u0131n\u0131n konforu, esteti\u011fi ve ki\u015fisel zevklere hitap etmesi \u00f6n plandad\u0131r. Her iki alanda da i\u00e7 mimarlar, mekan\u0131n \u00f6zelliklerine uygun \u00e7\u00f6z\u00fcmler sunarak, alan\u0131n kullan\u0131m\u0131n\u0131 optimize eder ve estetik bir g\u00f6r\u00fcn\u00fcm kazand\u0131r\u0131r.\"}}]}<\/script>","protected":false},"excerpt":{"rendered":"<p>\u0130\u00e7 mekanlar\u0131n hem estetik hem de fonksiyonel a\u00e7\u0131dan optimum \u015fekilde tasarlanmas\u0131, ya\u015fam alanlar\u0131m\u0131z\u0131n kalitesini do\u011frudan etkiler. Bu ba\u011flamda, \u0130\u00e7 mimarl\u0131k<\/p>\n","protected":false},"author":5,"featured_media":0,"comment_status":"closed","ping_status":"closed","sticky":false,"template":"","format":"standard","meta":[],"categories":[1],"tags":[],"aioseo_notices":[],"_links":{"self":[{"href":"https:\/\/www.ucicmimarlik.com\/ar\/wp-json\/wp\/v2\/posts\/11015"}],"collection":[{"href":"https:\/\/www.ucicmimarlik.com\/ar\/wp-json\/wp\/v2\/posts"}],"about":[{"href":"https:\/\/www.ucicmimarlik.com\/ar\/wp-json\/wp\/v2\/types\/post"}],"author":[{"embeddable":true,"href":"https:\/\/www.ucicmimarlik.com\/ar\/wp-json\/wp\/v2\/users\/5"}],"replies":[{"embeddable":true,"href":"https:\/\/www.ucicmimarlik.com\/ar\/wp-json\/wp\/v2\/comments?post=11015"}],"version-history":[{"count":2,"href":"https:\/\/www.ucicmimarlik.com\/ar\/wp-json\/wp\/v2\/posts\/11015\/revisions"}],"predecessor-version":[{"id":11357,"href":"https:\/\/www.ucicmimarlik.com\/ar\/wp-json\/wp\/v2\/posts\/11015\/revisions\/11357"}],"wp:attachment":[{"href":"https:\/\/www.ucicmimarlik.com\/ar\/wp-json\/wp\/v2\/media?parent=11015"}],"wp:term":[{"taxonomy":"category","embeddable":true,"href":"https:\/\/www.ucicmimarlik.com\/ar\/wp-json\/wp\/v2\/categories?post=11015"},{"taxonomy":"post_tag","embeddable":true,"href":"https:\/\/www.ucicmimarlik.com\/ar\/wp-json\/wp\/v2\/tags?post=11015"}],"curies":[{"name":"wp","href":"https:\/\/api.w.org\/{rel}","templated":true}]}}