{"id":10945,"date":"2026-02-23T14:50:19","date_gmt":"2026-02-23T11:50:19","guid":{"rendered":"https:\/\/www.ucicmimarlik.com\/akilli-evler-icin-ic-mimarlik-nasil-uygulanir\/"},"modified":"2026-02-28T11:50:46","modified_gmt":"2026-02-28T08:50:46","slug":"akilli-evler-icin-ic-mimarlik-nasil-uygulanir","status":"publish","type":"post","link":"https:\/\/www.ucicmimarlik.com\/ar\/akilli-evler-icin-ic-mimarlik-nasil-uygulanir\/","title":{"rendered":"Ak\u0131ll\u0131 evler i\u00e7in i\u00e7 mimarl\u0131k nas\u0131l uygulan\u0131r?"},"content":{"rendered":"<p>G\u00fcn\u00fcm\u00fczde teknolojinin hayat\u0131m\u0131z\u0131n her alan\u0131na entegre olmas\u0131yla birlikte, i\u00e7 mimarl\u0131k da bu d\u00f6n\u00fc\u015f\u00fcmden nasibini al\u0131yor. <strong>Ak\u0131ll\u0131 ev i\u00e7 mimarl\u0131k<\/strong> konsepti, hem estetik hem de fonksiyonellik a\u00e7\u0131s\u0131ndan yeni bir d\u00f6nem ba\u015flat\u0131yor. Bu yaz\u0131m\u0131zda, ak\u0131ll\u0131 ev i\u00e7 mimarl\u0131\u011f\u0131nda \u00f6ne \u00e7\u0131kan tasar\u0131m prensiplerini inceleyecek, teknoloji ile i\u00e7 mimarl\u0131\u011f\u0131n nas\u0131l bir araya geldi\u011fini ke\u015ffedecek ve \u00e7evre dostu yakla\u015f\u0131mlar\u0131n uygulamalar \u00fczerindeki etkisini ele alaca\u011f\u0131z. Bu yenilik\u00e7i yakla\u015f\u0131mlar, ya\u015fam alanlar\u0131m\u0131z\u0131 sadece daha konforlu de\u011fil, ayn\u0131 zamanda s\u00fcrd\u00fcr\u00fclebilir hale getirmeyi de ama\u00e7l\u0131yor.<\/p><h2 class=\"wp-block-heading\">Ak\u0131ll\u0131 ev i\u00e7 mimarl\u0131kta tasar\u0131m prensipleri<\/h2><p><strong>Ak\u0131ll\u0131 ev i\u00e7 mimarl\u0131k<\/strong> uygulamalar\u0131, modern ya\u015fam alanlar\u0131n\u0131n estetik ve fonksiyonelli\u011fini bir araya getirir. Bu ba\u011flamda, tasar\u0131m prensipleri b\u00fcy\u00fck bir \u00f6neme sahiptir. \u0130lk olarak, mek\u00e2n\u0131n kullan\u0131c\u0131 ihtiya\u00e7lar\u0131na uygun olarak i\u015flevsel bir \u015fekilde d\u00fczenlenmesi gerekmektedir. Bu durum, kullan\u0131c\u0131lar\u0131n g\u00fcnl\u00fck ya\u015famlar\u0131n\u0131 kolayla\u015ft\u0131rmay\u0131 ve konfor sa\u011flamay\u0131 hedefler. Dolay\u0131s\u0131yla, mobilya yerle\u015fiminden ba\u015flayarak, \u0131\u015f\u0131k ve renk dengelerine kadar her detay d\u00fc\u015f\u00fcn\u00fclmelidir.<\/p><p>Ayr\u0131ca, ak\u0131ll\u0131 sistemler ile b\u00fct\u00fcnle\u015fik bir \u00e7al\u0131\u015fma \u015feklinin benimsenmesi gerekir. \u00d6rne\u011fin, otomatik ayd\u0131nlatma ve iklimlendirme sistemlerinin tasar\u0131ma entegre edilmesi, enerji verimlili\u011fini art\u0131rman\u0131n yan\u0131 s\u0131ra, kullan\u0131c\u0131lar\u0131n konforunu da art\u0131r\u0131r. Tasar\u0131mc\u0131lar\u0131n, bu teknolojileri estetikle b\u00fct\u00fcnle\u015ftirmesi, mekan\u0131n g\u00f6rsel \u00e7ekicili\u011fini korurken teknolojik avantajlardan faydalanmalar\u0131n\u0131 sa\u011flar.<\/p><p>Tasar\u0131m s\u00fcre\u00e7lerinde s\u00fcrd\u00fcr\u00fclebilirlik de \u00f6nemli bir yer tutmaktad\u0131r. \u00c7evre dostu malzemelerin kullan\u0131m\u0131, enerji tasarruflu cihazlar ve do\u011fa ile uyumlu bir ya\u015fam alan\u0131 olu\u015fturma hedefi, modern i\u00e7 mimarl\u0131\u011f\u0131n ayr\u0131lmaz bir par\u00e7as\u0131 haline gelmi\u015ftir. Bunun yan\u0131 s\u0131ra, do\u011fal \u0131\u015f\u0131k kullan\u0131m\u0131n\u0131 art\u0131rmak i\u00e7in tasar\u0131mda stratejik pencerelendirme yap\u0131lmas\u0131 da g\u00f6z \u00f6n\u00fcnde bulundurulmal\u0131d\u0131r. Bu, hem enerji tasarrufu sa\u011flar hem de i\u00e7 mek\u00e2n\u0131n ferah ve huzurlu bir atmosfere sahip olmas\u0131na yard\u0131mc\u0131 olur.<\/p><p>Son olarak, <strong>ak\u0131ll\u0131 ev i\u00e7 mimarl\u0131k<\/strong> kapsam\u0131nda, estetik unsurlar\u0131n ve ki\u015fisel tarzlar\u0131n da g\u00f6z \u00f6n\u00fcnde bulundurulmas\u0131, mek\u00e2n\u0131n s\u0131cak ve ya\u015fanabilir olmas\u0131na katk\u0131da bulunur. Yani, tasar\u0131m sadece i\u015flevselli\u011fe de\u011fil, ayn\u0131 zamanda esteti\u011fe de \u00f6nem vermelidir. Bu prensiplerin birle\u015fimiyle, hem pratik hem de estetik a\u00e7\u0131dan tatmin edici ya\u015fam alanlar\u0131 yaratmak m\u00fcmk\u00fcnd\u00fcr.<\/p><figure class=\"wp-block-image\"><img decoding=\"async\" data-src=\"https:\/\/www.ucicmimarlik.com\/wp-content\/uploads\/2026\/02\/akilli-evler-icin-ic-mimarlik-nasil-uygulanir-1.jpg\" alt=\"Ak\u0131ll\u0131 ev i\u00e7 mimarl\u0131k\" title=\"Ak\u0131ll\u0131 ev i\u00e7 mimarl\u0131k\" src=\"data:image\/gif;base64,R0lGODlhAQABAAAAACH5BAEKAAEALAAAAAABAAEAAAICTAEAOw==\" class=\"lazyload\"><noscript><img decoding=\"async\" src=\"https:\/\/www.ucicmimarlik.com\/wp-content\/uploads\/2026\/02\/akilli-evler-icin-ic-mimarlik-nasil-uygulanir-1.jpg\" alt=\"Ak\u0131ll\u0131 ev i\u00e7 mimarl\u0131k\" title=\"Ak\u0131ll\u0131 ev i\u00e7 mimarl\u0131k\"><\/noscript><\/figure><h2 class=\"wp-block-heading\">Ak\u0131ll\u0131 ev alan\u0131nda teknoloji ve i\u00e7 mimarl\u0131\u011f\u0131n entegrasyonu<\/h2><p>G\u00fcn\u00fcm\u00fczde <strong>ak\u0131ll\u0131 ev i\u00e7 mimarl\u0131k<\/strong> s\u00fcre\u00e7leri, teknoloji ile i\u00e7 mekan tasar\u0131m\u0131n\u0131 birle\u015ftirerek, ya\u015fam alanlar\u0131m\u0131z\u0131 daha verimli, konforlu ve estetik hale getirmektedir. Bu entegrasyon, hem kullan\u0131c\u0131 deneyimini geli\u015ftirmekte hem de enerji tasarrufu gibi \u00e7evresel fakt\u00f6rlere katk\u0131 sa\u011flamaktad\u0131r.<\/p><p>\u0130lk olarak, ak\u0131ll\u0131 ev sistemlerinin temelini olu\u015fturan otomasyon teknolojileri, i\u00e7 mimarl\u0131k projelerinde kullan\u0131lmaya ba\u015flam\u0131\u015ft\u0131r. \u00d6rne\u011fin, ak\u0131ll\u0131 ayd\u0131nlatma sistemleri, kullan\u0131c\u0131lar\u0131n tercihlerine g\u00f6re \u0131\u015f\u0131k seviyelerini ayarlay\u0131p, enerji tasarrufu sa\u011flarken, mekan\u0131n atmosferini de de\u011fi\u015ftirmektedir. Bu t\u00fcr teknolojilerin entegrasyonu sayesinde, odalar\u0131n atmosferi anl\u0131k olarak de\u011fi\u015ftirilebilir ve istenen ambiyans sa\u011flanabilir.<\/p><p>Bunun yan\u0131 s\u0131ra, sens\u00f6r teknolojileri i\u00e7 mekan tasar\u0131m\u0131nda \u00f6nemli bir yer tutmaktad\u0131r. Is\u0131, nem ve hava kalitesi sens\u00f6rleri, sadece konfor de\u011fil, ayn\u0131 zamanda enerji verimlili\u011fi sa\u011flamak amac\u0131yla ortam\u0131 s\u00fcrekli izleyip ayarlamalar yapmaktad\u0131r. \u00d6rne\u011fin; s\u0131cakl\u0131k belirli bir seviyenin \u00fczerine \u00e7\u0131kt\u0131\u011f\u0131nda otomatik olarak klima sistemini devreye sokmak gibi i\u015flevler, hem enerji tasarrufu sa\u011flar hem de konforu art\u0131r\u0131r.<\/p><p>Ayn\u0131 zamanda, <strong>ak\u0131ll\u0131 ev <a href=\"https:\/\/gizempakyurek.com\/blog\/akilli-ev-teknolojileri-ve-ic-mimarlik\" target=\"_blank\" rel=\"noopener\">i\u00e7 mimarl\u0131k<\/a><\/strong> alan\u0131nda ses teknolojileri de giderek daha fazla kullan\u0131lmaktad\u0131r. Sesli asistanlar, kullan\u0131c\u0131lar\u0131n bir\u00e7ok cihaza sesli komutlar vererek kontrol etmelerini sa\u011flarken, i\u00e7 mekan\u0131n kullan\u0131m\u0131n\u0131 kolayla\u015ft\u0131rmaktad\u0131r. Fonksiyonel alanlar olu\u015fturmak, istenilen efektleri yaratmak ve g\u00fcnl\u00fck aktiviteleri daha verimli hale getirmek i\u00e7in sesli komutlarla entegre \u00e7al\u0131\u015fan sistemler b\u00fcy\u00fck bir avantaj sunmaktad\u0131r.<\/p><p>Sonu\u00e7 olarak, teknoloji ve i\u00e7 mimarl\u0131\u011f\u0131n entegrasyonu, ak\u0131ll\u0131 evlerde sadece estetik de\u011fil, ayn\u0131 zamanda i\u015flevsellik ve s\u00fcrd\u00fcr\u00fclebilirlik konular\u0131nda da \u00f6nemli katk\u0131lar sa\u011flamaktad\u0131r. Bu birle\u015fim, ya\u015fam alanlar\u0131n\u0131n daha ergonomik, rahat ve verimli dizayn edilmesine olanak tan\u0131maktad\u0131r.<\/p><h2 class=\"wp-block-heading\">Ak\u0131ll\u0131 ev i\u00e7 mimarl\u0131k uygulamalar\u0131nda \u00e7evre dostu yakla\u015f\u0131mlar<\/h2><p>Son y\u0131llarda, \u00e7evre dostu tasar\u0131m prensiplerinin pop\u00fclaritesi artm\u0131\u015f ve bu durum, ak\u0131ll\u0131 ev i\u00e7 mimarl\u0131k \u00e7al\u0131\u015fmalar\u0131nda da kendisini g\u00f6stermi\u015ftir. \u00c7evre dostu yakla\u015f\u0131mlar, yaln\u0131zca do\u011fal kaynaklar\u0131 koruma amac\u0131n\u0131 ta\u015f\u0131makla kalmaz, ayn\u0131 zamanda ya\u015fam alanlar\u0131n\u0131 daha sa\u011fl\u0131kl\u0131 ve verimli hale getirmektedir. Bu ba\u011flamda, s\u00fcrd\u00fcr\u00fclebilir malzeme kullan\u0131m\u0131 \u00f6n plandad\u0131r. <em>Do\u011fal ta\u015flar, geri d\u00f6n\u00fc\u015ft\u00fcr\u00fclebilir malzemeler ve d\u00fc\u015f\u00fck VOC (u\u00e7ucu organik bile\u015fen) emisyonuna sahip \u00fcr\u00fcnler<\/em> gibi \u00e7evre dostu se\u00e7enekler, i\u00e7 mekanlar\u0131 olu\u015ftururken tercih edilmektedir.<\/p><p>Enerji verimlili\u011fi de \u00f6nemli bir fakt\u00f6rd\u00fcr. <em>Ak\u0131ll\u0131 ayd\u0131nlatma sistemleri<\/em>* gibi teknolojiler, gerekti\u011finde otomatik olarak a\u00e7\u0131l\u0131p kapanarak enerji tasarrufu sa\u011flar. \u00d6rne\u011fin, g\u00fcn \u0131\u015f\u0131\u011f\u0131n\u0131 alg\u0131layabilen sens\u00f6rlerle donat\u0131lm\u0131\u015f <strong>ayd\u0131nlatma sistemleri<\/strong>, g\u00fcn i\u00e7inde do\u011fal \u0131\u015f\u0131\u011f\u0131 en \u00fcst d\u00fczeye \u00e7\u0131kararak elektrik t\u00fcketimini azalt\u0131r. Ayr\u0131ca, ak\u0131ll\u0131 termostatlar sayesinde, \u0131s\u0131tma ve so\u011futma sistemlerinin verimlili\u011fi art\u0131r\u0131lmakta, b\u00f6ylece karbon ayak izi d\u00fc\u015f\u00fcr\u00fclmektedir.<\/p><p>\u0130\u00e7 mekan bitkileri kullan\u0131m\u0131 da \u00e7evre dostu bir yakla\u015f\u0131m olarak \u00f6ne \u00e7\u0131kmaktad\u0131r. <em>Bitkiler<\/em>, havay\u0131 temizlerken ayn\u0131 zamanda mekanlar\u0131n esteti\u011fini art\u0131r\u0131r. Ayr\u0131ca, dikey bah\u00e7e tasar\u0131mlar\u0131, alan\u0131 verimli kullanmakla birlikte hem g\u00f6rsel hem de ekolojik katk\u0131 sa\u011flar. Bu t\u00fcr uygulamalar, hem kullan\u0131c\u0131lar\u0131n ya\u015fam kalitesini y\u00fckseltir hem de \u00e7evreye duyarl\u0131 bir ya\u015fam tarz\u0131n\u0131 te\u015fvik eder.<\/p><p>Sonu\u00e7 olarak, <strong>ak\u0131ll\u0131 ev i\u00e7 mimarl\u0131k<\/strong> uygulamalar\u0131nda \u00e7evre dostu yakla\u015f\u0131mlar, hem estetik hem de i\u015flevsellik a\u00e7\u0131s\u0131ndan b\u00fcy\u00fck bir \u00f6neme sahiptir. Bu t\u00fcr tasar\u0131mlar, s\u00fcrd\u00fcr\u00fclebilir bir gelece\u011fi desteklerken, ya\u015fam alanlar\u0131n\u0131 da daha sa\u011fl\u0131kl\u0131 hale getirir.<\/p><h2 class=\"wp-block-heading\">S\u0131k\u00e7a Sorulan Sorular<\/h2><h3 class=\"wp-block-heading\">Ak\u0131ll\u0131 evlerde i\u00e7 mimarl\u0131k uygulamalar\u0131n\u0131n avantajlar\u0131 nelerdir?<\/h3><p>Ak\u0131ll\u0131 evlerde i\u00e7 mimarl\u0131k uygulamalar\u0131n\u0131n bir\u00e7ok avantaj\u0131 bulunmaktad\u0131r. \u00d6ncelikle, ya\u015fam alanlar\u0131n\u0131 daha kullan\u0131c\u0131 dostu hale getirir. Ak\u0131ll\u0131 teknolojiler sayesinde ayd\u0131nlatma, \u0131s\u0131tma ve g\u00fcvenlik sistemleri otomatik olarak kontrol edilebilir. Bu da enerji tasarrufuna katk\u0131da bulunur. Ayr\u0131ca, estetik bir g\u00f6r\u00fcn\u00fcm sa\u011flayarak modern ya\u015fam\u0131n gereksinimlerine uygun \u00e7\u00f6z\u00fcmler sunar. \u0130\u015flevsellik ve estetik aras\u0131nda m\u00fckemmel bir denge kurarak kullan\u0131c\u0131lar\u0131n ya\u015fam kalitesini art\u0131r\u0131r.<\/p><h3 class=\"wp-block-heading\">Ak\u0131ll\u0131 evlerde i\u00e7 mimarl\u0131k tasar\u0131m\u0131nda nelere dikkat edilmelidir?<\/h3><p>Ak\u0131ll\u0131 evlerde i\u00e7 mimarl\u0131k tasar\u0131m\u0131 s\u0131ras\u0131nda dikkate al\u0131nmas\u0131 gereken birka\u00e7 \u00f6nemli unsurlar vard\u0131r. \u00d6ncelikle, kullan\u0131c\u0131n\u0131n ihtiya\u00e7 ve beklentileri net bir \u015fekilde belirlenmelidir. Ayr\u0131ca, kullan\u0131lan ak\u0131ll\u0131 teknolojilerin entegrasyonu, estetik tasar\u0131mla uyumlu olmal\u0131d\u0131r. Alan\u0131n en verimli \u015fekilde kullan\u0131lmas\u0131 i\u00e7in mekansal planlamaya \u00f6zen g\u00f6sterilmelidir. Son olarak, s\u00fcrd\u00fcr\u00fclebilirlik ve enerji verimlili\u011fi unsurlar\u0131n\u0131 da g\u00f6z \u00f6n\u00fcnde bulundurmak; hem \u00e7evre hem de ekonomi a\u00e7\u0131s\u0131ndan olduk\u00e7a \u00f6nemlidir.<\/p><h3 class=\"wp-block-heading\">Ak\u0131ll\u0131 ev i\u00e7 mimarl\u0131k projeleri ne kadar s\u00fcrede tamamlan\u0131r?<\/h3><p>Ak\u0131ll\u0131 ev i\u00e7 mimarl\u0131k projelerinin tamamlanma s\u00fcresi, projenin \u00f6l\u00e7e\u011fine ve karma\u015f\u0131kl\u0131\u011f\u0131na ba\u011fl\u0131 olarak de\u011fi\u015fkenlik g\u00f6sterir. K\u00fc\u00e7\u00fck projeler genellikle birka\u00e7 hafta i\u00e7inde sonu\u00e7lanabilirken, b\u00fcy\u00fck ve kapsaml\u0131 projeler alt\u0131 ay veya daha uzun s\u00fcrebilir. Projelerin zamanlamas\u0131nda, tasar\u0131m a\u015famas\u0131, uygulama s\u00fcre\u00e7leri ve malzeme temini gibi fakt\u00f6rler de etkili olacakt\u0131r. Detayl\u0131 bir planlama ile s\u00fcrecin daha efektif bir \u015fekilde y\u00f6netilmesi m\u00fcmk\u00fcnd\u00fcr.<\/p><script type=\"application\/ld+json\">{\"@context\":\"https:\/\/schema.org\",\"@type\":\"FAQPage\",\"mainEntity\":[{\"@type\":\"Question\",\"name\":\"Ak\u0131ll\u0131 evlerde i\u00e7 mimarl\u0131k uygulamalar\u0131n\u0131n avantajlar\u0131 nelerdir?\",\"acceptedAnswer\":{\"@type\":\"Answer\",\"text\":\"Ak\u0131ll\u0131 evlerde i\u00e7 mimarl\u0131k uygulamalar\u0131n\u0131n bir\u00e7ok avantaj\u0131 bulunmaktad\u0131r. \u00d6ncelikle, ya\u015fam alanlar\u0131n\u0131 daha kullan\u0131c\u0131 dostu hale getirir. Ak\u0131ll\u0131 teknolojiler sayesinde ayd\u0131nlatma, \u0131s\u0131tma ve g\u00fcvenlik sistemleri otomatik olarak kontrol edilebilir. Bu da enerji tasarrufuna katk\u0131da bulunur. Ayr\u0131ca, estetik bir g\u00f6r\u00fcn\u00fcm sa\u011flayarak modern ya\u015fam\u0131n gereksinimlerine uygun \u00e7\u00f6z\u00fcmler sunar. \u0130\u015flevsellik ve estetik aras\u0131nda m\u00fckemmel bir denge kurarak kullan\u0131c\u0131lar\u0131n ya\u015fam kalitesini art\u0131r\u0131r.\"}},{\"@type\":\"Question\",\"name\":\"Ak\u0131ll\u0131 evlerde i\u00e7 mimarl\u0131k tasar\u0131m\u0131nda nelere dikkat edilmelidir?\",\"acceptedAnswer\":{\"@type\":\"Answer\",\"text\":\"Ak\u0131ll\u0131 evlerde i\u00e7 mimarl\u0131k tasar\u0131m\u0131 s\u0131ras\u0131nda dikkate al\u0131nmas\u0131 gereken birka\u00e7 \u00f6nemli unsurlar vard\u0131r. \u00d6ncelikle, kullan\u0131c\u0131n\u0131n ihtiya\u00e7 ve beklentileri net bir \u015fekilde belirlenmelidir. Ayr\u0131ca, kullan\u0131lan ak\u0131ll\u0131 teknolojilerin entegrasyonu, estetik tasar\u0131mla uyumlu olmal\u0131d\u0131r. Alan\u0131n en verimli \u015fekilde kullan\u0131lmas\u0131 i\u00e7in mekansal planlamaya \u00f6zen g\u00f6sterilmelidir. Son olarak, s\u00fcrd\u00fcr\u00fclebilirlik ve enerji verimlili\u011fi unsurlar\u0131n\u0131 da g\u00f6z \u00f6n\u00fcnde bulundurmak; hem \u00e7evre hem de ekonomi a\u00e7\u0131s\u0131ndan olduk\u00e7a \u00f6nemlidir.\"}},{\"@type\":\"Question\",\"name\":\"Ak\u0131ll\u0131 ev i\u00e7 mimarl\u0131k projeleri ne kadar s\u00fcrede tamamlan\u0131r?\",\"acceptedAnswer\":{\"@type\":\"Answer\",\"text\":\"Ak\u0131ll\u0131 ev i\u00e7 mimarl\u0131k projelerinin tamamlanma s\u00fcresi, projenin \u00f6l\u00e7e\u011fine ve karma\u015f\u0131kl\u0131\u011f\u0131na ba\u011fl\u0131 olarak de\u011fi\u015fkenlik g\u00f6sterir. K\u00fc\u00e7\u00fck projeler genellikle birka\u00e7 hafta i\u00e7inde sonu\u00e7lanabilirken, b\u00fcy\u00fck ve kapsaml\u0131 projeler alt\u0131 ay veya daha uzun s\u00fcrebilir. Projelerin zamanlamas\u0131nda, tasar\u0131m a\u015famas\u0131, uygulama s\u00fcre\u00e7leri ve malzeme temini gibi fakt\u00f6rler de etkili olacakt\u0131r. Detayl\u0131 bir planlama ile s\u00fcrecin daha efektif bir \u015fekilde y\u00f6netilmesi m\u00fcmk\u00fcnd\u00fcr.\"}}]}<\/script>","protected":false},"excerpt":{"rendered":"<p>G\u00fcn\u00fcm\u00fczde teknolojinin hayat\u0131m\u0131z\u0131n her alan\u0131na entegre olmas\u0131yla birlikte, i\u00e7 mimarl\u0131k da bu d\u00f6n\u00fc\u015f\u00fcmden nasibini al\u0131yor. Ak\u0131ll\u0131 ev i\u00e7 mimarl\u0131k konsepti,<\/p>\n","protected":false},"author":5,"featured_media":0,"comment_status":"closed","ping_status":"closed","sticky":false,"template":"","format":"standard","meta":[],"categories":[1],"tags":[],"aioseo_notices":[],"_links":{"self":[{"href":"https:\/\/www.ucicmimarlik.com\/ar\/wp-json\/wp\/v2\/posts\/10945"}],"collection":[{"href":"https:\/\/www.ucicmimarlik.com\/ar\/wp-json\/wp\/v2\/posts"}],"about":[{"href":"https:\/\/www.ucicmimarlik.com\/ar\/wp-json\/wp\/v2\/types\/post"}],"author":[{"embeddable":true,"href":"https:\/\/www.ucicmimarlik.com\/ar\/wp-json\/wp\/v2\/users\/5"}],"replies":[{"embeddable":true,"href":"https:\/\/www.ucicmimarlik.com\/ar\/wp-json\/wp\/v2\/comments?post=10945"}],"version-history":[{"count":2,"href":"https:\/\/www.ucicmimarlik.com\/ar\/wp-json\/wp\/v2\/posts\/10945\/revisions"}],"predecessor-version":[{"id":11333,"href":"https:\/\/www.ucicmimarlik.com\/ar\/wp-json\/wp\/v2\/posts\/10945\/revisions\/11333"}],"wp:attachment":[{"href":"https:\/\/www.ucicmimarlik.com\/ar\/wp-json\/wp\/v2\/media?parent=10945"}],"wp:term":[{"taxonomy":"category","embeddable":true,"href":"https:\/\/www.ucicmimarlik.com\/ar\/wp-json\/wp\/v2\/categories?post=10945"},{"taxonomy":"post_tag","embeddable":true,"href":"https:\/\/www.ucicmimarlik.com\/ar\/wp-json\/wp\/v2\/tags?post=10945"}],"curies":[{"name":"wp","href":"https:\/\/api.w.org\/{rel}","templated":true}]}}