{"id":10934,"date":"2026-02-23T14:49:47","date_gmt":"2026-02-23T11:49:47","guid":{"rendered":"https:\/\/www.ucicmimarlik.com\/ic-mimarlik-sozlesmesi-yaparken-nelere-dikkat-edilmeli\/"},"modified":"2026-02-28T11:49:28","modified_gmt":"2026-02-28T08:49:28","slug":"ic-mimarlik-sozlesmesi-yaparken-nelere-dikkat-edilmeli","status":"publish","type":"post","link":"https:\/\/www.ucicmimarlik.com\/ar\/ic-mimarlik-sozlesmesi-yaparken-nelere-dikkat-edilmeli\/","title":{"rendered":"\u0130\u00e7 mimarl\u0131k s\u00f6zle\u015fmesi yaparken nelere dikkat edilmeli?"},"content":{"rendered":"<p>\u0130\u00e7 mekan tasar\u0131mlar\u0131n\u0131z\u0131n hayata ge\u00e7mesi i\u00e7in do\u011fru bir yol haritas\u0131 olu\u015fturmak, <strong>\u0130\u00e7 mimarl\u0131k s\u00f6zle\u015fmesi<\/strong> yaparken dikkat etmeniz gereken en \u00f6nemli ad\u0131mlardan biridir. Bu yaz\u0131da, etkili bir s\u00f6zle\u015fmenin temel unsurlar\u0131n\u0131 ke\u015ffedecek, s\u00f6zle\u015fme \u015fartlar\u0131n\u0131n nas\u0131l belirlenmesi gerekti\u011fine dair ipu\u00e7lar\u0131 edinecek ve olas\u0131 s\u00f6zle\u015fme ihlalleri ile bu t\u00fcr durumlarda izlenebilecek \u00e7\u00f6z\u00fcm yollar\u0131n\u0131 inceleyeceksiniz. Haz\u0131r m\u0131s\u0131n\u0131z? Hadi, i\u00e7 mimarl\u0131k s\u00fcre\u00e7lerinizi g\u00fc\u00e7lendirecek bilgileri birlikte ke\u015ffedelim!<\/p><h2 class=\"wp-block-heading\">\u0130\u00e7 Mimarl\u0131k S\u00f6zle\u015fmesinin Temel Unsurlar\u0131<\/h2><p>Bir projenin ba\u015far\u0131s\u0131, ba\u015flang\u0131\u00e7 a\u015famas\u0131nda sa\u011flam bir zemine oturtulmas\u0131na ba\u011fl\u0131d\u0131r. Bu noktada <strong>i\u00e7 mimarl\u0131k s\u00f6zle\u015fmesi<\/strong> \u00f6nemli bir rol oynar. \u0130lk olarak, s\u00f6zle\u015fmenin temel unsurlar\u0131n\u0131 belirlemek, her iki taraf\u0131n haklar\u0131n\u0131 ve sorumluluklar\u0131n\u0131 net bir \u015fekilde ortaya koyar.<\/p><p>S\u00f6zle\u015fmenin ilk unsuru, <strong>taraflar\u0131n kimlik bilgileridir<\/strong>. S\u00f6zle\u015fmede, i\u00e7 mimar ve m\u00fc\u015fteri olarak belirtilen ki\u015fi ya da kurulu\u015flar\u0131n tam adlar\u0131, adresleri ve ileti\u015fim bilgilerinin do\u011fru bir \u015fekilde yer almas\u0131 gerekmektedir. B\u00f6ylece gelecekteki ileti\u015fim s\u00fcre\u00e7leri daha kolay y\u00f6netilecektir.<\/p><p>Bir di\u011fer \u00f6nemli unsur, <strong>projenin kapsam\u0131<\/strong>d\u0131r. Bu b\u00f6l\u00fcmde, projenin ne t\u00fcr \u00e7al\u0131\u015fmalar\u0131 kapsad\u0131\u011f\u0131, hangi alanlarda i\u00e7 mimari hizmetlerin sunulaca\u011f\u0131 ayr\u0131nt\u0131l\u0131 olarak tan\u0131mlanmal\u0131d\u0131r. \u00d6rne\u011fin, mek\u00e2n tasar\u0131m\u0131, malzeme se\u00e7imi, renk paleti ve ayd\u0131nlatma tasar\u0131m\u0131 gibi unsurlar\u0131n hepsi bu a\u015famada a\u00e7\u0131k\u00e7a belirtilmelidir.<\/p><p>S\u00f6zle\u015fmede ayr\u0131ca, <strong>maliyet ve \u00f6deme ko\u015fullar\u0131<\/strong> da yer almal\u0131d\u0131r. Proje b\u00fct\u00e7esi, i\u00e7 mimar taraf\u0131ndan belirlenecek maliyet kalemleri ile birlikte detayland\u0131r\u0131lmal\u0131 ve \u00f6deme plan\u0131 net bir \u015fekilde ifade edilmelidir. Ayl\u0131k veya d\u00f6nemsel \u00f6deme gibi alternatifler de s\u00f6zle\u015fmede belirtilerek her iki taraf i\u00e7in \u015feffaf bir finansal plan olu\u015fturulmal\u0131d\u0131r.<\/p><p>Son olarak, <strong>zaman \u00e7izelgesi<\/strong> \u00f6nemlidir. Projenin ba\u015flang\u0131\u00e7 ve biti\u015f tarihleri, \u00f6nemli kilometre ta\u015flar\u0131 ile birlikte belirlenmelidir. B\u00f6ylece her iki taraf da projenin ilerleyi\u015fini takip edebilir ve olas\u0131 gecikmelerin \u00f6n\u00fcne ge\u00e7ebilir.<\/p><p>T\u00fcm bu unsurlar, iyi bir s\u00f6zle\u015fmenin temel ta\u015flar\u0131n\u0131 olu\u015fturur. Her iki taraf\u0131n da beklentilerinin ve sorumluluklar\u0131n\u0131n a\u00e7\u0131k\u00e7a belgelendi\u011fi bir s\u00f6zle\u015fme, olas\u0131 anla\u015fmazl\u0131klar\u0131n \u00f6n\u00fcne ge\u00e7mek ve projenin ba\u015far\u0131l\u0131 bir \u015fekilde tamamlanmas\u0131n\u0131 sa\u011flamak i\u00e7in \u00f6nemlidir.<\/p><figure class=\"wp-block-image\"><img decoding=\"async\" data-src=\"https:\/\/www.ucicmimarlik.com\/wp-content\/uploads\/2026\/02\/ic-mimarlik-sozlesmesi-yaparken-nelere-dikkat-edilmeli.png\" alt=\"\u0130\u00e7 mimarl\u0131k s\u00f6zle\u015fmesi\" title=\"\u0130\u00e7 mimarl\u0131k s\u00f6zle\u015fmesi\" src=\"data:image\/gif;base64,R0lGODlhAQABAAAAACH5BAEKAAEALAAAAAABAAEAAAICTAEAOw==\" class=\"lazyload\"><noscript><img decoding=\"async\" src=\"https:\/\/www.ucicmimarlik.com\/wp-content\/uploads\/2026\/02\/ic-mimarlik-sozlesmesi-yaparken-nelere-dikkat-edilmeli.png\" alt=\"\u0130\u00e7 mimarl\u0131k s\u00f6zle\u015fmesi\" title=\"\u0130\u00e7 mimarl\u0131k s\u00f6zle\u015fmesi\"><\/noscript><\/figure><h2 class=\"wp-block-heading\">S\u00f6zle\u015fme \u015eartlar\u0131n\u0131n Belirlenmesi<\/h2><p>\u0130\u00e7 mimarl\u0131k projelerinde <strong>i\u00e7 mimarl\u0131k s\u00f6zle\u015fmesi<\/strong> yapmak, s\u00fcrecin sa\u011fl\u0131kl\u0131 bir \u015fekilde ilerlemesini sa\u011flar. Ancak, bu s\u00f6zle\u015fmenin en kritik a\u015famalar\u0131ndan biri de s\u00f6zle\u015fme \u015fartlar\u0131n\u0131n belirlenmesidir. Bu \u015fartlar, kar\u015f\u0131l\u0131kl\u0131 hak ve sorumluluklar\u0131 net bir \u015fekilde ortaya koyarak, her iki taraf\u0131n g\u00fcvenini art\u0131r\u0131r.<\/p><p>\u00d6ncelikle, s\u00f6zle\u015fmenin kapsam\u0131 titizlikle tan\u0131mlanmal\u0131d\u0131r. Projenin ne t\u00fcr tasar\u0131m hizmetlerini kapsayaca\u011f\u0131, ba\u015flang\u0131\u00e7 ve biti\u015f tarihleri, teslimat s\u00fcreleri ve kullan\u0131lacak malzemelerin t\u00fcr\u00fc gibi unsurlar detayl\u0131 bir \u015fekilde belirtilmelidir. Bu ayr\u0131nt\u0131lar, projenin ilerleyi\u015fini etkileyen \u00f6nemli unsurlar oldu\u011fundan, eksik veya belirsiz b\u0131rak\u0131lmamal\u0131d\u0131r.<\/p><p>Ayr\u0131ca, proje b\u00fct\u00e7esi ve \u00f6deme ko\u015fullar\u0131 da s\u00f6zle\u015fmenin ayr\u0131lmaz bir par\u00e7as\u0131d\u0131r. \u00d6deme plan\u0131n\u0131n nas\u0131l olaca\u011f\u0131, pe\u015fin \u00f6deme, ara \u00f6demeler ve son \u00f6deme a\u015famalar\u0131 mutlaka a\u00e7\u0131klanmal\u0131d\u0131r. Bu a\u015fama, projenin finansal y\u00f6netimi a\u00e7\u0131s\u0131ndan olduk\u00e7a kritiktir. Taraflar, s\u00f6zle\u015fmede toplam maliyetin yan\u0131 s\u0131ra, olas\u0131 ek maliyetler ve bunlar\u0131n nas\u0131l \u00fcstlenilece\u011fi konusunda da anla\u015f\u0131rlarsa, gelecekte ortaya \u00e7\u0131kabilecek anla\u015fmazl\u0131klar\u0131n \u00f6n\u00fcne ge\u00e7mi\u015f olurlar.<\/p><p>S\u00f6zle\u015fme \u015fartlar\u0131n\u0131n belirlenmesinde bir di\u011fer \u00f6nemli madde de, de\u011fi\u015fiklik ve iptalle ilgili durumlar\u0131n ele al\u0131nmas\u0131d\u0131r. Proje ilerledik\u00e7e ortaya \u00e7\u0131kabilecek istek de\u011fi\u015fiklikleri veya iptaller, taraflar aras\u0131nda belirsizlik yaratabilir. Bu nedenle, taraflar\u0131n nas\u0131l bir yol izleyece\u011fi, hangi ko\u015fullar alt\u0131nda de\u011fi\u015fikliklerin olabilece\u011fi, cayma haklar\u0131 ve iptal prosed\u00fcrleri gibi konular a\u00e7\u0131k\u00e7a d\u00fczenlenmelidir. Bu sayede, hem i\u00e7 mimar\u0131n hem de m\u00fc\u015fteri taraf\u0131n\u0131n haklar\u0131 korunmu\u015f olur.<\/p><p>Sonu\u00e7 olarak, <strong>i\u00e7 mimarl\u0131k s\u00f6zle\u015fmesi<\/strong> haz\u0131rlan\u0131rken \u015fartlar\u0131n belirlenmesi, iyi bir ba\u015flang\u0131\u00e7 i\u00e7in kritik \u00f6neme sahiptir. T\u00fcm bu unsurlar, taraflar\u0131n beklentilerini kar\u015f\u0131layacak ve projenin ba\u015far\u0131l\u0131 bir \u015fekilde tamamlanmas\u0131na katk\u0131da bulunacakt\u0131r.<\/p><h2 class=\"wp-block-heading\">S\u00f6zle\u015fme \u0130hlalleri ve \u00c7\u00f6z\u00fcm Yollar\u0131<\/h2><p>\u0130\u00e7 mimarl\u0131k projelerinde bir <strong>\u0130\u00e7 mimarl\u0131k s\u00f6zle\u015fmesi<\/strong> yap\u0131ld\u0131\u011f\u0131nda, taraflar aras\u0131nda belirli bir taahh\u00fct ve bekleyi\u015f olu\u015fur. Ancak, zaman zaman bu s\u00f6zle\u015fmenin \u015fartlar\u0131n\u0131n ihlali durumuyla kar\u015f\u0131la\u015f\u0131labilir. Bu t\u00fcr ihlaller, projelerin gidi\u015fat\u0131n\u0131 olumsuz y\u00f6nde etkileyebilir. \u0130\u015fte bu noktada, s\u00f6zle\u015fme ihlallerinin neler olabilece\u011fi ve \u00e7\u00f6z\u00fcm yollar\u0131 hakk\u0131nda bilgi sahibi olmak kritik \u00f6nem ta\u015f\u0131r.<\/p><p>\u00d6ncelikle, s\u00f6zle\u015fme ihlalleri genellikle iki ana grupta toplanabilir: <em>maddi ihlaller<\/em> ve <em>manevi ihlaller<\/em>. Maddi ihlaller, projenin zaman\u0131nda tamamlanmamas\u0131 ya da anla\u015f\u0131lan b\u00fct\u00e7enin a\u015f\u0131lmas\u0131 gibi durumlar\u0131 i\u00e7erirken; manevi ihlaller, kalite standartlar\u0131n\u0131n yerine getirilmemesi veya taraflardan birinin proje s\u00fcrecinde yeterince ileti\u015fim kurmamas\u0131 gibi sorunlar\u0131 ifade eder. Bu ihlaller, projenin ba\u015far\u0131s\u0131n\u0131 tehdit ederken, taraflar aras\u0131nda da g\u00fcvensizlik yaratabilir.<\/p><p>E\u011fer bir ihlal durumu ile kar\u015f\u0131la\u015f\u0131lm\u0131\u015fsa, ilk ad\u0131m olarak s\u00f6zle\u015fmede belirtilen anla\u015fmazl\u0131k \u00e7\u00f6z\u00fcm y\u00f6ntemlerini incelemek \u00f6nemlidir. Genellikle, s\u00f6zle\u015fmede yer alan <em>arabuluculuk<\/em> veya <em>tahkim<\/em> gibi resmi s\u00fcre\u00e7ler, taraflar\u0131n sorunlar\u0131n\u0131 daha h\u0131zl\u0131 bir \u015fekilde \u00e7\u00f6zmelerine yard\u0131mc\u0131 olabilir. Ayr\u0131ca, taraflar aras\u0131nda bir uzla\u015fma sa\u011flanmas\u0131 gerekti\u011finde, projeye ili\u015fkin belgelerin detayl\u0131 bir \u015fekilde g\u00f6zden ge\u00e7irilmesi ve a\u00e7\u0131k ileti\u015fim kurulmas\u0131 faydal\u0131d\u0131r. Bu durumda, gerekirse uzman bir i\u00e7 mimar veya avukattan da destek almak, \u00e7\u00f6z\u00fcm s\u00fcrecini kolayla\u015ft\u0131rabilir.<\/p><p>Ayr\u0131ca, s\u00f6zle\u015fme ihlalleri s\u0131ras\u0131nda dikkat edilmesi gereken bir di\u011fer \u00f6nemli nokta ise belgelendirme ve kay\u0131t tutmad\u0131r. \u0130hlal durumlar\u0131yla ilgili t\u00fcm ileti\u015fimler, belgeler ve belgelerin tarihleri do\u011fru bir \u015fekilde kaydedilmelidir. B\u00f6ylece ileride hukuki s\u00fcre\u00e7lerde ya da m\u00fczakerelerde g\u00fc\u00e7l\u00fc bir konum elde etmek m\u00fcmk\u00fcn olur. Bu nedenle, <strong><a href=\"https:\/\/www.tuncsuditol.av.tr\/ic-mimarlik-hizmet-sozlesmesi\/\" target=\"_blank\" rel=\"noopener\">\u0130\u00e7 mimarl\u0131k<\/a> s\u00f6zle\u015fmesi<\/strong> yaparken, olas\u0131 ihlallere kar\u015f\u0131 bu t\u00fcr \u00f6nlemleri almak, hem projeyi koruyacak hem de taraflar\u0131n haklar\u0131n\u0131 g\u00fcvence alt\u0131na alacakt\u0131r.<\/p><h2 class=\"wp-block-heading\">S\u0131k\u00e7a Sorulan Sorular<\/h2><h3 class=\"wp-block-heading\">\u0130\u00e7 mimarl\u0131k s\u00f6zle\u015fmesinde hangi maddeler yer almal\u0131d\u0131r?<\/h3><p>\u0130\u00e7 mimarl\u0131k s\u00f6zle\u015fmesinde dikkat edilmesi gereken temel maddeler aras\u0131nda taraflar\u0131n kimlik bilgileri, proje tan\u0131m\u0131, i\u015f teslim s\u00fcresi, toplam maliyet ve \u00f6deme ko\u015fullar\u0131, proje kapsam\u0131 ve ek hizmetler, gizlilik \u015fartlar\u0131, anla\u015fmazl\u0131k durumlar\u0131na dair \u00e7\u00f6z\u00fcm yollar\u0131 ve s\u00f6zle\u015fme sona erme durumlar\u0131 yer almal\u0131d\u0131r. Bu maddelerin her birinin net bir \u015fekilde tan\u0131mlanmas\u0131, ileride \u00e7\u0131kabilecek uyu\u015fmazl\u0131klar\u0131 \u00f6nleyecektir.<\/p><h3 class=\"wp-block-heading\">S\u00f6zle\u015fme imzalamadan \u00f6nce nelere dikkat etmeliyim?<\/h3><p>S\u00f6zle\u015fme imzalamadan \u00f6nce, s\u00f6zle\u015fmede yer alan t\u00fcm maddeleri dikkatlice okumal\u0131 ve anlamaya \u00e7al\u0131\u015fmal\u0131s\u0131n\u0131z. Proje ile ilgili beklentilerinizi net \u015fekilde ifade etti\u011finizden emin olun. Gerekirse i\u00e7 mimar ile g\u00f6r\u00fc\u015ferek t\u00fcm detaylar\u0131 ana hatlar\u0131yla tart\u0131\u015fmak, ilerisi i\u00e7in hayal k\u0131r\u0131kl\u0131klar\u0131n\u0131n \u00f6n\u00fcne ge\u00e7ecektir. Ayr\u0131ca tasar\u0131mc\u0131n\u0131n \u00f6nceki projelerini incelemek ve referanslar\u0131n\u0131 kontrol etmek de faydal\u0131 olacakt\u0131r.<\/p><h3 class=\"wp-block-heading\">\u0130\u00e7 mimarl\u0131k s\u00f6zle\u015fmesinde de\u011fi\u015fiklik yapabilir miyim?<\/h3><p>Evet, i\u00e7 mimarl\u0131k s\u00f6zle\u015fmesinde de\u011fi\u015fiklik yapman\u0131z m\u00fcmk\u00fcnd\u00fcr. Ancak herhangi bir de\u011fi\u015fiklik \u00f6nerdi\u011finizde bunu yaz\u0131l\u0131 olarak yapman\u0131z ve her iki taraf\u0131n da onay\u0131n\u0131 alman\u0131z gerekmektedir. De\u011fi\u015fiklikler, s\u00f6zle\u015fmenin eklerinde veya d\u00fczenlemelerle belirtilmeli ve her iki taraf\u0131n imzas\u0131 al\u0131nmal\u0131d\u0131r. Bu yolla, ileride olu\u015fabilecek kar\u0131\u015f\u0131kl\u0131klar\u0131n ve anla\u015fmazl\u0131klar\u0131n \u00f6n\u00fcne ge\u00e7ilmi\u015f olur.<\/p><script type=\"application\/ld+json\">{\"@context\":\"https:\/\/schema.org\",\"@type\":\"FAQPage\",\"mainEntity\":[{\"@type\":\"Question\",\"name\":\"\u0130\u00e7 mimarl\u0131k s\u00f6zle\u015fmesinde hangi maddeler yer almal\u0131d\u0131r?\",\"acceptedAnswer\":{\"@type\":\"Answer\",\"text\":\"\u0130\u00e7 mimarl\u0131k s\u00f6zle\u015fmesinde dikkat edilmesi gereken temel maddeler aras\u0131nda taraflar\u0131n kimlik bilgileri, proje tan\u0131m\u0131, i\u015f teslim s\u00fcresi, toplam maliyet ve \u00f6deme ko\u015fullar\u0131, proje kapsam\u0131 ve ek hizmetler, gizlilik \u015fartlar\u0131, anla\u015fmazl\u0131k durumlar\u0131na dair \u00e7\u00f6z\u00fcm yollar\u0131 ve s\u00f6zle\u015fme sona erme durumlar\u0131 yer almal\u0131d\u0131r. Bu maddelerin her birinin net bir \u015fekilde tan\u0131mlanmas\u0131, ileride \u00e7\u0131kabilecek uyu\u015fmazl\u0131klar\u0131 \u00f6nleyecektir.\"}},{\"@type\":\"Question\",\"name\":\"S\u00f6zle\u015fme imzalamadan \u00f6nce nelere dikkat etmeliyim?\",\"acceptedAnswer\":{\"@type\":\"Answer\",\"text\":\"S\u00f6zle\u015fme imzalamadan \u00f6nce, s\u00f6zle\u015fmede yer alan t\u00fcm maddeleri dikkatlice okumal\u0131 ve anlamaya \u00e7al\u0131\u015fmal\u0131s\u0131n\u0131z. Proje ile ilgili beklentilerinizi net \u015fekilde ifade etti\u011finizden emin olun. Gerekirse i\u00e7 mimar ile g\u00f6r\u00fc\u015ferek t\u00fcm detaylar\u0131 ana hatlar\u0131yla tart\u0131\u015fmak, ilerisi i\u00e7in hayal k\u0131r\u0131kl\u0131klar\u0131n\u0131n \u00f6n\u00fcne ge\u00e7ecektir. Ayr\u0131ca tasar\u0131mc\u0131n\u0131n \u00f6nceki projelerini incelemek ve referanslar\u0131n\u0131 kontrol etmek de faydal\u0131 olacakt\u0131r.\"}},{\"@type\":\"Question\",\"name\":\"\u0130\u00e7 mimarl\u0131k s\u00f6zle\u015fmesinde de\u011fi\u015fiklik yapabilir miyim?\",\"acceptedAnswer\":{\"@type\":\"Answer\",\"text\":\"Evet, i\u00e7 mimarl\u0131k s\u00f6zle\u015fmesinde de\u011fi\u015fiklik yapman\u0131z m\u00fcmk\u00fcnd\u00fcr. Ancak herhangi bir de\u011fi\u015fiklik \u00f6nerdi\u011finizde bunu yaz\u0131l\u0131 olarak yapman\u0131z ve her iki taraf\u0131n da onay\u0131n\u0131 alman\u0131z gerekmektedir. De\u011fi\u015fiklikler, s\u00f6zle\u015fmenin eklerinde veya d\u00fczenlemelerle belirtilmeli ve her iki taraf\u0131n imzas\u0131 al\u0131nmal\u0131d\u0131r. Bu yolla, ileride olu\u015fabilecek kar\u0131\u015f\u0131kl\u0131klar\u0131n ve anla\u015fmazl\u0131klar\u0131n \u00f6n\u00fcne ge\u00e7ilmi\u015f olur.\"}}]}<\/script>","protected":false},"excerpt":{"rendered":"<p>\u0130\u00e7 mekan tasar\u0131mlar\u0131n\u0131z\u0131n hayata ge\u00e7mesi i\u00e7in do\u011fru bir yol haritas\u0131 olu\u015fturmak, \u0130\u00e7 mimarl\u0131k s\u00f6zle\u015fmesi yaparken dikkat etmeniz gereken en \u00f6nemli<\/p>\n","protected":false},"author":5,"featured_media":0,"comment_status":"closed","ping_status":"closed","sticky":false,"template":"","format":"standard","meta":[],"categories":[1],"tags":[],"aioseo_notices":[],"_links":{"self":[{"href":"https:\/\/www.ucicmimarlik.com\/ar\/wp-json\/wp\/v2\/posts\/10934"}],"collection":[{"href":"https:\/\/www.ucicmimarlik.com\/ar\/wp-json\/wp\/v2\/posts"}],"about":[{"href":"https:\/\/www.ucicmimarlik.com\/ar\/wp-json\/wp\/v2\/types\/post"}],"author":[{"embeddable":true,"href":"https:\/\/www.ucicmimarlik.com\/ar\/wp-json\/wp\/v2\/users\/5"}],"replies":[{"embeddable":true,"href":"https:\/\/www.ucicmimarlik.com\/ar\/wp-json\/wp\/v2\/comments?post=10934"}],"version-history":[{"count":2,"href":"https:\/\/www.ucicmimarlik.com\/ar\/wp-json\/wp\/v2\/posts\/10934\/revisions"}],"predecessor-version":[{"id":11330,"href":"https:\/\/www.ucicmimarlik.com\/ar\/wp-json\/wp\/v2\/posts\/10934\/revisions\/11330"}],"wp:attachment":[{"href":"https:\/\/www.ucicmimarlik.com\/ar\/wp-json\/wp\/v2\/media?parent=10934"}],"wp:term":[{"taxonomy":"category","embeddable":true,"href":"https:\/\/www.ucicmimarlik.com\/ar\/wp-json\/wp\/v2\/categories?post=10934"},{"taxonomy":"post_tag","embeddable":true,"href":"https:\/\/www.ucicmimarlik.com\/ar\/wp-json\/wp\/v2\/tags?post=10934"}],"curies":[{"name":"wp","href":"https:\/\/api.w.org\/{rel}","templated":true}]}}